{"id":7871,"date":"2026-04-27T13:12:22","date_gmt":"2026-04-27T13:12:22","guid":{"rendered":"https:\/\/www.rozalia-zagnansk.pl\/?p=7871"},"modified":"2026-04-27T13:12:22","modified_gmt":"2026-04-27T13:12:22","slug":"intencje-mszalne-2","status":"publish","type":"post","link":"https:\/\/www.rozalia-zagnansk.pl\/?p=7871","title":{"rendered":"Intencje mszalne"},"content":{"rendered":"<p style=\"text-align: center;\"><strong>INTENCJE MSZY \u015aW. 27\/04 &#8211; 03\/05\/2026<\/strong><\/p>\n<p>&nbsp;<\/p>\n<p style=\"text-align: center;\"><strong>27\/04\/2026 Poniedzia\u0142ek<\/strong><\/p>\n<p style=\"text-align: center;\"><strong>17:00<\/strong> \u00a0 + Zofii Papros &#8211; greg.<\/p>\n<p style=\"text-align: center;\"><strong>28\/04\/2026 Wtorek<\/strong><\/p>\n<p style=\"text-align: center;\"><strong>17:00<\/strong><\/p>\n<ol style=\"text-align: center;\">\n<li>+ Zofii Papros &#8211; greg.<\/li>\n<\/ol>\n<ol style=\"text-align: center;\" start=\"2\">\n<li>Wolna<\/li>\n<\/ol>\n<p style=\"text-align: center;\"><strong>29\/04\/2026 \u015aroda<\/strong><\/p>\n<p style=\"text-align: center;\"><strong>17:00<\/strong><\/p>\n<ol style=\"text-align: center;\">\n<li>W int. Parafian o Bo\u017ce b\u0142og. \u0142ask\u0119 wiary i opiek\u0119 M.B.N.P.<\/li>\n<\/ol>\n<p style=\"text-align: center;\">O Bo\u017ce b\u0142og. opiek\u0119 M.B.N.P. dla rodzin ze \u015aci\u0119gien, kt\u00f3re podj\u0119\u0142y trosk\u0119 o ko\u015bci\u00f3\u0142.<\/p>\n<p style=\"text-align: center;\">O \u015bwiat\u0142o Ducha \u015aw. opiek\u0119 Matki Naj. dla Micha\u0142a z racji ur.<\/p>\n<p style=\"text-align: center;\">O Bo\u017ce b\u0142og. dary Ducha \u015aw. i dar zdrowia dla Andrzeja i Henryka.<\/p>\n<ol style=\"text-align: center;\" start=\"2\">\n<li>+ Zofii Papros &#8211; greg.<\/li>\n<\/ol>\n<p style=\"text-align: center;\">\u00a0\u00a0\u00a0 + Andrzeja Haba w 30 r. \u015bm. \u2013 int. rodz. Haba, Korus, Karcz.<\/p>\n<p style=\"text-align: center;\">\u00a0\u00a0\u00a0 + Leszka Marii Marianny J\u00f3zefa Salwa, W\u0142adys\u0142awy J\u00f3zefa D\u0105browskich.<\/p>\n<p style=\"text-align: center;\">\u00a0\u00a0\u00a0 + El\u017cbiety Duc \u2013 int. rodz.<\/p>\n<p style=\"text-align: center;\">\u00a0\u00a0\u00a0 + Krystyny Marka Wawrze\u0144czyk.<\/p>\n<p style=\"text-align: center;\">\u00a0\u00a0\u00a0 + Mariana Kope\u0107 \u2013 int. \u017cony i c\u00f3rki.<\/p>\n<p style=\"text-align: center;\">\u00a0\u00a0\u00a0 + Bo\u017ceny \u017bo\u0142\u0105dek \u2013 int. siostry Danuty z rodz.<\/p>\n<p style=\"text-align: center;\">\u00a0\u00a0\u00a0 + Janiny Pycia \u2013 int. rodz. Zagni\u0144skich<\/p>\n<p style=\"text-align: center;\">\u00a0\u00a0\u00a0 + Joanny D\u0105browskiej \u2013 int. Justyny i Artura Mazur.<\/p>\n<p style=\"text-align: center;\">\u00a0\u00a0\u00a0 + Zygmunta Marcisz \u2013 int. kolegi Ry\u015bka z rodz.<\/p>\n<p style=\"text-align: center;\">\u00a0\u00a0\u00a0 + Krzysztofa Ch\u0142opek \u2013 int. siostry Haliny z rodz.<\/p>\n<p style=\"text-align: center;\">\u00a0\u00a0\u00a0 + Stanis\u0142awa Jo\u0144czyk \u2013 int. s\u0105siad\u00f3w z Lekomina.<\/p>\n<p style=\"text-align: center;\">\u00a0\u00a0\u00a0 + Marianny Piwowar \u2013 int. Ryszarda Ma\u0142gorzaty Piwowar.<\/p>\n<p style=\"text-align: center;\">\u00a0\u00a0\u00a0 + Romana D\u0105browskiego \u2013 int. kuzyna Stanis\u0142awa z rodz.<\/p>\n<p style=\"text-align: center;\">\u00a0\u00a0\u00a0 + Jana S\u0119k \u2013 int. rodz. \u0141agowskich.<\/p>\n<p style=\"text-align: center;\">\u00a0\u00a0\u00a0 + Macieja Zieli\u0144skiego \u2013 int. c\u00f3rki Magdaleny z rodz.<\/p>\n<p style=\"text-align: center;\">\u00a0\u00a0\u00a0 + Jana Kazimiery Adamiec, Ma\u0142gorzaty \u015amietana.<\/p>\n<p style=\"text-align: center;\">\u00a0\u00a0\u00a0 + Danuty Tkacz \u2013 int. syna Marcina z rodz.<\/p>\n<p style=\"text-align: center;\"><strong>30\/04\/2026 Czwartek<\/strong><\/p>\n<p style=\"text-align: center;\"><strong>08:00\u00a0\u00a0 <\/strong>+ Zofii Papros \u2013 greg.<\/p>\n<p style=\"text-align: center;\"><strong>17.00 <\/strong>\u00a0 O Bo\u017ce b\u0142og. moc Ducha \u015aw. opiek\u0119 Matki Naj. dla Teodora w 2 rocz. ur. \u2013 int.<\/p>\n<p style=\"text-align: center;\">Rodzic\u00f3w i Rodze\u0144stwa.<\/p>\n<p style=\"text-align: center;\"><strong>01\/05\/2026 Pi\u0105tek<\/strong><\/p>\n<p style=\"text-align: center;\"><strong>08.00\u00a0\u00a0 <\/strong>+ Zofii Papros \u2013 greg.<\/p>\n<p style=\"text-align: center;\"><strong>18.00\u00a0\u00a0 1.<\/strong> O Bo\u017ce b\u0142og. \u0142ask\u0119 wiary, moc Ducha \u015aw. opiek\u0119 Matki Naj. dla Anny i Sylwestra<\/p>\n<p style=\"text-align: center;\">\u00a0\u00a0\u00a0 Kurzempa w 39 rocz. \u015blubu. \u2013 int. dzieci i wnuk\u00f3w.<\/p>\n<ol style=\"text-align: center;\" start=\"2\">\n<li>+ Anny Kiec \u2013 greg.<\/li>\n<\/ol>\n<p style=\"text-align: center;\"><strong>02\/05\/2026 Sobota<\/strong><\/p>\n<p style=\"text-align: center;\"><strong>08:00<\/strong>\u00a0\u00a0 W int. M\u0119skiego \u017bywego R\u00f3\u017ca\u0144cao wierno\u015b\u0107 osobistym zobowi\u0105zaniom,<\/p>\n<p style=\"text-align: center;\">\u00a0wytrwa\u0142o\u015b\u0107 na drodze wiary i odwag\u0119 \u017cycia S\u0142owem Bo\u017cym..<\/p>\n<p style=\"text-align: center;\"><strong>12.00<\/strong> + Anny Kiec &#8211; greg<\/p>\n<p style=\"text-align: center;\"><strong>03\/05\/2026\u00a0\u00a0 V Niedziela Wielkanocna<\/strong><\/p>\n<p style=\"text-align: center;\"><strong>08:00<\/strong>\u00a0\u00a0 + Ireny Mariana Chutnik, Stanis\u0142awy Micha\u0142a Ewy Jana Skrucha.<\/p>\n<p style=\"text-align: center;\"><strong>10:00<\/strong>\u00a0\u00a0 + Anny Kiec \u2013 greg.<\/p>\n<p style=\"text-align: center;\"><strong>12:00<\/strong>\u00a0\u00a0 <strong>1.<\/strong> W int. Druh\u00f3w Stra\u017cak\u00f3w OSP Zagna\u0144sk Chrusty o Bo\u017ce b\u0142ogos\u0142awie\u0144stwo<\/p>\n<p style=\"text-align: center;\">\u00a0\u00a0\u00a0\u00a0\u00a0\u00a0\u00a0\u00a0\u00a0\u00a0\u00a0\u00a0\u00a0\u00a0\u00a0 zachowanie w wierno\u015bci s\u0142u\u017cby spo\u0142ecznej, \u017cyczliwo\u015b\u0107 w\u0142adz i mieszka\u0144c\u00f3w za<\/p>\n<p style=\"text-align: center;\">\u00a0\u00a0\u00a0\u00a0\u00a0\u00a0\u00a0\u00a0\u00a0\u00a0\u00a0\u00a0\u00a0\u00a0\u00a0 wstawiennictwem \u015bw. Floriana.<\/p>\n<ol style=\"text-align: center;\" start=\"2\">\n<li>+ Marianny Bogus\u0142awy Tadeusza, zm. z rodz. Ch\u0142opk\u00f3w i Porzuck\u00f3w.<\/li>\n<\/ol>\n<p style=\"text-align: center;\"><strong>16:00\u00a0\u00a0 <\/strong>+ Stanis\u0142awy W\u0142adys\u0142awa Czes\u0142awa Wrona.<\/p>\n ","protected":false},"excerpt":{"rendered":"<p>INTENCJE MSZY \u015aW. 27\/04 &#8211; 03\/05\/2026 &nbsp; 27\/04\/2026 Poniedzia\u0142ek 17:00 \u00a0 + Zofii Papros &#8211; greg. 28\/04\/2026 Wtorek 17:00 + Zofii Papros [&hellip;]<\/p>\n","protected":false},"author":1,"featured_media":0,"comment_status":"closed","ping_status":"open","sticky":false,"template":"","format":"standard","meta":{"_acf_changed":false,"jetpack_post_was_ever_published":false,"_jetpack_newsletter_access":"","_jetpack_dont_email_post_to_subs":false,"_jetpack_newsletter_tier_id":0,"_jetpack_memberships_contains_paywalled_content":false,"_jetpack_memberships_contains_paid_content":false,"footnotes":"","jetpack_publicize_message":"","jetpack_publicize_feature_enabled":true,"jetpack_social_post_already_shared":true,"jetpack_social_options":{"image_generator_settings":{"template":"highway","enabled":false},"version":2}},"categories":[8],"tags":[],"class_list":["post-7871","post","type-post","status-publish","format-standard","hentry","category-intencje"],"jetpack_publicize_connections":[],"acf":[],"jetpack_featured_media_url":"","jetpack_sharing_enabled":true,"jetpack_shortlink":"https:\/\/wp.me\/paz7cl-22X","_links":{"self":[{"href":"https:\/\/www.rozalia-zagnansk.pl\/index.php?rest_route=\/wp\/v2\/posts\/7871","targetHints":{"allow":["GET"]}}],"collection":[{"href":"https:\/\/www.rozalia-zagnansk.pl\/index.php?rest_route=\/wp\/v2\/posts"}],"about":[{"href":"https:\/\/www.rozalia-zagnansk.pl\/index.php?rest_route=\/wp\/v2\/types\/post"}],"author":[{"embeddable":true,"href":"https:\/\/www.rozalia-zagnansk.pl\/index.php?rest_route=\/wp\/v2\/users\/1"}],"replies":[{"embeddable":true,"href":"https:\/\/www.rozalia-zagnansk.pl\/index.php?rest_route=%2Fwp%2Fv2%2Fcomments&post=7871"}],"version-history":[{"count":1,"href":"https:\/\/www.rozalia-zagnansk.pl\/index.php?rest_route=\/wp\/v2\/posts\/7871\/revisions"}],"predecessor-version":[{"id":7874,"href":"https:\/\/www.rozalia-zagnansk.pl\/index.php?rest_route=\/wp\/v2\/posts\/7871\/revisions\/7874"}],"wp:attachment":[{"href":"https:\/\/www.rozalia-zagnansk.pl\/index.php?rest_route=%2Fwp%2Fv2%2Fmedia&parent=7871"}],"wp:term":[{"taxonomy":"category","embeddable":true,"href":"https:\/\/www.rozalia-zagnansk.pl\/index.php?rest_route=%2Fwp%2Fv2%2Fcategories&post=7871"},{"taxonomy":"post_tag","embeddable":true,"href":"https:\/\/www.rozalia-zagnansk.pl\/index.php?rest_route=%2Fwp%2Fv2%2Ftags&post=7871"}],"curies":[{"name":"wp","href":"https:\/\/api.w.org\/{rel}","templated":true}]}}