{"id":7837,"date":"2026-04-05T22:22:18","date_gmt":"2026-04-05T22:22:18","guid":{"rendered":"https:\/\/www.rozalia-zagnansk.pl\/?p=7837"},"modified":"2026-04-05T22:22:18","modified_gmt":"2026-04-05T22:22:18","slug":"roza-rozancowa-kwiecien-3","status":"publish","type":"post","link":"https:\/\/www.rozalia-zagnansk.pl\/?p=7837","title":{"rendered":"R\u00f3\u017ca R\u00f3\u017ca\u0144cowa \u2013 Kwiecie\u0144"},"content":{"rendered":"<p><a href=\"http:\/\/www.rozalia-zagnansk.pl\/wp-content\/uploads\/2024\/08\/zr-logo.png\"><img fetchpriority=\"high\" decoding=\"async\" class=\"size-large wp-image-6469 aligncenter\" src=\"http:\/\/www.rozalia-zagnansk.pl\/wp-content\/uploads\/2024\/08\/zr-logo-1024x89.png\" alt=\"\" width=\"1024\" height=\"89\" srcset=\"https:\/\/www.rozalia-zagnansk.pl\/wp-content\/uploads\/2024\/08\/zr-logo-1024x89.png 1024w, https:\/\/www.rozalia-zagnansk.pl\/wp-content\/uploads\/2024\/08\/zr-logo-300x26.png 300w, https:\/\/www.rozalia-zagnansk.pl\/wp-content\/uploads\/2024\/08\/zr-logo-768x67.png 768w, https:\/\/www.rozalia-zagnansk.pl\/wp-content\/uploads\/2024\/08\/zr-logo-1536x133.png 1536w, https:\/\/www.rozalia-zagnansk.pl\/wp-content\/uploads\/2024\/08\/zr-logo-2048x177.png 2048w, https:\/\/www.rozalia-zagnansk.pl\/wp-content\/uploads\/2024\/08\/zr-logo-1000x87.png 1000w, https:\/\/www.rozalia-zagnansk.pl\/wp-content\/uploads\/2024\/08\/zr-logo-230x20.png 230w, https:\/\/www.rozalia-zagnansk.pl\/wp-content\/uploads\/2024\/08\/zr-logo-350x30.png 350w, https:\/\/www.rozalia-zagnansk.pl\/wp-content\/uploads\/2024\/08\/zr-logo-480x42.png 480w\" sizes=\"(max-width: 1024px) 100vw, 1024px\" \/><\/a><\/p>\n<h2 style=\"text-align: center;\"><strong>Kwiecie\u0144 2026 r.<\/strong><\/h2>\n<p><a href=\"http:\/\/www.rozalia-zagnansk.pl\/wp-content\/uploads\/2025\/02\/header_mzr_2025v2.png\"><img decoding=\"async\" class=\"size-full wp-image-6938 aligncenter\" src=\"http:\/\/www.rozalia-zagnansk.pl\/wp-content\/uploads\/2025\/02\/header_mzr_2025v2.png\" alt=\"\" width=\"690\" height=\"146\" srcset=\"https:\/\/www.rozalia-zagnansk.pl\/wp-content\/uploads\/2025\/02\/header_mzr_2025v2.png 690w, https:\/\/www.rozalia-zagnansk.pl\/wp-content\/uploads\/2025\/02\/header_mzr_2025v2-300x63.png 300w, https:\/\/www.rozalia-zagnansk.pl\/wp-content\/uploads\/2025\/02\/header_mzr_2025v2-230x49.png 230w, https:\/\/www.rozalia-zagnansk.pl\/wp-content\/uploads\/2025\/02\/header_mzr_2025v2-350x74.png 350w, https:\/\/www.rozalia-zagnansk.pl\/wp-content\/uploads\/2025\/02\/header_mzr_2025v2-480x102.png 480w\" sizes=\"(max-width: 690px) 100vw, 690px\" \/><\/a><\/p>\n<p>&nbsp;<\/p>\n<p style=\"text-align: center;\"><span style=\"color: #4472c4;\"><strong><em>By Maryja by\u0142a bardziej znana i mi\u0142owana;<br \/>\n<\/em><\/strong><\/span><span style=\"color: #4472c4;\"><strong><em>by Jej Wezwania z Fatimy pozna\u0142 i wype\u0142nia\u0142 \u015bwiat<\/em><\/strong><strong>.<\/strong><\/span><\/p>\n<hr \/>\n<p><strong style=\"background-color: #ffff00;\">W tradycji katolickiej kwiecie\u0144 jest miesi\u0105cem szczeg\u00f3lnie po\u015bwi\u0119conym Zmartwychwstaniu Pa\u0144skiemu oraz Eucharystii. Ko\u015bci\u00f3\u0142 katolicki koncentruje si\u0119 na najwa\u017cniejszych wydarzeniach roku liturgicznego \u2013 Triduum Paschalnym oraz Wielkanocy, kt\u00f3re upami\u0119tniaj\u0105 m\u0119k\u0119, \u015bmier\u0107 i zmartwychwstanie Jezusa Chrystusa.<\/strong><\/p>\n<p><em><span style=\"text-decoration: underline; background-color: #00ffff;\"><strong>Papieska Intencja<\/strong><\/span><\/em><\/p>\n<p><span style=\"color: #ff0000;\"><strong>Za kap\u0142an\u00f3w w kryzysie<\/strong><\/span><\/p>\n<p><strong>M\u00f3dlmy si\u0119 za kap\u0142an\u00f3w prze\u017cywaj\u0105cych kryzys powo\u0142ania, aby do\u015bwiadczyli wspieraj\u0105cej obecno\u015bci, zrozumienia i modlitwy wsp\u00f3lnoty.<\/strong><\/p>\n<p><strong><em><u><span style=\"background-color: #00ffff;\">Intencje parafialne (sta\u0142e)<\/span> m\u00f3dlmy si\u0119:<\/u><\/em><\/strong><\/p>\n<ul>\n<li><strong><em><u>za kap\u0142an\u00f3w<\/u><\/em><\/strong><em> oraz o nowe i \u015bwi\u0119te <strong><u>powo\u0142ania kap\u0142a\u0144skie, misyjne i zakonne<\/u><\/strong><\/em><em>,<\/em><\/li>\n<li><em>o dobre prze\u017cycie i obfite owoce <strong><u>jubileuszu 200-lecia powstania \u017bywego R\u00f3\u017ca\u0144ca<\/u><\/strong>,<\/em><\/li>\n<li><strong><em><u>za narody udr\u0119czone wojnami na ca\u0142ym \u015bwiecie<\/u><\/em><\/strong><em>, aby zazna\u0142y sprawiedliwego pokoju<strong>,<\/strong><\/em><\/li>\n<li><strong><em><u>za Papie\u017ca<\/u><\/em><\/strong><em><u>,<\/u><\/em><em> o si\u0142y i potrzebne \u0142aski do pe\u0142nienia misji, za jego nauczanie i kierowanie Ko\u015bcio\u0142em oraz o jego zdrowie,\u00a0<\/em><\/li>\n<li><strong><em><u>za chorych, <\/u><\/em><\/strong><em>o \u0142ask\u0119 wiary, ulg\u0119 w cierpieniu, si\u0142\u0119 do znoszenia choroby i opiek\u0119 Bo\u017c\u0105, o powr\u00f3t do zdrowia.\u00a0<\/em><\/li>\n<li><strong><em><u>za rodziny,<\/u><\/em><\/strong> <em>o trwa\u0142o\u015b\u0107 ma\u0142\u017ce\u0144stw, wzajemn\u0105 mi\u0142o\u015b\u0107 i otwarto\u015b\u0107 na nowe \u017cycie, o pok\u00f3j w rodzinach i o wsparcie dla tych rodzin, kt\u00f3re prze\u017cywaj\u0105 trudno\u015bci,<\/em><\/li>\n<li><strong><em><u>za dzieci i m\u0142odzie\u017c<\/u><\/em><\/strong><em><u>,<\/u><\/em><em> o \u015bwiadectwo wiary dom\u00f3w rodzinnych i odwag\u0119 wybierania Jezusa za swojego Pana<strong>,<\/strong><\/em><\/li>\n<li><em>o owocne przygotowanie si\u0119 do jubileuszu <strong><u>350-lecia konsekracji naszego Ko\u015bcio\u0142a,<\/u><\/strong><\/em><\/li>\n<li><em>o rozw\u00f3j duchowy istniej\u0105cych wsp\u00f3lnot i <strong><u>powstanie nowych R\u00f3\u017c \u017bywego R\u00f3\u017ca\u0144ca.<\/u><\/strong><\/em><\/li>\n<\/ul>\n<p><strong><em><u><span style=\"background-color: #00ffff;\">Intencje \u017bywego R\u00f3\u017ca\u0144ca<\/span> \u2013 m\u00f3dlmy si\u0119:<\/u><\/em><\/strong><\/p>\n<ul>\n<li><strong><em>za Stanis\u0142awa, o szcz\u0119\u015bliwy przebieg operacji i powr\u00f3t do zdrowia <span style=\"color: #3366ff;\">(R\u00f3\u017ca R\u00f3\u017ca\u0144cowa pw. \u015bw. Rozalii)<\/span>,<\/em><\/strong><\/li>\n<li><strong><em>za Henryka i Eugeniusza, o szcz\u0119\u015bliwy przebieg operacji oraz za Krystyn\u0119, zmagaj\u0105c\u0105 si\u0119 z chorob\u0105 nowotworow\u0105 <\/em><\/strong><strong><em><span style=\"color: #3366ff;\">(R\u00f3\u017ca R\u00f3\u017ca\u0144cowa pw. \u015bw. Rity)<\/span>,<\/em><\/strong><\/li>\n<li><strong><em>o \u00a0opiek\u0119 Matki Bo\u017cej i szybki powr\u00f3t do zdrowia dla Danuty <\/em><\/strong><span style=\"color: #3366ff;\"><strong><em>(R\u00f3\u017ca R\u00f3\u017ca\u0144cowa pw. b\u0142. St. Wyszy\u0144skiego)<\/em><\/strong><\/span><strong><em>,<\/em><\/strong><\/li>\n<li><strong><em>w intencji El\u017cbiety i Zofii, z pro\u015bb\u0105 o Bo\u017ce b\u0142ogos\u0142awie\u0144stwo, potrzebne \u0142aski i szybki powr\u00f3t do pe\u0142ni si\u0142 w czasie rehabilitacji,<\/em><\/strong><\/li>\n<li><strong><em>w intencji pokoju na \u015bwiecie, o zaprzestanie wojen i konflikt\u00f3w oraz o nawr\u00f3cenie serc rz\u0105dz\u0105cych.<\/em><\/strong><\/li>\n<\/ul>\n<p><strong><em><u><span style=\"background-color: #00ffff;\">Intencje w\u0142asne<\/span> (&#8230;)<\/u><\/em><\/strong><\/p>\n ","protected":false},"excerpt":{"rendered":"<p>Kwiecie\u0144 2026 r. &nbsp; By Maryja by\u0142a bardziej znana i mi\u0142owana; by Jej Wezwania z Fatimy pozna\u0142 i wype\u0142nia\u0142 \u015bwiat. W tradycji [&hellip;]<\/p>\n","protected":false},"author":1,"featured_media":7838,"comment_status":"closed","ping_status":"open","sticky":false,"template":"","format":"standard","meta":{"_acf_changed":false,"jetpack_post_was_ever_published":false,"_jetpack_newsletter_access":"","_jetpack_dont_email_post_to_subs":false,"_jetpack_newsletter_tier_id":0,"_jetpack_memberships_contains_paywalled_content":false,"_jetpack_memberships_contains_paid_content":false,"footnotes":"","jetpack_publicize_message":"","jetpack_publicize_feature_enabled":true,"jetpack_social_post_already_shared":true,"jetpack_social_options":{"image_generator_settings":{"template":"highway","enabled":false},"version":2}},"categories":[20],"tags":[],"class_list":["post-7837","post","type-post","status-publish","format-standard","has-post-thumbnail","hentry","category-ogloszenia-rozy"],"jetpack_publicize_connections":[],"acf":[],"jetpack_featured_media_url":"https:\/\/www.rozalia-zagnansk.pl\/wp-content\/uploads\/2026\/04\/miniaturka-kwiecien26.png","jetpack_sharing_enabled":true,"jetpack_shortlink":"https:\/\/wp.me\/paz7cl-22p","_links":{"self":[{"href":"https:\/\/www.rozalia-zagnansk.pl\/index.php?rest_route=\/wp\/v2\/posts\/7837","targetHints":{"allow":["GET"]}}],"collection":[{"href":"https:\/\/www.rozalia-zagnansk.pl\/index.php?rest_route=\/wp\/v2\/posts"}],"about":[{"href":"https:\/\/www.rozalia-zagnansk.pl\/index.php?rest_route=\/wp\/v2\/types\/post"}],"author":[{"embeddable":true,"href":"https:\/\/www.rozalia-zagnansk.pl\/index.php?rest_route=\/wp\/v2\/users\/1"}],"replies":[{"embeddable":true,"href":"https:\/\/www.rozalia-zagnansk.pl\/index.php?rest_route=%2Fwp%2Fv2%2Fcomments&post=7837"}],"version-history":[{"count":1,"href":"https:\/\/www.rozalia-zagnansk.pl\/index.php?rest_route=\/wp\/v2\/posts\/7837\/revisions"}],"predecessor-version":[{"id":7839,"href":"https:\/\/www.rozalia-zagnansk.pl\/index.php?rest_route=\/wp\/v2\/posts\/7837\/revisions\/7839"}],"wp:featuredmedia":[{"embeddable":true,"href":"https:\/\/www.rozalia-zagnansk.pl\/index.php?rest_route=\/wp\/v2\/media\/7838"}],"wp:attachment":[{"href":"https:\/\/www.rozalia-zagnansk.pl\/index.php?rest_route=%2Fwp%2Fv2%2Fmedia&parent=7837"}],"wp:term":[{"taxonomy":"category","embeddable":true,"href":"https:\/\/www.rozalia-zagnansk.pl\/index.php?rest_route=%2Fwp%2Fv2%2Fcategories&post=7837"},{"taxonomy":"post_tag","embeddable":true,"href":"https:\/\/www.rozalia-zagnansk.pl\/index.php?rest_route=%2Fwp%2Fv2%2Ftags&post=7837"}],"curies":[{"name":"wp","href":"https:\/\/api.w.org\/{rel}","templated":true}]}}