{"id":7206,"date":"2025-08-24T01:13:16","date_gmt":"2025-08-24T01:13:16","guid":{"rendered":"https:\/\/www.rozalia-zagnansk.pl\/?p=7206"},"modified":"2025-08-24T01:13:16","modified_gmt":"2025-08-24T01:13:16","slug":"ogloszenia-duszpasterskie-xxi-niedziela-zwykla-24-08-2025","status":"publish","type":"post","link":"https:\/\/www.rozalia-zagnansk.pl\/?p=7206","title":{"rendered":"Og\u0142oszenia duszpasterskie XXI Niedziela Zwyk\u0142a 24.08.2025"},"content":{"rendered":"<p>\u00abUsi\u0142ujcie wej\u015b\u0107 przez ciasne drzwi; gdy\u017c wielu, powiadam wam, b\u0119dzie chcia\u0142o wej\u015b\u0107, a nie zdo\u0142aj\u0105. Przyby\u0142em zach\u0119ci\u0107 was, by\u015bcie kroczyli drog\u0105 Ewangelii, bez w\u0105tpienia w\u0105sk\u0105, ale drog\u0105 kr\u00f3lewsk\u0105, pewn\u0105, wypr\u00f3bowan\u0105 przez pokolenia chrze\u015bcijan. \u2013 Jan Pawe\u0142 II.<\/p>\n<p>Witamy w naszej wsp\u00f3lnocie parafialnej nowego Wikariusza &#8211; ks. mgr Ireneusza Tuor\u0119. Oczywi\u015bcie otaczamy Go modlitw\u0105 i \u017cyczymy mocy Ducha \u015awi\u0119tego. Cieszymy si\u0119 r\u00f3wnie\u017c, \u017ce w domu rodzinnym sp\u0119dza urlop nasz rodak, ks. dr Dariusz Jaros pos\u0142uguj\u0105cy w Betlejem\u00a0\u00a0\u00a0\u00a0\u00a0\u00a0\u00a0\u00a0\u00a0\u00a0\u00a0\u00a0\u00a0\u00a0\u00a0\u00a0\u00a0\u00a0\u00a0\u00a0\u00a0\u00a0\u00a0\u00a0\u00a0\u00a0\u00a0\u00a0\u00a0 i w Jeozolimie w\u015br\u00f3d katolickich Arab\u00f3w.<\/p>\n<p>W tym tygodniu wspominamy:<strong> poniedzia\u0142ek<\/strong> &#8211; miesi\u0119cznic\u0119 objawie\u0144\u00a0\u00a0\u00a0\u00a0\u00a0 w Medjugorie \u2013 Nabo\u017ce\u0144stwo Medjugorskie <strong>Wtorek<\/strong> \u2013 Uroczysto\u015b\u0107 NMP Cz\u0119stochowskiej. <strong>\u015arod\u0119<\/strong> \u2013 \u015bw. Moniki; rozpoczniemy zarazem <strong>nowenn\u0119 do \u015bw. Rozalii <\/strong>przed jej liturgicznym wspomnieniem &#8211; 4.09. Uroczysto\u015bci odpustowe z udzia\u0142em ks. bpa Andrzeja Kalety w\u00a0 <strong>niedziel\u0119 7 wrze\u015bnia<\/strong>. <strong>Czwartek<\/strong> \u2013 \u015bw. Augustyna. <strong>Pi\u0105tek<\/strong> \u2013 M\u0119cze\u0144stwo \u015bw. Jana Chrzciciela.<\/p>\n<p>Adoracja Naj\u015bwi\u0119tszego Sakramentu od poniedzia\u0142ku do pi\u0105tku od godz. 17<sup>00<\/sup>; w poniedzia\u0142ek i wtorek \u00a0o godz. 17<sup>00<\/sup> w trakcie Adoracji NS, R\u00f3\u017ce \u017bywego R\u00f3\u017ca\u0144ca, poprowadz\u0105 modlitw\u0119 r\u00f3\u017ca\u0144cow\u0105. Bardzo prosz\u0119 aby dzieci i m\u0142odzie\u017c w tych dniach przyst\u0105pi\u0142a do spowiedzi, na pocz\u0105tek roku szkolnego \u2013 Rodzice prosz\u0119 zatroszczcie si\u0119 o to.<\/p>\n<p><strong>Msza \u015bw. na rozpocz\u0119cie Roku Szkolnego w niedziel\u0119 o godz. 10<sup>00<\/sup><\/strong><\/p>\n<p>W tym tygodniu, ko\u0144czymy remont w ko\u015bciele, ostatnio wymienili\u015bmy okna, odnowili\u015bmy i pomalowali\u015bmy Prezbiterium, wcze\u015bniej jak pami\u0119tacie pokrycie dachowe nad Prezbiterium wraz z wymurowaniem nowego komina. Zakupili\u015bmy zamykany konfesjona\u0142. Stowarzyszenie Nadzieja Rodzinie dokona\u0142o gruntownego remontu Domu Parafialnego \u2013 Klubu Wolna Strefa. Bardzo dzi\u0119kuj\u0119 za dar modlitwy i Waszej ofiarno\u015bci na tac\u0119 i indywidualne przelewy bankowe. Czeka nas kompleksowe sprz\u0105tanie \u2013 ka\u017cda para r\u0105k b\u0119dzie pomocna. Prosz\u0119 zatem w sobot\u0119 reszt\u0119 Jaworza od nr 80 do ko\u0144ca wraz z ul. Bursztynow\u0105. Bardzo prosz\u0119 przynie\u015b\u0107 ze sob\u0105 ma\u0142e drabiny, 4 odkurzacze, \u015bciereczki z mikrofibry,\u00a0 3 mopy. Prosz\u0119 aby Panowie przywie\u017ali kosiarki do wykoszenia wzg\u00f3rza ko\u015bcielnego. Prosz\u0105 aby przysz\u0142y r\u00f3wnie\u017c ch\u0119tne osoby z poza Jaworzy. Naprawd\u0119 b\u0119dzie du\u017co pracy.<\/p>\n<p>B\u00f3g zap\u0142a\u0107 Rodzinom z Jaworzy nr 75, 76, 77A, 77B, 78, 79.za trosk\u0119 o ko\u015bci\u00f3\u0142 i ofiar\u0119 120 z\u0142. \u00a0W sobot\u0119 prosz\u0119 jak powy\u017cej og\u0142asza\u0142em.<\/p>\n<p>Z naszej wsp\u00f3lnoty parafialnej odszed\u0142:<\/p>\n<p>+ Stanis\u0142aw Foks z Belna \u2013 polecajmy zm. Bo\u017cemu Mi\u0142osierdziu.<\/p>\n<p><a href=\"http:\/\/www.rozalia-zagnansk.pl\/wp-content\/uploads\/2025\/08\/Niedzielnik-24.08.2025.pdf\">Niedzielnik 24.08.2025<\/a><\/p>\n ","protected":false},"excerpt":{"rendered":"<p>\u00abUsi\u0142ujcie wej\u015b\u0107 przez ciasne drzwi; gdy\u017c wielu, powiadam wam, b\u0119dzie chcia\u0142o wej\u015b\u0107, a nie zdo\u0142aj\u0105. Przyby\u0142em zach\u0119ci\u0107 was, by\u015bcie kroczyli drog\u0105 Ewangelii, [&hellip;]<\/p>\n","protected":false},"author":1,"featured_media":0,"comment_status":"closed","ping_status":"open","sticky":false,"template":"","format":"standard","meta":{"_acf_changed":false,"jetpack_post_was_ever_published":false,"_jetpack_newsletter_access":"","_jetpack_dont_email_post_to_subs":false,"_jetpack_newsletter_tier_id":0,"_jetpack_memberships_contains_paywalled_content":false,"_jetpack_memberships_contains_paid_content":false,"footnotes":"","jetpack_publicize_message":"","jetpack_publicize_feature_enabled":true,"jetpack_social_post_already_shared":true,"jetpack_social_options":{"image_generator_settings":{"template":"highway","enabled":false},"version":2}},"categories":[3],"tags":[],"class_list":["post-7206","post","type-post","status-publish","format-standard","hentry","category-ogloszenia"],"jetpack_publicize_connections":[],"acf":[],"jetpack_featured_media_url":"","jetpack_sharing_enabled":true,"jetpack_shortlink":"https:\/\/wp.me\/paz7cl-1Se","_links":{"self":[{"href":"https:\/\/www.rozalia-zagnansk.pl\/index.php?rest_route=\/wp\/v2\/posts\/7206","targetHints":{"allow":["GET"]}}],"collection":[{"href":"https:\/\/www.rozalia-zagnansk.pl\/index.php?rest_route=\/wp\/v2\/posts"}],"about":[{"href":"https:\/\/www.rozalia-zagnansk.pl\/index.php?rest_route=\/wp\/v2\/types\/post"}],"author":[{"embeddable":true,"href":"https:\/\/www.rozalia-zagnansk.pl\/index.php?rest_route=\/wp\/v2\/users\/1"}],"replies":[{"embeddable":true,"href":"https:\/\/www.rozalia-zagnansk.pl\/index.php?rest_route=%2Fwp%2Fv2%2Fcomments&post=7206"}],"version-history":[{"count":1,"href":"https:\/\/www.rozalia-zagnansk.pl\/index.php?rest_route=\/wp\/v2\/posts\/7206\/revisions"}],"predecessor-version":[{"id":7208,"href":"https:\/\/www.rozalia-zagnansk.pl\/index.php?rest_route=\/wp\/v2\/posts\/7206\/revisions\/7208"}],"wp:attachment":[{"href":"https:\/\/www.rozalia-zagnansk.pl\/index.php?rest_route=%2Fwp%2Fv2%2Fmedia&parent=7206"}],"wp:term":[{"taxonomy":"category","embeddable":true,"href":"https:\/\/www.rozalia-zagnansk.pl\/index.php?rest_route=%2Fwp%2Fv2%2Fcategories&post=7206"},{"taxonomy":"post_tag","embeddable":true,"href":"https:\/\/www.rozalia-zagnansk.pl\/index.php?rest_route=%2Fwp%2Fv2%2Ftags&post=7206"}],"curies":[{"name":"wp","href":"https:\/\/api.w.org\/{rel}","templated":true}]}}