{"id":7796,"date":"2026-03-07T23:31:07","date_gmt":"2026-03-07T23:31:07","guid":{"rendered":"https:\/\/www.rozalia-zagnansk.pl\/?p=7796"},"modified":"2026-03-07T23:31:57","modified_gmt":"2026-03-07T23:31:57","slug":"roza-rozancowa-marzec-3","status":"publish","type":"post","link":"http:\/\/www.rozalia-zagnansk.pl\/?p=7796","title":{"rendered":"R\u00f3\u017ca R\u00f3\u017ca\u0144cowa \u2013 Marzec"},"content":{"rendered":"<p><a href=\"http:\/\/www.rozalia-zagnansk.pl\/wp-content\/uploads\/2024\/08\/zr-logo.png\"><img fetchpriority=\"high\" decoding=\"async\" class=\"size-large wp-image-6469 aligncenter\" src=\"http:\/\/www.rozalia-zagnansk.pl\/wp-content\/uploads\/2024\/08\/zr-logo-1024x89.png\" alt=\"\" width=\"1024\" height=\"89\" srcset=\"http:\/\/www.rozalia-zagnansk.pl\/wp-content\/uploads\/2024\/08\/zr-logo-1024x89.png 1024w, http:\/\/www.rozalia-zagnansk.pl\/wp-content\/uploads\/2024\/08\/zr-logo-300x26.png 300w, http:\/\/www.rozalia-zagnansk.pl\/wp-content\/uploads\/2024\/08\/zr-logo-768x67.png 768w, http:\/\/www.rozalia-zagnansk.pl\/wp-content\/uploads\/2024\/08\/zr-logo-1536x133.png 1536w, http:\/\/www.rozalia-zagnansk.pl\/wp-content\/uploads\/2024\/08\/zr-logo-2048x177.png 2048w, http:\/\/www.rozalia-zagnansk.pl\/wp-content\/uploads\/2024\/08\/zr-logo-1000x87.png 1000w, http:\/\/www.rozalia-zagnansk.pl\/wp-content\/uploads\/2024\/08\/zr-logo-230x20.png 230w, http:\/\/www.rozalia-zagnansk.pl\/wp-content\/uploads\/2024\/08\/zr-logo-350x30.png 350w, http:\/\/www.rozalia-zagnansk.pl\/wp-content\/uploads\/2024\/08\/zr-logo-480x42.png 480w\" sizes=\"(max-width: 1024px) 100vw, 1024px\" \/><\/a><\/p>\n<h2 style=\"text-align: center;\"><strong>Marzec 2026 r.<\/strong><\/h2>\n<p><a href=\"http:\/\/www.rozalia-zagnansk.pl\/wp-content\/uploads\/2025\/02\/header_mzr_2025v2.png\"><img decoding=\"async\" class=\"size-full wp-image-6938 aligncenter\" src=\"http:\/\/www.rozalia-zagnansk.pl\/wp-content\/uploads\/2025\/02\/header_mzr_2025v2.png\" alt=\"\" width=\"690\" height=\"146\" srcset=\"http:\/\/www.rozalia-zagnansk.pl\/wp-content\/uploads\/2025\/02\/header_mzr_2025v2.png 690w, http:\/\/www.rozalia-zagnansk.pl\/wp-content\/uploads\/2025\/02\/header_mzr_2025v2-300x63.png 300w, http:\/\/www.rozalia-zagnansk.pl\/wp-content\/uploads\/2025\/02\/header_mzr_2025v2-230x49.png 230w, http:\/\/www.rozalia-zagnansk.pl\/wp-content\/uploads\/2025\/02\/header_mzr_2025v2-350x74.png 350w, http:\/\/www.rozalia-zagnansk.pl\/wp-content\/uploads\/2025\/02\/header_mzr_2025v2-480x102.png 480w\" sizes=\"(max-width: 690px) 100vw, 690px\" \/><\/a><\/p>\n<p>&nbsp;<\/p>\n<p style=\"text-align: center;\"><span style=\"color: #4472c4;\"><strong><em>By Maryja by\u0142a bardziej znana i mi\u0142owana;<br \/>\n<\/em><\/strong><\/span><span style=\"color: #4472c4;\"><strong><em>by Jej Wezwania z Fatimy pozna\u0142 i wype\u0142nia\u0142 \u015bwiat<\/em><\/strong><strong>.<\/strong><\/span><\/p>\n<hr \/>\n<p><strong style=\"background-color: #ffff00;\">Marzec w Ko\u015bciele katolickim to miesi\u0105c tradycyjnie po\u015bwi\u0119cony \u015bw. J\u00f3zefowi oraz czas intensywnego przygotowania wielkopostnego. Kluczowe uroczysto\u015bci to wspomnienie \u015bw. J\u00f3zefa (19 marca) oraz Zwiastowanie Pa\u0144skie (25 marca). Miesi\u0105c ten charakteryzuje si\u0119 modlitw\u0105 o nawr\u00f3cenie, ja\u0142mu\u017cn\u0105 i postem.<\/strong><\/p>\n<p><em><span style=\"text-decoration: underline; background-color: #00ffff;\"><strong>Papieska Intencja<\/strong><\/span><\/em><\/p>\n<p><span style=\"color: #ff0000;\"><strong>O rozbrojenie i pok\u00f3j<\/strong><\/span><\/p>\n<p><strong>M\u00f3dlmy si\u0119, aby narody rozpocz\u0119\u0142y proces rozbrojenia, rezygnuj\u0105c zw\u0142aszcza z broni nuklearnej, a \u015bwiatowi przyw\u00f3dcy wybrali drog\u0119 dialogu i dyplomacji zamiast przemocy.<\/strong><\/p>\n<p><strong><em><u><span style=\"background-color: #00ffff;\">Intencje parafialne (sta\u0142e)<\/span> m\u00f3dlmy si\u0119:<\/u><\/em><\/strong><\/p>\n<ul>\n<li><strong><em><u>za kap\u0142an\u00f3w<\/u><\/em><\/strong><em> oraz o nowe i \u015bwi\u0119te <strong><u>powo\u0142ania kap\u0142a\u0144skie, misyjne i zakonne<\/u><\/strong><\/em><em>,<\/em><\/li>\n<li><em>o dobre prze\u017cycie i obfite owoce <strong><u>jubileuszu 200-lecia powstania \u017bywego R\u00f3\u017ca\u0144ca<\/u><\/strong>,<\/em><\/li>\n<li><strong><em><u>za narody udr\u0119czone wojnami na ca\u0142ym \u015bwiecie<\/u><\/em><\/strong><em>, aby zazna\u0142y sprawiedliwego pokoju<strong>,<\/strong><\/em><\/li>\n<li><strong><em><u>za Papie\u017ca<\/u><\/em><\/strong><em><u>,<\/u><\/em><em> o si\u0142y i potrzebne \u0142aski do pe\u0142nienia misji, za jego nauczanie i kierowanie Ko\u015bcio\u0142em oraz o jego zdrowie,\u00a0<\/em><\/li>\n<li><strong><em><u>za chorych, <\/u><\/em><\/strong><em>o \u0142ask\u0119 wiary, ulg\u0119 w cierpieniu, si\u0142\u0119 do znoszenia choroby i opiek\u0119 Bo\u017c\u0105, o powr\u00f3t do zdrowia.\u00a0<\/em><\/li>\n<li><strong><em><u>za rodziny,<\/u><\/em><\/strong> <em>o trwa\u0142o\u015b\u0107 ma\u0142\u017ce\u0144stw, wzajemn\u0105 mi\u0142o\u015b\u0107 i otwarto\u015b\u0107 na nowe \u017cycie, o pok\u00f3j w rodzinach i o wsparcie dla tych rodzin, kt\u00f3re prze\u017cywaj\u0105 trudno\u015bci,<\/em><\/li>\n<li><strong><em><u>za dzieci i m\u0142odzie\u017c<\/u><\/em><\/strong><em><u>,<\/u><\/em><em> o \u015bwiadectwo wiary dom\u00f3w rodzinnych i odwag\u0119 wybierania Jezusa za swojego Pana<strong>,<\/strong><\/em><\/li>\n<li><em>o owocne przygotowanie si\u0119 do jubileuszu <strong><u>350-lecia konsekracji naszego Ko\u015bcio\u0142a,<\/u><\/strong><\/em><\/li>\n<li><em>o rozw\u00f3j duchowy istniej\u0105cych wsp\u00f3lnot i <strong><u>powstanie nowych R\u00f3\u017c \u017bywego R\u00f3\u017ca\u0144ca.<\/u><\/strong><\/em><\/li>\n<\/ul>\n<p><strong><em><u><span style=\"background-color: #00ffff;\">Intencje \u017bywego R\u00f3\u017ca\u0144ca<\/span> \u2013 m\u00f3dlmy si\u0119:<\/u><\/em><\/strong><\/p>\n<ul>\n<li><strong><em>za wszystkich chorych oraz tych, kt\u00f3rzy z niepokojem oczekuj\u0105 na diagnoz\u0119 lub decyzje lekarzy, aby podejmowane decyzje prowadzi\u0142y do odzyskania zdrowia <span style=\"color: #3366ff;\">(R\u00f3\u017ca R\u00f3\u017ca\u0144cowa pw. \u015bw. Rozalii)<\/span>,<\/em><\/strong><\/li>\n<li><strong><em>za Zofi\u0119, o szcz\u0119\u015bliwy przebieg operacji, niech Pan B\u00f3g prowadzi r\u0119ce lekarzy, oddali wszelki l\u0119k i obdarzy j\u0105 pokojem serca <\/em><\/strong><strong><em><span style=\"color: #3366ff;\">(R\u00f3\u017ca R\u00f3\u017ca\u0144cowa pw. \u015bw. Rozalii)<\/span>,<\/em><\/strong><\/li>\n<li><strong><em>o \u00a0opiek\u0119 Matki Bo\u017cej, potrzebne \u0142aski i powr\u00f3t do zdrowia dla rodzic\u00f3w Paw\u0142a <\/em><\/strong><strong><em><span style=\"color: #3366ff;\">(R\u00f3\u017ca R\u00f3\u017ca\u0144cowa pw. b\u0142. St. Wyszy\u0144skiego)<\/span>,<\/em><\/strong><\/li>\n<li><strong><em>o nawr\u00f3cenie grzesznik\u00f3w, kt\u00f3rzy pope\u0142nili grzechy przeciwko Niepokalanemu Sercu Maryi,<\/em><\/strong><\/li>\n<li><strong><em>o trze\u017awo\u015b\u0107, ducha pokuty i modlitwy oraz owocne prze\u017cycie czasu Wielkiego Postu.<\/em><\/strong><\/li>\n<li><strong><em>za parafian, kt\u00f3rzy dawno nie korzystali z sakramentu pokuty, aby w czasie Wielkiego Postu otworzyli si\u0119 na przebaczaj\u0105c\u0105 mi\u0142o\u015b\u0107 Boga.<\/em><\/strong><\/li>\n<\/ul>\n<p><strong><em><u><span style=\"background-color: #00ffff;\">Intencje w\u0142asne<\/span> (&#8230;)<\/u><\/em><\/strong><\/p>\n ","protected":false},"excerpt":{"rendered":"<p>Marzec 2026 r. &nbsp; By Maryja by\u0142a bardziej znana i mi\u0142owana; by Jej Wezwania z Fatimy pozna\u0142 i wype\u0142nia\u0142 \u015bwiat. Marzec w [&hellip;]<\/p>\n","protected":false},"author":1,"featured_media":7798,"comment_status":"closed","ping_status":"open","sticky":false,"template":"","format":"standard","meta":{"_acf_changed":false,"jetpack_post_was_ever_published":false,"_jetpack_newsletter_access":"","_jetpack_dont_email_post_to_subs":false,"_jetpack_newsletter_tier_id":0,"_jetpack_memberships_contains_paywalled_content":false,"_jetpack_memberships_contains_paid_content":false,"footnotes":"","jetpack_publicize_message":"","jetpack_publicize_feature_enabled":true,"jetpack_social_post_already_shared":true,"jetpack_social_options":{"image_generator_settings":{"template":"highway","enabled":false},"version":2}},"categories":[20],"tags":[],"class_list":["post-7796","post","type-post","status-publish","format-standard","has-post-thumbnail","hentry","category-ogloszenia-rozy"],"jetpack_publicize_connections":[],"acf":[],"jetpack_featured_media_url":"http:\/\/www.rozalia-zagnansk.pl\/wp-content\/uploads\/2026\/03\/miniaturka-marzec26.png","jetpack_sharing_enabled":true,"jetpack_shortlink":"https:\/\/wp.me\/paz7cl-21K","_links":{"self":[{"href":"http:\/\/www.rozalia-zagnansk.pl\/index.php?rest_route=\/wp\/v2\/posts\/7796","targetHints":{"allow":["GET"]}}],"collection":[{"href":"http:\/\/www.rozalia-zagnansk.pl\/index.php?rest_route=\/wp\/v2\/posts"}],"about":[{"href":"http:\/\/www.rozalia-zagnansk.pl\/index.php?rest_route=\/wp\/v2\/types\/post"}],"author":[{"embeddable":true,"href":"http:\/\/www.rozalia-zagnansk.pl\/index.php?rest_route=\/wp\/v2\/users\/1"}],"replies":[{"embeddable":true,"href":"http:\/\/www.rozalia-zagnansk.pl\/index.php?rest_route=%2Fwp%2Fv2%2Fcomments&post=7796"}],"version-history":[{"count":1,"href":"http:\/\/www.rozalia-zagnansk.pl\/index.php?rest_route=\/wp\/v2\/posts\/7796\/revisions"}],"predecessor-version":[{"id":7797,"href":"http:\/\/www.rozalia-zagnansk.pl\/index.php?rest_route=\/wp\/v2\/posts\/7796\/revisions\/7797"}],"wp:featuredmedia":[{"embeddable":true,"href":"http:\/\/www.rozalia-zagnansk.pl\/index.php?rest_route=\/wp\/v2\/media\/7798"}],"wp:attachment":[{"href":"http:\/\/www.rozalia-zagnansk.pl\/index.php?rest_route=%2Fwp%2Fv2%2Fmedia&parent=7796"}],"wp:term":[{"taxonomy":"category","embeddable":true,"href":"http:\/\/www.rozalia-zagnansk.pl\/index.php?rest_route=%2Fwp%2Fv2%2Fcategories&post=7796"},{"taxonomy":"post_tag","embeddable":true,"href":"http:\/\/www.rozalia-zagnansk.pl\/index.php?rest_route=%2Fwp%2Fv2%2Ftags&post=7796"}],"curies":[{"name":"wp","href":"https:\/\/api.w.org\/{rel}","templated":true}]}}