{"id":7778,"date":"2026-03-01T01:39:34","date_gmt":"2026-03-01T01:39:34","guid":{"rendered":"https:\/\/www.rozalia-zagnansk.pl\/?p=7778"},"modified":"2026-03-04T18:21:29","modified_gmt":"2026-03-04T18:21:29","slug":"ogloszenia-duszpasterskie-01-03-2026-ii-niedziela-wielkiego-postu","status":"publish","type":"post","link":"http:\/\/www.rozalia-zagnansk.pl\/?p=7778","title":{"rendered":"Og\u0142oszenia duszpasterskie \u2013 01.03.2026 II Niedziela Wielkiego Postu"},"content":{"rendered":"<p><span style=\"font-weight: 400;\">Nawr\u00f3\u0107cie si\u0119! Odst\u0105pcie od wszystkich waszych grzech\u00f3w, aby wam ju\u017c wi\u0119cej nie by\u0142y sposobno\u015bci\u0105 do przewiny.\u00a0Odrzu\u0107cie od siebie wszystkie grzechy, kt\u00f3re\u015bcie pope\u0142niali przeciwko Mnie, i utw\u00f3rzcie sobie nowe serce i nowego ducha. Ez 18 Rozpocz\u0119li\u015bmy <\/span><b>Wielkopostne Rekolekcje Parafialne<\/b><span style=\"font-weight: 400;\">, kt\u00f3re g\u0142osi wybitny Biblista ks. prof. Henryk Witczyk. Mo\u017cemy do\u015bwiadczy\u0107 w \u015bwiadectwie ks. Profesora mocy S\u0142owa Bo\u017cego. Dzisiaj porz\u0105dek niedzielny o 8<\/span><span style=\"font-weight: 400;\">00<\/span><span style=\"font-weight: 400;\">; 10<\/span><span style=\"font-weight: 400;\">00<\/span><span style=\"font-weight: 400;\">; 12<\/span><span style=\"font-weight: 400;\">00<\/span><span style=\"font-weight: 400;\">; 16<\/span><span style=\"font-weight: 400;\">00<\/span><span style=\"font-weight: 400;\"> &#8211; po po\u0142udniowej mszy \u015bw. b\u0119dzie <\/span><b>spotkanie<\/b><span style=\"font-weight: 400;\"> z ks. Rekolekcjonist\u0105 w Domu Parafialnym dla os\u00f3b zaanga\u017cowanych w grupy formacyjne i modlitewne oraz <\/span><b>os\u00f3b ch\u0119tnych, kt\u00f3re pragn\u0119 modli\u0107 si\u0119 S\u0142owem Bo\u017cym<\/b><span style=\"font-weight: 400;\">.<\/span><\/p>\n<p><span style=\"font-weight: 400;\">W poniedzia\u0142ek <\/span><b>02.03<\/b><span style=\"font-weight: 400;\"> i wtorek <\/span><b>03.03<\/b><span style=\"font-weight: 400;\"> msze \u015bw. o godz. <\/span><b>9<\/b><b>00<\/b><span style=\"font-weight: 400;\">, <\/span><b>16<\/b><b>30<\/b><span style=\"font-weight: 400;\"> &#8211;<\/span> <span style=\"font-weight: 400;\">szkolna i o <\/span><b>18<\/b><b>00<\/b><span style=\"font-weight: 400;\">. Dzieci i m\u0142odsza m\u0142odzie\u017c b\u0119dzie mia\u0142a spotkania z ks. Rekolekcjonist\u0105 w szkole na Chrustach: o <\/span><span style=\"font-weight: 400;\">11<\/span><span style=\"font-weight: 400;\">00 <\/span><span style=\"font-weight: 400;\">\u2013 klasy m\u0142odsze<\/span><span style=\"font-weight: 400;\"> i o <\/span><span style=\"font-weight: 400;\">12<\/span><span style=\"font-weight: 400;\">00 <\/span><span style=\"font-weight: 400;\">\u2013 klasy starsze<\/span><span style=\"font-weight: 400;\">. Z tego wzgl\u0119du, \u017ce <\/span><b>msza rekolekcyjna dla uczni\u00f3w b\u0119dzie o 16<\/b><b>30<\/b><span style=\"font-weight: 400;\"> prosimy aby Rodzice szczeg\u00f3lnie klas m\u0142odszych przyszli ze swoimi dzie\u0107mi. Oczywi\u015bcie na tej mszy \u015bw. obecno\u015b\u0107 kandydat\u00f3w do bierzmowania. jest obowi\u0105zkowa. <\/span><b>Spowied\u017a<\/b><span style=\"font-weight: 400;\"> b\u0119dzie we wtorek <\/span><b>03.03<\/b><span style=\"font-weight: 400;\"> o 8<\/span><span style=\"font-weight: 400;\">30<\/span><span style=\"font-weight: 400;\">, 16<\/span><span style=\"font-weight: 400;\">00<\/span><span style=\"font-weight: 400;\"> i o 17<\/span><span style=\"font-weight: 400;\">30<\/span><span style=\"font-weight: 400;\">. We wtorek r\u00f3wnie\u017c na mszach \u015bw. o 9<\/span><span style=\"font-weight: 400;\">00<\/span><span style=\"font-weight: 400;\"> i o 18<\/span><span style=\"font-weight: 400;\">00<\/span><span style=\"font-weight: 400;\"> b\u0119dzie <\/span><b>sakrament namaszczenia chorych<\/b><span style=\"font-weight: 400;\">. Prosz\u0119 trwajmy w osobistej modlitwie i po\u015bcie w intencji rekolekcji.<\/span><\/p>\n<p><span style=\"font-weight: 400;\">W tym tygodniu I Czwartek m-ca: Koronka do Krwi Chrystusa; I pi\u0105tek m-ca o godz. 16:30 Drog\u0119 Krzy\u017cow\u0105, poprowadz\u0105 Rycerze Kolumba. I sobota m-ca od godz. 7<\/span><span style=\"font-weight: 400;\">00<\/span><span style=\"font-weight: 400;\"> Adoracja Naj\u015bwi\u0119tszego Sakramentu i M\u0119ski \u017bywy R\u00f3\u017caniec.<\/span><\/p>\n<p><span style=\"font-weight: 400;\">Do chorych ksi\u0105dz uda si\u0119 24.03 \u2013 chorych, kt\u00f3rych nie odwiedzamy systematycznie nale\u017cy zapisa\u0107 w zakrystii.<\/span><\/p>\n<p><span style=\"font-weight: 400;\">Adoracja Naj\u015bwi\u0119tszego Sakramentu od \u015brody do pi\u0105tku od godz. 16<\/span><span style=\"font-weight: 400;\">00<\/span><span style=\"font-weight: 400;\">.<\/span><\/p>\n<p><span style=\"font-weight: 400;\">W nocy z 6 na 7 marca odb\u0119dzie si\u0119 Nocna Droga Krzy\u017cowa z Kielc na \u015awi\u0119ty Krzy\u017c. Szczeg\u00f3\u0142owe informacje na ten temat znajduj\u0105 si\u0119 na stronie internetowej organizatora:\u00a0<\/span><a href=\"http:\/\/kielce.ksm.org.pl\/\"><span style=\"font-weight: 400;\">kielce.ksm.org.pl<\/span><\/a><span style=\"font-weight: 400;\">.<\/span><\/p>\n<p><span style=\"font-weight: 400;\">Kancelaria parafialna czynna w \u015brod\u0119 i pi\u0105tek od 15<\/span><span style=\"font-weight: 400;\">00<\/span><span style=\"font-weight: 400;\"> do 16<\/span><span style=\"font-weight: 400;\">00<\/span><span style=\"font-weight: 400;\">.<\/span><\/p>\n<p><span style=\"font-weight: 400;\">Od dzisiaj w zakrystii baranki wielkanocne jako tradycyjny symbol Chrystusa &#8211; Baranka Paschalnego. Ofiara &#8211; r\u00f3wnowarto\u015b\u0107 posi\u0142ku dla ubogiego dziecka.<\/span><\/p>\n<p><span style=\"font-weight: 400;\">Dzi\u0119kujemy mieszka\u0144com Os. Wrzosy za przygotowanie \u015bwi\u0105tyni na Dzie\u0144 Pa\u0144ski i za z\u0142o\u017con\u0105 ofiar\u0119 w wysoko\u015bci 160 z\u0142. W sobot\u0119 prosimy mieszka\u0144c\u00f3w O\u015b. Wrzosy nr 20, 21, 22, 23 \u2013 4 rodz. 24, 24A \u2013 2 rodz. 25, 26, 27, 29A \u2013 2 rodz. o przygotowanie \u015bwi\u0105tyni na niedziel\u0119.<\/span><\/p>\n<p><span style=\"font-weight: 400;\">Jak informowa\u0142em w dniach 08.05 \u2013 15.05 odb\u0119dzie si\u0119 pielgrzymka do Medjugorie \u2013 koszt ok. 2200 z\u0142. Zapisy w zakrystii.<\/span><\/p>\n<p><span style=\"font-weight: 400;\">Jak wiemy 13.02 Rodzina z Jaworzy do\u015bwiadczy\u0142a dramatu po\u017caru. Za tydzie\u0144 szersza informacja a 15.03 b\u0119dzie zbi\u00f3rka na poszkodowane Rodziny.<\/span><\/p>\n<p><span style=\"font-weight: 400;\">Koncert naszego Parafianina Piotra Resteckiego w najbli\u017csz\u0105 niedziel\u0119 8 marca w Wolnej Strefie &#8211; zapraszam. Szczeg\u00f3\u0142y na plakacie.<\/span><\/p>\n<p><span style=\"font-weight: 400;\">Z naszej wsp\u00f3lnoty parafialnej odeszli Ch\u0142opek Krzysztof z Belna, Jo\u0144czyk Stanis\u0142aw z Lekomina, + D\u0105browski Roman i S\u0119k Jan z Os. Wrzosy<\/span><\/p>\n<p><span style=\"font-weight: 400;\">\u017byczymy wszystkim b\u0142ogos\u0142awionej niedzieli!<\/span><\/p>\n<p><a href=\"http:\/\/www.rozalia-zagnansk.pl\/wp-content\/uploads\/2026\/03\/Niedzielnik-01.03.2026.pdf\">Niedzielnik 01.03.2026<\/a><\/p>\n<p><a href=\"http:\/\/www.rozalia-zagnansk.pl\/wp-content\/uploads\/2026\/03\/Granatowa-Nowoczesna-Walentynki-Koncert-Ulotka.png\"><img fetchpriority=\"high\" decoding=\"async\" class=\"aligncenter wp-image-7787 size-large\" src=\"http:\/\/www.rozalia-zagnansk.pl\/wp-content\/uploads\/2026\/03\/Granatowa-Nowoczesna-Walentynki-Koncert-Ulotka-724x1024.png\" alt=\"\" width=\"724\" height=\"1024\" srcset=\"http:\/\/www.rozalia-zagnansk.pl\/wp-content\/uploads\/2026\/03\/Granatowa-Nowoczesna-Walentynki-Koncert-Ulotka-724x1024.png 724w, http:\/\/www.rozalia-zagnansk.pl\/wp-content\/uploads\/2026\/03\/Granatowa-Nowoczesna-Walentynki-Koncert-Ulotka-212x300.png 212w, http:\/\/www.rozalia-zagnansk.pl\/wp-content\/uploads\/2026\/03\/Granatowa-Nowoczesna-Walentynki-Koncert-Ulotka-768x1086.png 768w, http:\/\/www.rozalia-zagnansk.pl\/wp-content\/uploads\/2026\/03\/Granatowa-Nowoczesna-Walentynki-Koncert-Ulotka-1086x1536.png 1086w, http:\/\/www.rozalia-zagnansk.pl\/wp-content\/uploads\/2026\/03\/Granatowa-Nowoczesna-Walentynki-Koncert-Ulotka-1000x1414.png 1000w, http:\/\/www.rozalia-zagnansk.pl\/wp-content\/uploads\/2026\/03\/Granatowa-Nowoczesna-Walentynki-Koncert-Ulotka-230x325.png 230w, http:\/\/www.rozalia-zagnansk.pl\/wp-content\/uploads\/2026\/03\/Granatowa-Nowoczesna-Walentynki-Koncert-Ulotka-350x495.png 350w, http:\/\/www.rozalia-zagnansk.pl\/wp-content\/uploads\/2026\/03\/Granatowa-Nowoczesna-Walentynki-Koncert-Ulotka-480x679.png 480w, http:\/\/www.rozalia-zagnansk.pl\/wp-content\/uploads\/2026\/03\/Granatowa-Nowoczesna-Walentynki-Koncert-Ulotka.png 1414w\" sizes=\"(max-width: 724px) 100vw, 724px\" \/><\/a><\/p>\n ","protected":false},"excerpt":{"rendered":"<p>Nawr\u00f3\u0107cie si\u0119! Odst\u0105pcie od wszystkich waszych grzech\u00f3w, aby wam ju\u017c wi\u0119cej nie by\u0142y sposobno\u015bci\u0105 do przewiny.\u00a0Odrzu\u0107cie od siebie wszystkie grzechy, kt\u00f3re\u015bcie pope\u0142niali [&hellip;]<\/p>\n","protected":false},"author":1,"featured_media":0,"comment_status":"closed","ping_status":"open","sticky":false,"template":"","format":"standard","meta":{"_acf_changed":false,"jetpack_post_was_ever_published":false,"_jetpack_newsletter_access":"","_jetpack_dont_email_post_to_subs":false,"_jetpack_newsletter_tier_id":0,"_jetpack_memberships_contains_paywalled_content":false,"_jetpack_memberships_contains_paid_content":false,"footnotes":"","jetpack_publicize_message":"","jetpack_publicize_feature_enabled":true,"jetpack_social_post_already_shared":true,"jetpack_social_options":{"image_generator_settings":{"template":"highway","enabled":false},"version":2}},"categories":[3],"tags":[],"class_list":["post-7778","post","type-post","status-publish","format-standard","hentry","category-ogloszenia"],"jetpack_publicize_connections":[],"acf":[],"jetpack_featured_media_url":"","jetpack_sharing_enabled":true,"jetpack_shortlink":"https:\/\/wp.me\/paz7cl-21s","_links":{"self":[{"href":"http:\/\/www.rozalia-zagnansk.pl\/index.php?rest_route=\/wp\/v2\/posts\/7778","targetHints":{"allow":["GET"]}}],"collection":[{"href":"http:\/\/www.rozalia-zagnansk.pl\/index.php?rest_route=\/wp\/v2\/posts"}],"about":[{"href":"http:\/\/www.rozalia-zagnansk.pl\/index.php?rest_route=\/wp\/v2\/types\/post"}],"author":[{"embeddable":true,"href":"http:\/\/www.rozalia-zagnansk.pl\/index.php?rest_route=\/wp\/v2\/users\/1"}],"replies":[{"embeddable":true,"href":"http:\/\/www.rozalia-zagnansk.pl\/index.php?rest_route=%2Fwp%2Fv2%2Fcomments&post=7778"}],"version-history":[{"count":2,"href":"http:\/\/www.rozalia-zagnansk.pl\/index.php?rest_route=\/wp\/v2\/posts\/7778\/revisions"}],"predecessor-version":[{"id":7788,"href":"http:\/\/www.rozalia-zagnansk.pl\/index.php?rest_route=\/wp\/v2\/posts\/7778\/revisions\/7788"}],"wp:attachment":[{"href":"http:\/\/www.rozalia-zagnansk.pl\/index.php?rest_route=%2Fwp%2Fv2%2Fmedia&parent=7778"}],"wp:term":[{"taxonomy":"category","embeddable":true,"href":"http:\/\/www.rozalia-zagnansk.pl\/index.php?rest_route=%2Fwp%2Fv2%2Fcategories&post=7778"},{"taxonomy":"post_tag","embeddable":true,"href":"http:\/\/www.rozalia-zagnansk.pl\/index.php?rest_route=%2Fwp%2Fv2%2Ftags&post=7778"}],"curies":[{"name":"wp","href":"https:\/\/api.w.org\/{rel}","templated":true}]}}