{"id":7752,"date":"2026-02-21T22:44:07","date_gmt":"2026-02-21T22:44:07","guid":{"rendered":"https:\/\/www.rozalia-zagnansk.pl\/?p=7752"},"modified":"2026-02-21T22:44:07","modified_gmt":"2026-02-21T22:44:07","slug":"ogloszenia-duszpasterskie-i-niedziela-wielkiego-postu-22-02-2026","status":"publish","type":"post","link":"http:\/\/www.rozalia-zagnansk.pl\/?p=7752","title":{"rendered":"Og\u0142oszenia duszpasterskie I Niedziela Wielkiego Postu 22.02.2026"},"content":{"rendered":"<p>Duch wyprowadzi\u0142 Jezusa na pustyni\u0119, aby by\u0142 kuszony przez diab\u0142a. Jezus zwyci\u0119\u017ca pokusy oferowane mu przez diab\u0142a, gdy\u017c czerpie sw\u0105 moc od Ojca. Poprzez swoj\u0105 postaw\u0119 i zwyci\u0119stwo nad wszelk\u0105 pokus\u0105 pokazuje, \u017ce prawdziwie jest Synem Bo\u017cym, kt\u00f3ry przychodzi zniweczy\u0107 diab\u0142a i jego dzie\u0142a. Wielk\u0105 broni\u0105 jest dla Niego S\u0142owo Bo\u017ce, w \u015bwietle kt\u00f3rego potrafi rozpozna\u0107 iluzj\u0119 i pozorny blask propozycji oferowanych przez diab\u0142a. Moc S\u0142owa Bo\u017cego &#8211; Wielkimi krokami zbli\u017caj\u0105 si\u0119 <strong>Wielkopostne Rekolekcje Parafialne<\/strong>, kt\u00f3re wyg\u0142osi wybitny Biblista ks. prof. Henryk Witczyk. B\u0119dziemy mogli w \u015bwiadectwie ks. Profesora do\u015bwiadczy\u0107 mocy S\u0142owa Bo\u017cego.<\/p>\n<p>Rekolekcje rozpoczn\u0105 si\u0119 w najbli\u017csz\u0105 niedziel\u0119 <strong>1 marca<\/strong> porz\u0105dkiem niedzielnym o 8<sup>00<\/sup>; 10<sup>00<\/sup>; 12<sup>00<\/sup>; 16<sup>00<\/sup> &#8211; po po\u0142udniowej mszy \u015bw. b\u0119dzie <strong>spotkanie<\/strong> z Rekolekcjonist\u0105 w Domu Parafialnym dla os\u00f3b zaanga\u017cowanych w grupy formacyjne i modlitewne oraz <strong>os\u00f3b ch\u0119tnych, kt\u00f3re pragn\u0119 modli\u0107 si\u0119 S\u0142owem Bo\u017cym<\/strong>.<\/p>\n<p>W poniedzia\u0142ek <strong>02.03<\/strong> i wtorek <strong>03.03<\/strong> msze \u015bw. o godz. <strong>9<sup>00<\/sup><\/strong>, <strong>16<sup>30<\/sup><\/strong> &#8211; szkolna i o <strong>18<sup>00<\/sup><\/strong>. Dzieci i m\u0142odsza m\u0142odzie\u017c b\u0119dzie mia\u0142a spotkania z ks. Rekolekcjonist\u0105 w szkole na Chrustach: o <u>11<sup>00 <\/sup>\u2013 klasy m\u0142odsze<\/u> i o <u>12<sup>00 <\/sup>\u2013 klasy starsze<\/u>.<\/p>\n<p>Z tego wzgl\u0119du, \u017ce <strong>msza rekolekcyjna dla uczni\u00f3w b\u0119dzie o 16<sup>30<\/sup><\/strong> prosimy aby Rodzice szczeg\u00f3lnie klas m\u0142odszych przyszli ze swoimi dzie\u0107mi. Oczywi\u015bcie na tej mszy \u015bw. obecno\u015b\u0107 kandydat\u00f3w do bierzmowania. jest obowi\u0105zkowa<\/p>\n<p><strong>Spowied\u017a<\/strong> b\u0119dzie we wtorek <strong>03.03<\/strong>\u00a0o 8<sup>30<\/sup>, 16<sup>00<\/sup> i o 17<sup>30<\/sup>. We wtorek r\u00f3wnie\u017c na mszach \u015bw. o 9<sup>00<\/sup> i o 18<sup>00<\/sup> b\u0119dzie <strong>sakrament namaszczenia chorych<\/strong>. Prosz\u0119 podejmijmy osobist\u0105 modlitw\u0119 i post w intencji rekolekcji.<\/p>\n<p>W \u015brod\u0119 25 lutego kolejne Nabo\u017ce\u0144stwo Medjugorskie. Rozpocznie si\u0119 o 16<sup>00 <\/sup>dwoma cz\u0119\u015bciami R\u00f3\u017ca\u0144ca \u2013 zapraszam.<\/p>\n<p>W najbli\u017cszy pi\u0105tek o godz. 16:30 Drog\u0119 Krzy\u017cow\u0105, poprowadz\u0105 \u017be\u0144skie R\u00f3\u017ce \u017bywego R\u00f3\u017ca\u0144ca. Zach\u0119camy r\u00f3wnie\u017c do uczestnictwa w nabo\u017ce\u0144stwie Gorzkich \u017bali w niedziel\u0119 o godz. 15<sup>30<\/sup>.<\/p>\n<p>Adoracja Naj\u015bwi\u0119tszego Sakramentu od \u015brody do pi\u0105tku od godz. 16<sup>00<\/sup>.<\/p>\n<p>Dzi\u0119kujemy mieszka\u0144com Os. Wrzosy za przygotowanie \u015bwi\u0105tyni na Dzie\u0144 Pa\u0144ski i za z\u0142o\u017con\u0105 ofiar\u0119 w wysoko\u015bci 140 z\u0142. W sobot\u0119 prosimy mieszka\u0144c\u00f3w O\u015b. Wrzosy nr 12 \u2013 2 rodz. 13, 14, 15 \u2013 2 rodz. 16 \u2013 2 rodz., 17, 18, 19, 19A &#8211; 2 rodz. o przygotowanie \u015bwi\u0105tyni na niedziel\u0119.<\/p>\n<p>W sobot\u0119 odb\u0119dzie si\u0119 kolejne spotkanie Kr\u0119gu Domowego Ko\u015bcio\u0142a. Zach\u0119cam wahaj\u0105ce si\u0119 ma\u0142\u017ce\u0144stwa do podj\u0119cia decyzji wzrastania w darze mi\u0142o\u015bci ma\u0142\u017ce\u0144skiej, w do\u015bwiadczeniu wsp\u00f3lnoty.<\/p>\n<p>Dzisiaj po mszy \u015bw. popo\u0142udniowej zapraszam na Wiecz\u00f3r Uwielbienia i Uzdrowienia.<\/p>\n<p>Z naszej wsp\u00f3lnoty parafialnej odeszli + Joanna D\u0105browska z Chrust\u00f3w i + Zygmunt Marcisz z Jaworzy.<\/p>\n<p>\u017byczymy wszystkim b\u0142ogos\u0142awionej niedzieli!<\/p>\n<p><a href=\"http:\/\/www.rozalia-zagnansk.pl\/wp-content\/uploads\/2026\/02\/Niedzielnik-22.02.2026.pdf\">Niedzielnik 22.02.2026<\/a><\/p>\n ","protected":false},"excerpt":{"rendered":"<p>Duch wyprowadzi\u0142 Jezusa na pustyni\u0119, aby by\u0142 kuszony przez diab\u0142a. Jezus zwyci\u0119\u017ca pokusy oferowane mu przez diab\u0142a, gdy\u017c czerpie sw\u0105 moc od [&hellip;]<\/p>\n","protected":false},"author":1,"featured_media":0,"comment_status":"closed","ping_status":"open","sticky":false,"template":"","format":"standard","meta":{"_acf_changed":false,"jetpack_post_was_ever_published":false,"_jetpack_newsletter_access":"","_jetpack_dont_email_post_to_subs":false,"_jetpack_newsletter_tier_id":0,"_jetpack_memberships_contains_paywalled_content":false,"_jetpack_memberships_contains_paid_content":false,"footnotes":"","jetpack_publicize_message":"","jetpack_publicize_feature_enabled":true,"jetpack_social_post_already_shared":true,"jetpack_social_options":{"image_generator_settings":{"template":"highway","enabled":false},"version":2}},"categories":[3],"tags":[],"class_list":["post-7752","post","type-post","status-publish","format-standard","hentry","category-ogloszenia"],"jetpack_publicize_connections":[],"acf":[],"jetpack_featured_media_url":"","jetpack_sharing_enabled":true,"jetpack_shortlink":"https:\/\/wp.me\/paz7cl-212","_links":{"self":[{"href":"http:\/\/www.rozalia-zagnansk.pl\/index.php?rest_route=\/wp\/v2\/posts\/7752","targetHints":{"allow":["GET"]}}],"collection":[{"href":"http:\/\/www.rozalia-zagnansk.pl\/index.php?rest_route=\/wp\/v2\/posts"}],"about":[{"href":"http:\/\/www.rozalia-zagnansk.pl\/index.php?rest_route=\/wp\/v2\/types\/post"}],"author":[{"embeddable":true,"href":"http:\/\/www.rozalia-zagnansk.pl\/index.php?rest_route=\/wp\/v2\/users\/1"}],"replies":[{"embeddable":true,"href":"http:\/\/www.rozalia-zagnansk.pl\/index.php?rest_route=%2Fwp%2Fv2%2Fcomments&post=7752"}],"version-history":[{"count":1,"href":"http:\/\/www.rozalia-zagnansk.pl\/index.php?rest_route=\/wp\/v2\/posts\/7752\/revisions"}],"predecessor-version":[{"id":7754,"href":"http:\/\/www.rozalia-zagnansk.pl\/index.php?rest_route=\/wp\/v2\/posts\/7752\/revisions\/7754"}],"wp:attachment":[{"href":"http:\/\/www.rozalia-zagnansk.pl\/index.php?rest_route=%2Fwp%2Fv2%2Fmedia&parent=7752"}],"wp:term":[{"taxonomy":"category","embeddable":true,"href":"http:\/\/www.rozalia-zagnansk.pl\/index.php?rest_route=%2Fwp%2Fv2%2Fcategories&post=7752"},{"taxonomy":"post_tag","embeddable":true,"href":"http:\/\/www.rozalia-zagnansk.pl\/index.php?rest_route=%2Fwp%2Fv2%2Ftags&post=7752"}],"curies":[{"name":"wp","href":"https:\/\/api.w.org\/{rel}","templated":true}]}}