{"id":7743,"date":"2026-02-15T00:50:58","date_gmt":"2026-02-15T00:50:58","guid":{"rendered":"https:\/\/www.rozalia-zagnansk.pl\/?p=7743"},"modified":"2026-02-15T00:52:00","modified_gmt":"2026-02-15T00:52:00","slug":"ogloszenia-duszpasterskie-vi-niedziela-zwykla-15-02-2026","status":"publish","type":"post","link":"http:\/\/www.rozalia-zagnansk.pl\/?p=7743","title":{"rendered":"Og\u0142oszenia duszpasterskie VI Niedziela Zwyk\u0142a 15.02.2026"},"content":{"rendered":"<p>Z tej kolumnady, kt\u00f3ra obejmuje Rzym i \u015bwiat, niech zst\u0105pi na was, jak pocieszaj\u0105cy u\u015bcisk, b\u0142ogos\u0142awie\u0144stwo Bo\u017ce. Panie, pob\u0142ogos\u0142aw \u015bwiat, daj zdrowie cia\u0142om i pocieszenie sercom. Wzywasz nas, by\u015bmy si\u0119 nie l\u0119kali. Ale nasza wiara jest s\u0142aba i boimy si\u0119. Ale Ty, Panie, nie zostawiaj nas na \u0142asce burzy. Powt\u00f3rz raz jeszcze: +Wy si\u0119 nie b\u00f3jcie!+\u201d- m\u00f3wi\u0142 Franciszek. Wymowne b\u0142ogos\u0142awie\u0144stwo papie\u017ca Franciszka w czasie pandemii. Moc b\u0142ogos\u0142awie\u0144stwa. Wydrukowali\u015bmy homili\u0119 pap. Franciszka z tamtego czasu, gdzie zawarte jest to b\u0142ogos\u0142awie\u0144stwo, mo\u017cna je zabra\u0107 ze stolik\u00f3w lub pobra\u0107 ze strony parafialnej.<\/p>\n<p>Dzi\u0119kujemy mieszka\u0144com Belna za przygotowanie \u015bwi\u0105tyni na Dzie\u0144 Pa\u0144ski i za z\u0142o\u017con\u0105 ofiar\u0119 w wysoko\u015bci 300 z\u0142. B\u00f3g zap\u0142a\u0107!<\/p>\n<p>Dzisiaj po ka\u017cdej Mszy \u015awi\u0119tej ofiarami do puszki wspieramy mieszka\u0144c\u00f3w Ukrainy, kt\u00f3rzy cierpi\u0105 wskutek wojny i srogiej zimy. Jest to chrze\u015bcija\u0144ski uczynek mi\u0142osierdzia, za kt\u00f3ry serdecznie dzi\u0119kujemy.<\/p>\n<p>W najbli\u017csz\u0105 \u015brod\u0119 \u2013 \u015arod\u0119 Popielcow\u0105, rozpoczniemy kolejny w naszym \u017cyciu Wielki Post. Msze \u015awi\u0119te o 8:00 i 17:00 po\u0142\u0105czone z obrz\u0119dem posypania g\u0142\u00f3w popio\u0142em. Postarajmy si\u0119 jak najlepiej wykorzysta\u0107 ten czas \u0142aski, porz\u0105dkuj\u0105c swoje \u017cycie duchowe. Pomog\u0105 nam w tym nabo\u017ce\u0144stwa pokutne: Drogi Krzy\u017cowe w pi\u0105tki o godz. 16<sup>30<\/sup> i Gorzkich \u017bali w niedziele o godz. 15<sup>30<\/sup>.<\/p>\n<p>W najbli\u017cszy pi\u0105tek o godz. 16:30 zapraszamy na pierwsz\u0105 Drog\u0119 Krzy\u017cow\u0105, kt\u00f3r\u0105 poprowadzi M\u0119ski R\u00f3\u017caniec.<\/p>\n<p>W najbli\u017cszy pi\u0105tek, tj. 20 lutego o godz. 19:00 spotkanie kandydat\u00f3w do Bierzmowania.<\/p>\n<p>Adoracja Naj\u015bwi\u0119tszego Sakramentu we czwartek i pi\u0105tek od godz. 16<sup>00<\/sup>.<\/p>\n<p>Kancelaria parafialna czynna w poniedzia\u0142ek, czwartek i pi\u0105tek od 15<sup>00<\/sup> do 16<sup>00<\/sup>.<\/p>\n<p>W sobot\u0119 prosimy mieszka\u0144c\u00f3w O\u015b. Wrzosy nr 1, 2 \u2013 4 rodz. 3 \u2013 2 rodz. 4, 5A, 6, 7, 8 o przygotowanie \u015bwi\u0105tyni na niedziel\u0119.<\/p>\n<p>Na cmentarzu dokonali\u015bmy wycinki tych drzew na kt\u00f3re zezwoli\u0142 Wojew\u00f3dzki Konserwator Zabytk\u00f3w, wnioskowali\u015bmy o wiele wi\u0119cej. Przed przyst\u0105pieniem do prac zrobili\u015bmy dokumentacj\u0119 fotograficzn\u0105 s\u0105siednich mogi\u0142 przy usuwanych drzewach. Ze wzgl\u0119du na g\u0119ste posadowienie pomnik\u00f3w grobowych by\u0142a to trudna i bardzo kosztowna operacja.<\/p>\n<p>W najbli\u017cszy czwartek spotkanie Rady Parafialnej po mszy \u015bw. zapraszam.<\/p>\n<p>W korespondencji do dzisiejszej homilii zapraszam w najbli\u017csz\u0105 niedziel\u0119 na Wiecz\u00f3r Uwielbienia i Uzdrowienia po mszy \u015bw. o godz. 16<sup>00<\/sup>.<\/p>\n<p>W II Niedziel\u0119 Wielkiego Postu rozpoczniemy doroczne Rekolekcje Wielkopostne, kt\u00f3re poprowadzi znakomity Biblista, ks. prof. Henryk Witczyk.<\/p>\n<p>Pragn\u0119 z ca\u0142ego serca podzi\u0119kowa\u0107 w moim i mamy imieniu za modlitw\u0119, zam\u00f3wione msze \u015bw. i wyrazy wsp\u00f3\u0142czucia po \u015bmierci mojego taty \u015bp. Ludwika Drapa\u0142y.<\/p>\n<p>\u017byczymy wszystkim b\u0142ogos\u0142awionej niedzieli!<\/p>\n<p><a href=\"http:\/\/www.rozalia-zagnansk.pl\/wp-content\/uploads\/2026\/02\/Homilia-Pap.-Franciszka-27.05.2020-Pandemia-Wielki-Post-\u2014-kopia.docx.pdf\">Homilia Pap. Franciszka 27.05.2020 r.<\/a><\/p>\n<p><a href=\"http:\/\/www.rozalia-zagnansk.pl\/wp-content\/uploads\/2026\/02\/Niedzielnik-15.02.2026.pdf\">Niedzielnik 15.02.2026<\/a><\/p>\n ","protected":false},"excerpt":{"rendered":"<p>Z tej kolumnady, kt\u00f3ra obejmuje Rzym i \u015bwiat, niech zst\u0105pi na was, jak pocieszaj\u0105cy u\u015bcisk, b\u0142ogos\u0142awie\u0144stwo Bo\u017ce. Panie, pob\u0142ogos\u0142aw \u015bwiat, daj zdrowie [&hellip;]<\/p>\n","protected":false},"author":1,"featured_media":0,"comment_status":"closed","ping_status":"open","sticky":false,"template":"","format":"standard","meta":{"_acf_changed":false,"jetpack_post_was_ever_published":false,"_jetpack_newsletter_access":"","_jetpack_dont_email_post_to_subs":false,"_jetpack_newsletter_tier_id":0,"_jetpack_memberships_contains_paywalled_content":false,"_jetpack_memberships_contains_paid_content":false,"footnotes":"","jetpack_publicize_message":"","jetpack_publicize_feature_enabled":true,"jetpack_social_post_already_shared":true,"jetpack_social_options":{"image_generator_settings":{"template":"highway","enabled":false},"version":2}},"categories":[3],"tags":[],"class_list":["post-7743","post","type-post","status-publish","format-standard","hentry","category-ogloszenia"],"jetpack_publicize_connections":[],"acf":[],"jetpack_featured_media_url":"","jetpack_sharing_enabled":true,"jetpack_shortlink":"https:\/\/wp.me\/paz7cl-20T","_links":{"self":[{"href":"http:\/\/www.rozalia-zagnansk.pl\/index.php?rest_route=\/wp\/v2\/posts\/7743","targetHints":{"allow":["GET"]}}],"collection":[{"href":"http:\/\/www.rozalia-zagnansk.pl\/index.php?rest_route=\/wp\/v2\/posts"}],"about":[{"href":"http:\/\/www.rozalia-zagnansk.pl\/index.php?rest_route=\/wp\/v2\/types\/post"}],"author":[{"embeddable":true,"href":"http:\/\/www.rozalia-zagnansk.pl\/index.php?rest_route=\/wp\/v2\/users\/1"}],"replies":[{"embeddable":true,"href":"http:\/\/www.rozalia-zagnansk.pl\/index.php?rest_route=%2Fwp%2Fv2%2Fcomments&post=7743"}],"version-history":[{"count":2,"href":"http:\/\/www.rozalia-zagnansk.pl\/index.php?rest_route=\/wp\/v2\/posts\/7743\/revisions"}],"predecessor-version":[{"id":7750,"href":"http:\/\/www.rozalia-zagnansk.pl\/index.php?rest_route=\/wp\/v2\/posts\/7743\/revisions\/7750"}],"wp:attachment":[{"href":"http:\/\/www.rozalia-zagnansk.pl\/index.php?rest_route=%2Fwp%2Fv2%2Fmedia&parent=7743"}],"wp:term":[{"taxonomy":"category","embeddable":true,"href":"http:\/\/www.rozalia-zagnansk.pl\/index.php?rest_route=%2Fwp%2Fv2%2Fcategories&post=7743"},{"taxonomy":"post_tag","embeddable":true,"href":"http:\/\/www.rozalia-zagnansk.pl\/index.php?rest_route=%2Fwp%2Fv2%2Ftags&post=7743"}],"curies":[{"name":"wp","href":"https:\/\/api.w.org\/{rel}","templated":true}]}}