{"id":7060,"date":"2025-05-10T20:27:51","date_gmt":"2025-05-10T20:27:51","guid":{"rendered":"https:\/\/www.rozalia-zagnansk.pl\/?p=7060"},"modified":"2025-05-10T20:27:51","modified_gmt":"2025-05-10T20:27:51","slug":"ogloszenia-duszpasterskie-iv-niedziela-wielkanocna-11-05-2025","status":"publish","type":"post","link":"http:\/\/www.rozalia-zagnansk.pl\/?p=7060","title":{"rendered":"Og\u0142oszenia duszpasterskie \u2013 IV Niedziela Wielkanocna 11.05.2025"},"content":{"rendered":"<p>&#8222;Nie b\u0119dziesz bra\u0142 Imienia Pana Boga twego nadaremno&#8221;. Zatem je\u015bli jeste\u015b chrze\u015bcijaninem, niech to nie b\u0119dzie wzywanie Imienia Pa\u0144skiego nadaremno. B\u0105d\u017a chrze\u015bcijaninem naprawd\u0119, nie tylko z nazwy, nie b\u0105d\u017a chrze\u015bcijaninem byle jakim. &#8222;Nie ka\u017cdy, kt\u00f3ry Mi m\u00f3wi: \u00abPanie, Panie!\u00bb (&#8230;), lecz ten, kto spe\u0142nia wol\u0119 mojego Ojca&#8221;. Kontynuujemy cykl homilii w kr\u0119gu 10 Bo\u017cych przykaza\u0144 interpretowanych przez \u015bw. Jana Paw\u0142a w trakcie wizyty w Ojczy\u017anie w 1991 r. Potrzeba nam wraca\u0107 do fundament\u00f3w naszej wiary i porz\u0105dkowa\u0107 \u017cycie osobiste i wsp\u00f3lnotowe. Dzisiaj kolejny dodatek do Niedzielnika z aktualn\u0105 homili\u0105 \u015bw. Jana Paw\u0142a II oraz odtwarzane mi\u0119dzy mszami \u015bw. homilie papieskie z wspomnianej wizyty. Po mszy \u015bw. o godz. 10<sup>00<\/sup> w salce pod o\u0142tarzem podejmuj\u0105 nas kaw\u0105, herbat\u0105 i ciastkiem przedstawiciele Rady Parafialnej i R\u00f3\u017cy \u017bywego R\u00f3\u017ca\u0144ca im. B\u0142. Carla Acutisa modl\u0105ca si\u0119 za dzieci i m\u0142odzie\u017c naszej parafii. Zapraszam w ich imieniu. Mo\u017cna ich pozna\u0107 i wpisa\u0107 si\u0119 w t\u0105 pi\u0119kn\u0105 inicjatyw\u0119 modlitwy za M\u0142odych oraz spotka\u0107 si\u0119 z przedstawicielem Rady Parafialnej.<\/p>\n<p>W tym tygodniu liturgicznie wspominamy:<\/p>\n<p style=\"padding-left: 40px;\">13.05 \u2013 wtorek; Matki Bo\u017cej Fatimskiej msza \u015bw. godz. 20<sup>00<\/sup>.<\/p>\n<p style=\"padding-left: 40px;\">14.05 \u2013 \u015broda; \u015awi\u0119to Macieja Aposto\u0142a<\/p>\n<p style=\"padding-left: 40px;\">16.05 \u2013 pi\u0105tek; \u015awi\u0119to \u015bw. Andrzeja Boboli M\u0119czennika \u2013 patrona Polski<\/p>\n<p>W sobot\u0119 17.05 o godz. 17<sup>00<\/sup> Ch\u00f3r CON PASSIONE zaprasza na koncert ekumeniczny &#8211; Podczas tegorocznego koncertu po\u0142\u0105czymy nie tylko wyznania ale i ludzi. Za\u015bpiewaj\u0105 z nami dzieci i m\u0142odzie\u017c z naszej parafialnej scholii, zesp\u00f3\u0142 muzyczny S P nr19 w Kielcach oraz znany kwartet Estradi Various.<\/p>\n<p>Spotkanie z dzie\u0107mi I Komunijnymi \u015broda 14.05 &#8211; godz. 19<sup>00<\/sup>.<\/p>\n<p>Spotkanie dzieci rocznicowych \u2013 I komunii \u015bw. w pi\u0105tek o godz. 19<sup>00<\/sup>, wcze\u015bniej od 18<sup>30 <\/sup>spowied\u017a dla tych dzieci i ich Rodzic\u00f3w. Rocznica I Komunii \u015bw. tych dzieci w niedziel\u0119 o godz. 10<sup>00<\/sup>.<\/p>\n<p>Pragn\u0119 nawi\u0105za\u0107 do faktu umieszczenia w g\u0142\u00f3wnym o\u0142tarzu, wydruku ze szkicem przysz\u0142ej realizacji absydy o\u0142tarza. To jest tylko szkic. Jak mam nadziej\u0119, b\u0119dzie wygl\u0105da\u0142o Prezbiterium, to mamy na prezentacji po ch\u00f3rem i na stronie parafii. Ca\u0142o\u015b\u0107 Absydy \u2013 czyli tej \u015bciany za o\u0142tarzem b\u0119dzie wy\u0142o\u017cona mozaik\u0105. Prosz\u0119 si\u0119 nie sugerowa\u0107 tym wydrukiem.<\/p>\n<p>B\u00f3g zap\u0142a\u0107 rodz. z Gruszki za trosk\u0119 o ko\u015bci\u00f3\u0142 i ofiar\u0119 180 z\u0142. W sobot\u0119 prosz\u0119 Rodz. nr 98, 98A, 100, 102A, 103A, 106, 107, 108, 112, 113, 114, 114A.<\/p>\n<p>W sobot\u0119 zapraszam r\u00f3wnie\u017c do koszenia trawy wok\u00f3\u0142 ko\u015bcio\u0142a, na G\u00f3rce przyko\u015bcielnej, Rodzic\u00f3w Dzieci przygotowuj\u0105cych si\u0119 do I Komunii \u015bw. i Dzieci Rocznicowych.<\/p>\n<p>Kancelaria parafialna czynna w poniedzia\u0142ek, \u015broda i pi\u0105tek od 16<sup>00<\/sup> &#8211; 17<sup>00<\/sup>.<\/p>\n<p><a href=\"http:\/\/www.rozalia-zagnansk.pl\/wp-content\/uploads\/2025\/05\/Jan-Pawel-II-1-przykazanie.pdf\">4 PIELGRZYMKA \u015aW. JANA PAW\u0141A II DO POLSKI DEKALOG \u2013 Przykazanie I Homilia z mszy w Koszalinie<\/a><\/p>\n<p><a href=\"http:\/\/www.rozalia-zagnansk.pl\/wp-content\/uploads\/2025\/05\/Niedzielnik-11.05.2025.pdf\">Niedzielnik 11.05.2025<\/a><\/p>\n ","protected":false},"excerpt":{"rendered":"<p>&#8222;Nie b\u0119dziesz bra\u0142 Imienia Pana Boga twego nadaremno&#8221;. Zatem je\u015bli jeste\u015b chrze\u015bcijaninem, niech to nie b\u0119dzie wzywanie Imienia Pa\u0144skiego nadaremno. B\u0105d\u017a chrze\u015bcijaninem [&hellip;]<\/p>\n","protected":false},"author":1,"featured_media":0,"comment_status":"closed","ping_status":"open","sticky":false,"template":"","format":"standard","meta":{"_acf_changed":false,"jetpack_post_was_ever_published":false,"_jetpack_newsletter_access":"","_jetpack_dont_email_post_to_subs":false,"_jetpack_newsletter_tier_id":0,"_jetpack_memberships_contains_paywalled_content":false,"_jetpack_memberships_contains_paid_content":false,"footnotes":"","jetpack_publicize_message":"","jetpack_publicize_feature_enabled":true,"jetpack_social_post_already_shared":true,"jetpack_social_options":{"image_generator_settings":{"template":"highway","enabled":false},"version":2}},"categories":[3],"tags":[],"class_list":["post-7060","post","type-post","status-publish","format-standard","hentry","category-ogloszenia"],"jetpack_publicize_connections":[],"acf":[],"jetpack_featured_media_url":"","jetpack_sharing_enabled":true,"jetpack_shortlink":"https:\/\/wp.me\/paz7cl-1PS","_links":{"self":[{"href":"http:\/\/www.rozalia-zagnansk.pl\/index.php?rest_route=\/wp\/v2\/posts\/7060","targetHints":{"allow":["GET"]}}],"collection":[{"href":"http:\/\/www.rozalia-zagnansk.pl\/index.php?rest_route=\/wp\/v2\/posts"}],"about":[{"href":"http:\/\/www.rozalia-zagnansk.pl\/index.php?rest_route=\/wp\/v2\/types\/post"}],"author":[{"embeddable":true,"href":"http:\/\/www.rozalia-zagnansk.pl\/index.php?rest_route=\/wp\/v2\/users\/1"}],"replies":[{"embeddable":true,"href":"http:\/\/www.rozalia-zagnansk.pl\/index.php?rest_route=%2Fwp%2Fv2%2Fcomments&post=7060"}],"version-history":[{"count":1,"href":"http:\/\/www.rozalia-zagnansk.pl\/index.php?rest_route=\/wp\/v2\/posts\/7060\/revisions"}],"predecessor-version":[{"id":7062,"href":"http:\/\/www.rozalia-zagnansk.pl\/index.php?rest_route=\/wp\/v2\/posts\/7060\/revisions\/7062"}],"wp:attachment":[{"href":"http:\/\/www.rozalia-zagnansk.pl\/index.php?rest_route=%2Fwp%2Fv2%2Fmedia&parent=7060"}],"wp:term":[{"taxonomy":"category","embeddable":true,"href":"http:\/\/www.rozalia-zagnansk.pl\/index.php?rest_route=%2Fwp%2Fv2%2Fcategories&post=7060"},{"taxonomy":"post_tag","embeddable":true,"href":"http:\/\/www.rozalia-zagnansk.pl\/index.php?rest_route=%2Fwp%2Fv2%2Ftags&post=7060"}],"curies":[{"name":"wp","href":"https:\/\/api.w.org\/{rel}","templated":true}]}}