{"id":7042,"date":"2025-05-03T23:37:02","date_gmt":"2025-05-03T23:37:02","guid":{"rendered":"https:\/\/www.rozalia-zagnansk.pl\/?p=7042"},"modified":"2025-05-05T10:53:51","modified_gmt":"2025-05-05T10:53:51","slug":"ogloszenia-duszpasterskie-iii-niedziela-wielkanocna-04-05-2025","status":"publish","type":"post","link":"http:\/\/www.rozalia-zagnansk.pl\/?p=7042","title":{"rendered":"Og\u0142oszenia duszpasterskie \u2013 III Niedziela Wielkanocna 04.05.2025"},"content":{"rendered":"<p>\u201e St\u0105d, znad Ba\u0142tyku, prosz\u0119 was, wszyscy moi rodacy, synowie i c\u00f3rki wsp\u00f3lnej Ojczyzny, aby\u015bcie nie pozwolili rozbi\u0107 tego naczynia, kt\u00f3re zawiera Bo\u017c\u0105 prawd\u0119 i Bo\u017ce prawo. Prosz\u0119, aby\u015bcie nie pozwolili go zniszczy\u0107. Aby\u015bcie sklejali je z powrotem, je\u015bli pop\u0119ka\u0142o. Aby\u015bcie nigdy nie zapominali: &#8222;Jam jest Pan, B\u00f3g tw\u00f3j, kt\u00f3rym ci\u0119 wywi\u00f3d\u0142 z ziemi egipskiej, z domu niewoli. Nie b\u0119dziesz mia\u0142 bog\u00f3w cudzych przede Mn\u0105!\u201d Rozpocz\u0119li\u015bmy t\u0105 niedziel\u0105 cykl homilii w kr\u0119gu 10 Bo\u017cych przykaza\u0144 interpretowanych przez \u015bw. Jana Paw\u0142a w trakcie wizyty w Ojczy\u017anie w 1991 r. Potrzeba nam wraca\u0107 do fundament\u00f3w naszej wiary i porz\u0105dkowa\u0107 \u017cycie osobiste i wsp\u00f3lnotowe. Temu mo\u017ce nam pom\u00f3c dodatek do Niedzielnika z aktualn\u0105 homili\u0105 \u015bw. Jana Paw\u0142a II oraz odtwarzane mi\u0119dzy mszami \u015bw. homilie papieskie z wspomnianej wizyty. Po mszy \u015bw. o godz. 10<sup>00<\/sup> w salce pod o\u0142tarzem podejmuj\u0105 nas kaw\u0105, herbat\u0105 i ciastkiem przedstawiciele Rady Parafialnej i Domowego Ko\u015bcio\u0142a. Zapraszam w ich imieniu. Mo\u017cna pozna\u0107 ich styl pracy w kr\u0119gu Oazy Rodzin oraz spotka\u0107 si\u0119 z przedstawicielem Rady Parafialnej.<\/p>\n<p>Adoracja Naj\u015bwi\u0119tszego Sakramentu: poniedzia\u0142ek \u2013 pi\u0105tek od 17<sup>00<\/sup> msze \u015bw. <strong>od maja o godz. 18<sup>00<\/sup><\/strong>.<\/p>\n<p><strong>Nabo\u017ce\u0144stwa majowe<\/strong> o godz. <strong>17<sup>30<\/sup><\/strong>.<\/p>\n<p>W tym tygodniu liturgicznie wspominamy:<\/p>\n<p style=\"padding-left: 40px;\">06.05 \u2013 wtorek; \u015awi\u0119to \u015bwi\u0119tych Aposto\u0142\u00f3w Filipa i Jakuba<\/p>\n<p style=\"padding-left: 40px;\">07.05 \u2013 \u015broda; \u015awi\u0119to NMP Matki \u0141aski Bo\u017cej \u2013 Patronki Kielc<\/p>\n<p style=\"padding-left: 40px;\">08.05 \u2013 czwartek; Uroczysto\u015b\u0107 \u015bw. Stanis\u0142awa Biskupa M\u0119czennika.<\/p>\n<p>Rozpoczynamy Tydzie\u0144 Biblijny \u2013 uzmys\u0142awia nam wystr\u00f3j przed o\u0142tarzem. Si\u0119gajmy po S\u0142owo Bo\u017ce a wychodz\u0105c z ko\u015bcio\u0142a pocz\u0119stujmy si\u0119 fragmentem Bo\u017cego S\u0142owa ze szklanych naczy\u0144.<\/p>\n<p>Spotkanie z dzie\u0107mi przygotowuj\u0105cym si\u0119 do I Komunii \u015bw. wtorek godz. 19<sup>00<\/sup>.<\/p>\n<p>Dzi\u0119kuj\u0119 Wszystkim, kt\u00f3rzy przy Kapliczkach i Krzy\u017cach, kontynuuj\u0105 pi\u0119kna tradycj\u0119 \u015bpiewania maj\u00f3wek oraz za przystrojenie Krzy\u017cy i Kapliczek. B\u00f3g zap\u0142a\u0107.<\/p>\n<p><span style=\"color: #ff0000;\"><strong>(AKTUALIZACJA)<\/strong><\/span> Kancelaria parafialna w tym tygodniu czynna poniedzia\u0142ek, \u015broda i pi\u0105tek od 16<sup>00<\/sup> &#8211; 17<sup>00<\/sup>.<\/p>\n<p>W sobot\u0119 Ksi\u0105dz odwiedzi chorych od godz. 10<sup>00<\/sup><\/p>\n<p>Zapraszam Rodz. z Gruszki nr 81, 82, 83, 84, 85, 86, 87, 89, 89A, 91, 94, 96, 96A. do troski o ko\u015bci\u00f3\u0142 w sobot\u0119 po mszy \u015bw.<\/p>\n<p><a href=\"http:\/\/www.rozalia-zagnansk.pl\/wp-content\/uploads\/2025\/05\/Komunikat-Biskupa-Kieleckiego-Uroczystosc-Matki-Bozej-Laskawej.pdf\">Komunikat Biskupa Kieleckiego &#8211; Uroczysto\u015b\u0107 Matki Bo\u017cej \u0141askawej<\/a><\/p>\n<p><a href=\"http:\/\/www.rozalia-zagnansk.pl\/wp-content\/uploads\/2025\/05\/Zaproszenie-na-Dni-Funduszy-Europejskich.pdf\">Zaproszenie na Dni Funduszy Europejskich<\/a><\/p>\n<p><a href=\"http:\/\/www.rozalia-zagnansk.pl\/wp-content\/uploads\/2025\/05\/Niedzielnik-04.05.2025.pdf\">Niedzielnik 04.05.2025<\/a><\/p>\n ","protected":false},"excerpt":{"rendered":"<p>\u201e St\u0105d, znad Ba\u0142tyku, prosz\u0119 was, wszyscy moi rodacy, synowie i c\u00f3rki wsp\u00f3lnej Ojczyzny, aby\u015bcie nie pozwolili rozbi\u0107 tego naczynia, kt\u00f3re zawiera [&hellip;]<\/p>\n","protected":false},"author":1,"featured_media":0,"comment_status":"closed","ping_status":"open","sticky":false,"template":"","format":"standard","meta":{"_acf_changed":false,"jetpack_post_was_ever_published":false,"_jetpack_newsletter_access":"","_jetpack_dont_email_post_to_subs":false,"_jetpack_newsletter_tier_id":0,"_jetpack_memberships_contains_paywalled_content":false,"_jetpack_memberships_contains_paid_content":false,"footnotes":"","jetpack_publicize_message":"","jetpack_publicize_feature_enabled":true,"jetpack_social_post_already_shared":true,"jetpack_social_options":{"image_generator_settings":{"template":"highway","enabled":false},"version":2}},"categories":[3],"tags":[],"class_list":["post-7042","post","type-post","status-publish","format-standard","hentry","category-ogloszenia"],"jetpack_publicize_connections":[],"acf":[],"jetpack_featured_media_url":"","jetpack_sharing_enabled":true,"jetpack_shortlink":"https:\/\/wp.me\/paz7cl-1PA","_links":{"self":[{"href":"http:\/\/www.rozalia-zagnansk.pl\/index.php?rest_route=\/wp\/v2\/posts\/7042","targetHints":{"allow":["GET"]}}],"collection":[{"href":"http:\/\/www.rozalia-zagnansk.pl\/index.php?rest_route=\/wp\/v2\/posts"}],"about":[{"href":"http:\/\/www.rozalia-zagnansk.pl\/index.php?rest_route=\/wp\/v2\/types\/post"}],"author":[{"embeddable":true,"href":"http:\/\/www.rozalia-zagnansk.pl\/index.php?rest_route=\/wp\/v2\/users\/1"}],"replies":[{"embeddable":true,"href":"http:\/\/www.rozalia-zagnansk.pl\/index.php?rest_route=%2Fwp%2Fv2%2Fcomments&post=7042"}],"version-history":[{"count":3,"href":"http:\/\/www.rozalia-zagnansk.pl\/index.php?rest_route=\/wp\/v2\/posts\/7042\/revisions"}],"predecessor-version":[{"id":7051,"href":"http:\/\/www.rozalia-zagnansk.pl\/index.php?rest_route=\/wp\/v2\/posts\/7042\/revisions\/7051"}],"wp:attachment":[{"href":"http:\/\/www.rozalia-zagnansk.pl\/index.php?rest_route=%2Fwp%2Fv2%2Fmedia&parent=7042"}],"wp:term":[{"taxonomy":"category","embeddable":true,"href":"http:\/\/www.rozalia-zagnansk.pl\/index.php?rest_route=%2Fwp%2Fv2%2Fcategories&post=7042"},{"taxonomy":"post_tag","embeddable":true,"href":"http:\/\/www.rozalia-zagnansk.pl\/index.php?rest_route=%2Fwp%2Fv2%2Ftags&post=7042"}],"curies":[{"name":"wp","href":"https:\/\/api.w.org\/{rel}","templated":true}]}}