{"id":7018,"date":"2025-04-13T00:05:55","date_gmt":"2025-04-13T00:05:55","guid":{"rendered":"https:\/\/www.rozalia-zagnansk.pl\/?p=7018"},"modified":"2025-04-13T00:06:39","modified_gmt":"2025-04-13T00:06:39","slug":"ogloszenia-duszpasterskie-niedziela-palmowa-meki-panskiej-13-04-2025","status":"publish","type":"post","link":"http:\/\/www.rozalia-zagnansk.pl\/?p=7018","title":{"rendered":"Og\u0142oszenia duszpasterskie Niedziela Palmowa \u2013 M\u0119ki Pa\u0144skiej 13.04.2025"},"content":{"rendered":"<p>Dzisiaj Hosanna a jutro ukrzy\u017cuj. Niedziel\u0105 M\u0119ki Pa\u0144skiej rozpoczynamy czas Wielkiego Tygodnia w centrum kt\u00f3rego jest Triduum Paschalne. Najwa\u017cniejsze dni chrze\u015bcijan: M\u0119ki, Ukrzy\u017cowania, \u015amierci i Zmartwychwstania Pa\u0144skiego.<\/p>\n<p><strong>Wielki Czwartek<\/strong> &#8211; Msz\u0105 Wieczerzy Pa\u0144skiej o <strong>18<sup>00<\/sup><\/strong> rozpoczynamy \u015awi\u0119te Triduum Paschalne. Czwartek to dzie\u0144 ustanowienia Sakramentu Eucharystii i Sakramentu Kap\u0142a\u0144stwa. Po Mszy \u015bw. przeniesienie Naj\u015bwi\u0119tszego Sakramentu do Ciemnicy. Adoracja po liturgii: Ap. Krwi Chrystusa &#8211; <strong>20<sup>00<\/sup><\/strong>; Margaretki; &#8211; <strong>21<sup>00<\/sup><\/strong> M\u0119ski \u017bywy R\u00f3\u017caniec &#8211; <strong>22<sup>00<\/sup><\/strong>. Adoracja do godz. <strong>23<sup>00<\/sup><\/strong>.<\/p>\n<p>W <strong>Wielki Pi\u0105tek<\/strong> Ko\u015bci\u00f3\u0142 nie sprawuje Mszy \u015bwi\u0119tej. W tym dniu obowi\u0105zuje Post \u015bcis\u0142y i jeden posi\u0142ek do syta. W Wielki Pi\u0105tek adoracja Pana Jezusa w Ciemnicy od godz. <strong>8<sup>00<\/sup><\/strong> przez ca\u0142y dzie\u0144. Liturgia Wielkiego Pi\u0105tku rozpocznie si\u0119 o godz. <strong>17<sup>00<\/sup><\/strong> Drog\u0105 Krzy\u017cow\u0105 a po Drodze Krzy\u017cowej Liturgia M\u0119ki Pa\u0144skiej i Adoracja Krzy\u017ca wraz z Komuni\u0105 \u015awi\u0119t\u0105. Adoracja Pana Jezusa w Grobie w tym dniu do godz. <strong>24<sup>00<\/sup><\/strong>. Prosimy o\u00a0przygotowanie rozwa\u017ca\u0144 adoracyjnych: <strong>20.00 M\u0142odzie\u017c klas VII i Szk\u00f3\u0142 \u015arednich wraz ze Scholk\u0105<\/strong>; Florianki od godz. <strong>21<sup>00<\/sup><\/strong>; Wsp\u00f3lnota Odnowy w Duchu \u015awi\u0119tym od godz. <strong>22<sup>00<\/sup><\/strong>; M\u0119ski \u017bywy R\u00f3\u017caniec i Rycerze Kolumba od godz. <strong>23<sup>00<\/sup><\/strong>. Prosimy Druh\u00f3w Stra\u017cak\u00f3w o asyst\u0119 przy Grobie Pa\u0144skim. Taca przeznaczona na Bazylik\u0119 grobu Pana Jezusa w Jerozolimie. Rozpoczniemy w\u00f3wczas Nowenn\u0119 do Bo\u017cego Mi\u0142osierdzia.<\/p>\n<p>W <strong>Wielk\u0105 Sobot\u0119<\/strong> adoracja przy Grobie Pana Jezusa od godz. <strong>8<sup>00<\/sup><\/strong>; od godz. <strong>9<sup>00<\/sup><\/strong> do <strong>12<sup>00<\/sup><\/strong> co p\u00f3\u0142 godziny po\u015bwi\u0119cenie pokarm\u00f3w na st\u00f3\u0142 wielkanocny. Adoracja przy Grobie Pa\u0144skim w tym dniu do godz. <strong>20<sup>00<\/sup>.<\/strong> <u>Od 12<sup>20<\/sup> do 16<sup>00<\/sup> przerwa<\/u>. Na godz. <strong>17<sup>00<\/sup><\/strong> zapraszam Siostry z R\u00f3\u017c \u017bywego R\u00f3\u017ca\u0144ca; na <strong>18<sup>00<\/sup><\/strong> zapraszam Jaworzanki. Prosz\u0119 Druh\u00f3w Stra\u017cak\u00f3w o asyst\u0119 przy Grobie Pa\u0144skim. O godz. <strong>20<sup>00<\/sup><\/strong> rozpoczniemy <strong>Liturgi\u0119 Wigilii Paschalnej.<\/strong> Gromadzimy si\u0119 przed ko\u015bcio\u0142em na b\u0142ogos\u0142awie\u0144stwo ognia. Po po\u015bwi\u0119ceniu ognia procesjonalnie przejdziemy do ko\u015bcio\u0142a. Podczas Eucharystii b\u0119dzie odnowienie przyrzecze\u0144 chrzcielnych. Prosz\u0119 przynie\u015b\u0107 \u015bwiece chrzcielne. Po liturgii nie ma adoracji.<\/p>\n<p>W <strong>Niedziel\u0119 Zmartwychwstania<\/strong> <strong>Pa\u0144skiego<\/strong> &#8211; Rezurekcja o godz. <strong>6<sup>00<\/sup><\/strong>. Prosimy o\u00a0przybycie asysty liturgicznej, Siostry z K\u00f3\u0142 \u017byw. R\u00f3\u017ca\u0144ca, Braci z M\u0119skiego R\u00f3\u017ca\u0144ca, Jaworzanki, Florianki, KGW Dary Lasu, OSP Chrusty, Rycerzy Kolumba, dziewczynki do sypania kwiat\u00f3w oraz Pan\u00f3w do feretron\u00f3w. Msze \u015bw. w\u00a0Wielkanoc o godz. <strong>6<sup>00<\/sup><\/strong>, <strong>10<sup>00<\/sup><\/strong>, <strong>12<sup>00<\/sup><\/strong> i o godz. <strong>16<sup>00<\/sup><\/strong>.<\/p>\n<p>Prosz\u0119 o podj\u0119cie adoracji przy Grobie Pa\u0144skim parafian nie zrzeszonych w grupy duszpasterskie wg nast\u0119p. porz\u0105dku w <u>Wielki Pi\u0105tek<\/u>: <strong>9<sup>00<\/sup> <\/strong>Jana Paw\u0142a II, Che\u0142mowa, Spokojna i Pogodna; <strong>10<sup>00<\/sup><\/strong>\u00a0O\u015b. Wrzosy, Wrzosowa i Turystyczna; <strong>11<sup>00<\/sup><\/strong> Chrusty i Ma\u0142e Chrusty; <strong>12<sup>00<\/sup><\/strong> \u015aci\u0119gna; <strong>13<sup>00<\/sup><\/strong> Lekomin, Widokowa i Barcza; <strong>14<sup>00<\/sup><\/strong> Gruszka; <strong>15<sup>00<\/sup><\/strong> Jaworze; <strong>16<sup>00<\/sup><\/strong> Belno i Zache\u0142mie.<\/p>\n<p>Adoracja Naj\u015bwi\u0119tszego Sakramentu: poniedzia\u0142ek i \u015broda od <strong>16<sup>00 <\/sup><\/strong>z mo\u017cliwo\u015bci\u0105 spowiedzi (wtorek praca przy Grobie Pa\u0144skim) \u2013 prosz\u0119 obejmijmy modlitw\u0105 te osoby, kt\u00f3re nie maj\u0105 pragnienia serca, aby przyj\u0105\u0107 Zmartwychwsta\u0142ego Pana do swojego serca w darze komunii \u015bw.<\/p>\n<p>Zbi\u00f3rka ministrant\u00f3w i przygotow. do Triduum Paschalnego w czwartek, pi\u0105tek i sobot\u0119 o godz. <strong>15<sup>00<\/sup>.<\/strong><\/p>\n<p>Paczki \u017cywno\u015bciowe Rycerze Kolumba dostarcz\u0105 w Wielk\u0105 \u015arod\u0119 po godz. <strong>14<sup>00<\/sup><\/strong> \u2013 je\u017celi znamy rodziny, osoby, kt\u00f3re potrzebuj\u0105 wsparcia, to prosz\u0119 o info. przez so\u0142tys\u00f3w lub bezpo\u015brednio do mnie.<\/p>\n<p>B\u00f3g zap\u0142a\u0107 Rodz. z Gruszki za trosk\u0119 o ko\u015bci\u00f3\u0142 i ofiar\u0119 170 z\u0142 w sobot\u0119 po po\u015bwi\u0119ceniu potraw wielkanocnych zapraszam Rodz. nr 46, 48, 48A, 50, 51, 52, 53, 53A, 54 56, 57, 58, 59.<\/p>\n<p>W przedsionku <strong>M\u0142odzie\u017c wraz z wychowawcami WS<\/strong> oferuje w \u015bwi\u0105tecznym kiermaszu wyroby. Doch\u00f3d przeznaczony na finansowanie funkcjonowania Klubu.<\/p>\n<p>Rycerze Kolumba przed ko\u015bcio\u0142em zbieraj\u0105 <strong>podpisy pod protestem<\/strong> do Ministerstwa Kultury i Dziedzictwa Narodowego w obronie Muzeum Pami\u0119\u0107 i To\u017csamo\u015b\u0107 im. \u015aw. Jana Paw\u0142a II.<\/p>\n<p><strong>Kancelaria parafialna<\/strong> w tym tygodniu nieczynna.<\/p>\n<p><a href=\"http:\/\/www.rozalia-zagnansk.pl\/wp-content\/uploads\/2025\/04\/Niedzielnik-13.04.2025.pdf\">Niedzielnik 13.04.2025<\/a><\/p>\n ","protected":false},"excerpt":{"rendered":"<p>Dzisiaj Hosanna a jutro ukrzy\u017cuj. Niedziel\u0105 M\u0119ki Pa\u0144skiej rozpoczynamy czas Wielkiego Tygodnia w centrum kt\u00f3rego jest Triduum Paschalne. Najwa\u017cniejsze dni chrze\u015bcijan: M\u0119ki, [&hellip;]<\/p>\n","protected":false},"author":1,"featured_media":0,"comment_status":"closed","ping_status":"open","sticky":false,"template":"","format":"standard","meta":{"_acf_changed":false,"jetpack_post_was_ever_published":false,"_jetpack_newsletter_access":"","_jetpack_dont_email_post_to_subs":false,"_jetpack_newsletter_tier_id":0,"_jetpack_memberships_contains_paywalled_content":false,"_jetpack_memberships_contains_paid_content":false,"footnotes":"","jetpack_publicize_message":"","jetpack_publicize_feature_enabled":true,"jetpack_social_post_already_shared":true,"jetpack_social_options":{"image_generator_settings":{"template":"highway","enabled":false},"version":2}},"categories":[3],"tags":[],"class_list":["post-7018","post","type-post","status-publish","format-standard","hentry","category-ogloszenia"],"jetpack_publicize_connections":[],"acf":[],"jetpack_featured_media_url":"","jetpack_sharing_enabled":true,"jetpack_shortlink":"https:\/\/wp.me\/paz7cl-1Pc","_links":{"self":[{"href":"http:\/\/www.rozalia-zagnansk.pl\/index.php?rest_route=\/wp\/v2\/posts\/7018","targetHints":{"allow":["GET"]}}],"collection":[{"href":"http:\/\/www.rozalia-zagnansk.pl\/index.php?rest_route=\/wp\/v2\/posts"}],"about":[{"href":"http:\/\/www.rozalia-zagnansk.pl\/index.php?rest_route=\/wp\/v2\/types\/post"}],"author":[{"embeddable":true,"href":"http:\/\/www.rozalia-zagnansk.pl\/index.php?rest_route=\/wp\/v2\/users\/1"}],"replies":[{"embeddable":true,"href":"http:\/\/www.rozalia-zagnansk.pl\/index.php?rest_route=%2Fwp%2Fv2%2Fcomments&post=7018"}],"version-history":[{"count":1,"href":"http:\/\/www.rozalia-zagnansk.pl\/index.php?rest_route=\/wp\/v2\/posts\/7018\/revisions"}],"predecessor-version":[{"id":7020,"href":"http:\/\/www.rozalia-zagnansk.pl\/index.php?rest_route=\/wp\/v2\/posts\/7018\/revisions\/7020"}],"wp:attachment":[{"href":"http:\/\/www.rozalia-zagnansk.pl\/index.php?rest_route=%2Fwp%2Fv2%2Fmedia&parent=7018"}],"wp:term":[{"taxonomy":"category","embeddable":true,"href":"http:\/\/www.rozalia-zagnansk.pl\/index.php?rest_route=%2Fwp%2Fv2%2Fcategories&post=7018"},{"taxonomy":"post_tag","embeddable":true,"href":"http:\/\/www.rozalia-zagnansk.pl\/index.php?rest_route=%2Fwp%2Fv2%2Ftags&post=7018"}],"curies":[{"name":"wp","href":"https:\/\/api.w.org\/{rel}","templated":true}]}}