{"id":7005,"date":"2025-04-03T08:14:07","date_gmt":"2025-04-03T08:14:07","guid":{"rendered":"https:\/\/www.rozalia-zagnansk.pl\/?p=7005"},"modified":"2025-04-09T07:41:17","modified_gmt":"2025-04-09T07:41:17","slug":"roza-rozancowa-kwiecien-2","status":"publish","type":"post","link":"http:\/\/www.rozalia-zagnansk.pl\/?p=7005","title":{"rendered":"R\u00f3\u017ca R\u00f3\u017ca\u0144cowa \u2013 Kwiecie\u0144"},"content":{"rendered":"<p><a href=\"http:\/\/www.rozalia-zagnansk.pl\/wp-content\/uploads\/2024\/08\/zr-logo.png\"><img fetchpriority=\"high\" decoding=\"async\" class=\"size-large wp-image-6469 aligncenter\" src=\"http:\/\/www.rozalia-zagnansk.pl\/wp-content\/uploads\/2024\/08\/zr-logo-1024x89.png\" alt=\"\" width=\"1024\" height=\"89\" srcset=\"http:\/\/www.rozalia-zagnansk.pl\/wp-content\/uploads\/2024\/08\/zr-logo-1024x89.png 1024w, http:\/\/www.rozalia-zagnansk.pl\/wp-content\/uploads\/2024\/08\/zr-logo-300x26.png 300w, http:\/\/www.rozalia-zagnansk.pl\/wp-content\/uploads\/2024\/08\/zr-logo-768x67.png 768w, http:\/\/www.rozalia-zagnansk.pl\/wp-content\/uploads\/2024\/08\/zr-logo-1536x133.png 1536w, http:\/\/www.rozalia-zagnansk.pl\/wp-content\/uploads\/2024\/08\/zr-logo-2048x177.png 2048w, http:\/\/www.rozalia-zagnansk.pl\/wp-content\/uploads\/2024\/08\/zr-logo-1000x87.png 1000w, http:\/\/www.rozalia-zagnansk.pl\/wp-content\/uploads\/2024\/08\/zr-logo-230x20.png 230w, http:\/\/www.rozalia-zagnansk.pl\/wp-content\/uploads\/2024\/08\/zr-logo-350x30.png 350w, http:\/\/www.rozalia-zagnansk.pl\/wp-content\/uploads\/2024\/08\/zr-logo-480x42.png 480w\" sizes=\"(max-width: 1024px) 100vw, 1024px\" \/><\/a><\/p>\n<h2 style=\"text-align: center;\"><strong>Kwiecie\u0144 2025 r.<\/strong><\/h2>\n<p><a href=\"http:\/\/www.rozalia-zagnansk.pl\/wp-content\/uploads\/2025\/02\/header_mzr_2025v2.png\"><img decoding=\"async\" class=\"size-full wp-image-6938 aligncenter\" src=\"http:\/\/www.rozalia-zagnansk.pl\/wp-content\/uploads\/2025\/02\/header_mzr_2025v2.png\" alt=\"\" width=\"690\" height=\"146\" srcset=\"http:\/\/www.rozalia-zagnansk.pl\/wp-content\/uploads\/2025\/02\/header_mzr_2025v2.png 690w, http:\/\/www.rozalia-zagnansk.pl\/wp-content\/uploads\/2025\/02\/header_mzr_2025v2-300x63.png 300w, http:\/\/www.rozalia-zagnansk.pl\/wp-content\/uploads\/2025\/02\/header_mzr_2025v2-230x49.png 230w, http:\/\/www.rozalia-zagnansk.pl\/wp-content\/uploads\/2025\/02\/header_mzr_2025v2-350x74.png 350w, http:\/\/www.rozalia-zagnansk.pl\/wp-content\/uploads\/2025\/02\/header_mzr_2025v2-480x102.png 480w\" sizes=\"(max-width: 690px) 100vw, 690px\" \/><\/a><\/p>\n<p>&nbsp;<\/p>\n<p style=\"text-align: center;\"><span style=\"color: #4472c4;\"><strong><em>By Maryja by\u0142a bardziej znana i mi\u0142owana;<br \/>\n<\/em><\/strong><\/span><span style=\"color: #4472c4;\"><strong><em>by Jej Wezwania z Fatimy pozna\u0142 i wype\u0142nia\u0142 \u015bwiat<\/em><\/strong><strong>.<\/strong><\/span><\/p>\n<hr \/>\n<p><em><span style=\"text-decoration: underline;\"><strong>Papieska Intencja<\/strong><\/span><\/em><\/p>\n<p><span style=\"color: #ff0000;\"><strong>O m\u0105dre korzystanie z nowych technologii<\/strong><\/span><\/p>\n<p><strong>M\u00f3dlmy si\u0119, aby korzystanie z nowych technologii nie zast\u0119powa\u0142o relacji mi\u0119dzyludzkich, odbywa\u0142o si\u0119 w atmosferze szacunku do ka\u017cdego cz\u0142owieka i pomaga\u0142o stawi\u0107 czo\u0142a kryzysowi naszych czas\u00f3w.<\/strong><\/p>\n<p><strong><em><u>Intencje parafialne (sta\u0142e) m\u00f3dlmy si\u0119:<\/u><\/em><\/strong><\/p>\n<ul>\n<li><strong><em>za kap\u0142an\u00f3w oraz o nowe i \u015bwi\u0119te powo\u0142ania kap\u0142a\u0144skie, misyjne i zakonne, aby nie zabrak\u0142o \u015bwiadk\u00f3w Ewangelii i mi\u0142o\u015bci Boga do cz\u0142owieka.<\/em><\/strong><\/li>\n<li><strong><em>za dzieci i m\u0142odzie\u017c, aby w ich sercach rodzi\u0142o si\u0119 pragnienie pod\u0105\u017cania za Bogiem i Jego Synem, kt\u00f3ry jest jedyn\u0105 drog\u0105, prawd\u0105 i \u017cyciem,<\/em><\/strong><\/li>\n<li><strong><em>za narody udr\u0119czone wojnami na ca\u0142ym \u015bwiecie, szczeg\u00f3lnie na Ukrainie i Bliskim Wschodzie, aby zazna\u0142y sprawiedliwego pokoju,<\/em><\/strong><\/li>\n<li><strong><em>o uzdrawiaj\u0105c\u0105 \u0142ask\u0119 wiary, nadziei i mi\u0142o\u015bci dla wszystkich chorych, cierpi\u0105cych, samotnych i uzale\u017cnionych.<\/em><\/strong><\/li>\n<\/ul>\n<p><strong><em><u>Intencje \u017bywego R\u00f3\u017ca\u0144ca \u2013 m\u00f3dlmy si\u0119:<\/u><\/em><\/strong><\/p>\n<ul>\n<li><strong><em>o odzyskanie pe\u0142ni si\u0142 i powr\u00f3t do zdrowia ks. \u0141ukasza <\/em><\/strong><span style=\"color: #3366ff;\"><strong><em>(R\u00f3\u017ca I b\u0142. kard. St. Wyszy\u0144ski)<\/em><\/strong><\/span><\/li>\n<li><strong><em>o pomy\u015blny przebieg operacji dla Teresy, by Duch \u015awi\u0119ty da\u0142 zespo\u0142owi operacyjnemu umiej\u0119tno\u015bci potrzebne, by\u00a0operacja\u00a0si\u0119 uda\u0142a i by nie by\u0142o komplikacji,\u00a0 by kierowa\u0142\u00a0 pracami lekarzy, aby podejmowali m\u0105dre decyzje i dobrze wykonali to, co jest potrzebne <span style=\"color: #3366ff;\">(R\u00f3\u017ca I b\u0142. kard. St. Wyszy\u0144ski)<\/span>,<\/em><\/strong><\/li>\n<li><strong><em>o dar uzdrowienia dla Ma\u0142gorzaty, o si\u0142\u0119 do walki z chorob\u0105 nowotworow\u0105 i o pok\u00f3j serca, kt\u00f3ry umo\u017cliwi jej przetrwa\u0107 ten ci\u0119\u017cki czas <\/em><\/strong><strong><em><span style=\"color: #3366ff;\">(R\u00f3\u017ca II\u00a0 \u015bw. Rozalii)<\/span>, <\/em><\/strong><\/li>\n<li><strong><em>o dobre i owocne przygotowanie si\u0119 do \u015bwi\u0105t wielkanocnych poprzez udzia\u0142 w rekolekcjach i przyst\u0105pienie do sakramentu pokuty.<\/em><\/strong><\/li>\n<li><strong><em>za Papie\u017ca Franciszka, aby Pan Jezus obdarzy\u0142 go \u0142ask\u0105 zdrowia i potrzebnymi si\u0142ami, aby \u2013 jako pielgrzym nadziei \u2013 m\u00f3g\u0142 kontynuowa\u0107 swoj\u0105 \u015bwi\u0119t\u0105 misj\u0119 prowadzenia Ko\u015bcio\u0142a drogami zbawienia,\u00a0<\/em><\/strong><\/li>\n<li><strong><em>za zagubionych, kt\u00f3rzy z ro\u017cnych przyczyn odeszli od Chrystusa i wsp\u00f3lnoty Ko\u015bcio\u0142a.<\/em><\/strong><\/li>\n<\/ul>\n<p><strong><em><u>Intencje w\u0142asne<\/u><\/em><\/strong><\/p>\n ","protected":false},"excerpt":{"rendered":"<p>Kwiecie\u0144 2025 r. &nbsp; By Maryja by\u0142a bardziej znana i mi\u0142owana; by Jej Wezwania z Fatimy pozna\u0142 i wype\u0142nia\u0142 \u015bwiat. Papieska Intencja [&hellip;]<\/p>\n","protected":false},"author":1,"featured_media":7006,"comment_status":"closed","ping_status":"open","sticky":false,"template":"","format":"standard","meta":{"_acf_changed":false,"jetpack_post_was_ever_published":false,"_jetpack_newsletter_access":"","_jetpack_dont_email_post_to_subs":false,"_jetpack_newsletter_tier_id":0,"_jetpack_memberships_contains_paywalled_content":false,"_jetpack_memberships_contains_paid_content":false,"footnotes":"","jetpack_publicize_message":"","jetpack_publicize_feature_enabled":true,"jetpack_social_post_already_shared":true,"jetpack_social_options":{"image_generator_settings":{"template":"highway","enabled":false},"version":2}},"categories":[20],"tags":[],"class_list":["post-7005","post","type-post","status-publish","format-standard","has-post-thumbnail","hentry","category-ogloszenia-rozy"],"jetpack_publicize_connections":[],"acf":[],"jetpack_featured_media_url":"http:\/\/www.rozalia-zagnansk.pl\/wp-content\/uploads\/2025\/04\/miniaturka-kwiecien25.png","jetpack_sharing_enabled":true,"jetpack_shortlink":"https:\/\/wp.me\/paz7cl-1OZ","_links":{"self":[{"href":"http:\/\/www.rozalia-zagnansk.pl\/index.php?rest_route=\/wp\/v2\/posts\/7005","targetHints":{"allow":["GET"]}}],"collection":[{"href":"http:\/\/www.rozalia-zagnansk.pl\/index.php?rest_route=\/wp\/v2\/posts"}],"about":[{"href":"http:\/\/www.rozalia-zagnansk.pl\/index.php?rest_route=\/wp\/v2\/types\/post"}],"author":[{"embeddable":true,"href":"http:\/\/www.rozalia-zagnansk.pl\/index.php?rest_route=\/wp\/v2\/users\/1"}],"replies":[{"embeddable":true,"href":"http:\/\/www.rozalia-zagnansk.pl\/index.php?rest_route=%2Fwp%2Fv2%2Fcomments&post=7005"}],"version-history":[{"count":3,"href":"http:\/\/www.rozalia-zagnansk.pl\/index.php?rest_route=\/wp\/v2\/posts\/7005\/revisions"}],"predecessor-version":[{"id":7038,"href":"http:\/\/www.rozalia-zagnansk.pl\/index.php?rest_route=\/wp\/v2\/posts\/7005\/revisions\/7038"}],"wp:featuredmedia":[{"embeddable":true,"href":"http:\/\/www.rozalia-zagnansk.pl\/index.php?rest_route=\/wp\/v2\/media\/7006"}],"wp:attachment":[{"href":"http:\/\/www.rozalia-zagnansk.pl\/index.php?rest_route=%2Fwp%2Fv2%2Fmedia&parent=7005"}],"wp:term":[{"taxonomy":"category","embeddable":true,"href":"http:\/\/www.rozalia-zagnansk.pl\/index.php?rest_route=%2Fwp%2Fv2%2Fcategories&post=7005"},{"taxonomy":"post_tag","embeddable":true,"href":"http:\/\/www.rozalia-zagnansk.pl\/index.php?rest_route=%2Fwp%2Fv2%2Ftags&post=7005"}],"curies":[{"name":"wp","href":"https:\/\/api.w.org\/{rel}","templated":true}]}}