{"id":6994,"date":"2025-03-30T00:03:25","date_gmt":"2025-03-30T00:03:25","guid":{"rendered":"https:\/\/www.rozalia-zagnansk.pl\/?p=6994"},"modified":"2025-03-30T00:04:52","modified_gmt":"2025-03-30T00:04:52","slug":"6994","status":"publish","type":"post","link":"http:\/\/www.rozalia-zagnansk.pl\/?p=6994","title":{"rendered":"Og\u0142oszenia duszpasterskie \u2013 IV Niedziela Wielkiego Postu 30.03.2025"},"content":{"rendered":"<p>\u00abTen przyjmuje grzesznik\u00f3w i jada z nimi\u00bb. W naszym tzw. porz\u0105dnym \u017cyciu, mo\u017ce by\u0107 nie do zaakceptowania, \u017ce Ci, kt\u00f3rzy wed\u0142ug nas s\u0105 daleko od Boga, s\u0105 niejako na op\u0142otkach \u017cycia rodzinnego, spo\u0142ecznego, wsp\u00f3lnotowego, mog\u0105 dost\u0105pi\u0107 Bo\u017cego mi\u0142osierdzia. A Jezus uczy nas nieustannie: A trzeba by\u0142o weseli\u0107 si\u0119 i cieszy\u0107 z tego, \u017ce ten brat tw\u00f3j by\u0142 umar\u0142y, a zn\u00f3w o\u017cy\u0142; zagin\u0105\u0142, a odnalaz\u0142 si\u0119\u201d\u00bb.<\/p>\n<p>Rozpocz\u0119li\u015bmy <strong>Wielkopostne Rekolekcje Parafialne<\/strong>, kt\u00f3re g\u0142osi nam ks. dr Piotr Muszy\u0144ski. Kolejne nauki i spotkania rekolekcyjne: W poniedzia\u0142ek i wtorek msze \u015bw. o godz. 9<sup>00<\/sup>, 16<sup>30<\/sup> &#8211; szkolna i o 18<sup>00<\/sup>. Dzieci i m\u0142odsza m\u0142odzie\u017c b\u0119dzie mia\u0142a spotkania w tych dniach z ks. Rekolekcjonist\u0105 w szkole na Chrustach: o 11<sup>00 <\/sup>\u2013 klasy m\u0142odsze i o 12<sup>00 <\/sup>\u2013 klasy starsze. Z tego wzgl\u0119du, \u017ce msza rekolekcyjna dla uczni\u00f3w b\u0119dzie o 16<sup>30<\/sup> prosimy aby Rodzice szczeg\u00f3lnie klas m\u0142odszych przyszli ze swoimi dzie\u0107mi. <strong>Spowied\u017a<\/strong> b\u0119dzie we wtorek o 8<sup>30<\/sup>, 16<sup>00<\/sup> i o 17<sup>30<\/sup>. We wtorek r\u00f3wnie\u017c na mszach \u015bw. o 9<sup>00<\/sup> i o 18<sup>00<\/sup> b\u0119dzie sakrament namaszczenia chorych. Prosz\u0119 podejmijmy osobist\u0105 modlitw\u0119 i post w intencji rekolekcji, szczeg\u00f3lnie w intencji tych, kt\u00f3rzy s\u0105 na op\u0142otkach.<\/p>\n<p>Dzisiaj po mszy \u015bw. o 16<sup>00<\/sup> Nabo\u017ce\u0144stwo Uwielbienia i Uzdrowienia.<\/p>\n<p>2.04 w \u015brod\u0119 mija 20 rocz. \u015bmierci \u015aw. Jana Paw\u0142a II. Nasza parafia posiada relikwie Krwi \u015aw. Jana Paw\u0142a II, r\u00f3wnie\u017c staraniem Duszpasterzy i Parafian w 2014 r. zosta\u0142a ufundowana tablica pami\u0105tkowa w ko\u015bciele z racji kanonizacji oraz posiadamy szereg znak\u00f3w przywi\u0105zania i szacunku do JP II (dodatek) zapraszamy w \u015brod\u0119 na dzi\u0119kczynni. za dar pontyfikatu.<\/p>\n<p>W tym tygodniu: <strong>I Czwartek <\/strong>m-ca. \u2013 Koronka do Krwi Chrystusa. Ap. Krwi Chrystusa. <strong>I Pi\u0105tek<\/strong> m-ca. \u2013 R\u00f3\u017caniec w int. dzieci i m\u0142odzie\u017cy \u2013 R\u00f3\u017ca Rodzic\u00f3w. <strong>I Sobota <\/strong>m-ca. modlitwa do Niepokalanego Serca Maryi w int. przeb\u0142agania za grzechy, kt\u00f3re obra\u017caj\u0105 serce Jezusa i Maryi \u2013 Adoracja NS od 7<sup>00<\/sup> i R\u00f3\u017caniec M\u0119skiego \u017bywego R\u00f3\u017ca\u0144ca.<\/p>\n<p>Przypominam, \u017ce darem Wielkiego Postu s\u0105 Drogi Krzy\u017cowe w ka\u017cdy pi\u0105tek o godz. 16<sup>30 <\/sup>i Gorzkie \u017bale w ka\u017cd\u0105 niedziel\u0119 o 15<sup>30<\/sup>.<\/p>\n<p>Za tydzie\u0144 po mszach \u015bw. zbi\u00f3rka wielkopostnej ja\u0142mu\u017cny do puszek na zakup \u017cywno\u015bci do \u015bwi\u0105tecznych paczek dla najubo\u017cszych.<\/p>\n<p>Adoracja Naj\u015bwi\u0119tszego Sakramentu wraz ze spowiedzi\u0105 od \u015brody do pi\u0105tku w godz. 16<sup>00<\/sup> \u2013 17<sup>00<\/sup>.<\/p>\n<p>Z inicjatywy Rady Parafialnej og\u0142aszamy konkurs na wielkanocn\u0105 palm\u0119 \u2013 szczeg\u00f3\u0142y za tydzie\u0144.<\/p>\n<p>W zakrystii s\u0105 do nabycia Baranki Wielkanocne \u2013 ofiara koszt obiadu. Doch\u00f3d b\u0119dzie przekazany do Caritas i na paczki \u015bwi\u0105teczne.<\/p>\n<p>B\u00f3g zap\u0142a\u0107 Rodzinom z Gruszki: za trosk\u0119 o ko\u015bci\u00f3\u0142 i ofiar\u0119 120 z\u0142. Msza \u015bw. za te rodz. w \u015brod\u0119. W sobot\u0119 po mszy \u015bw. o 8<sup>00 <\/sup>zapraszamy rodz. z Gruszki: nr 31A, 32, 33, 34, 35, 36, 37, 37A, 38, 38A.<\/p>\n<p>Kancelaria parafialna w tym tygodniu czynna w \u015brod\u0119 i pi\u0105tek w godz. 15<sup>00<\/sup> \u2013 16<sup>00<\/sup>.<\/p>\n<p>Z wsp\u00f3lnoty parafialnej odesz\u0142a \u015bp. + Halina Ulewi\u0144ska z Chrust\u00f3w.<\/p>\n<p><a href=\"http:\/\/www.rozalia-zagnansk.pl\/wp-content\/uploads\/2025\/03\/Niedzielnik-30.03.2025.pdf\">Niedzielnik 30.03.2025<\/a><\/p>\n<p><a href=\"http:\/\/www.rozalia-zagnansk.pl\/wp-content\/uploads\/2025\/03\/niedzielnik-dodatek-nr-1-2025-JP-II.pdf\">Niedzielnik DODATEK MARZEC 2025<\/a><\/p>\n ","protected":false},"excerpt":{"rendered":"<p>\u00abTen przyjmuje grzesznik\u00f3w i jada z nimi\u00bb. W naszym tzw. porz\u0105dnym \u017cyciu, mo\u017ce by\u0107 nie do zaakceptowania, \u017ce Ci, kt\u00f3rzy wed\u0142ug nas [&hellip;]<\/p>\n","protected":false},"author":1,"featured_media":0,"comment_status":"closed","ping_status":"open","sticky":false,"template":"","format":"standard","meta":{"_acf_changed":false,"jetpack_post_was_ever_published":false,"_jetpack_newsletter_access":"","_jetpack_dont_email_post_to_subs":false,"_jetpack_newsletter_tier_id":0,"_jetpack_memberships_contains_paywalled_content":false,"_jetpack_memberships_contains_paid_content":false,"footnotes":"","jetpack_publicize_message":"","jetpack_publicize_feature_enabled":true,"jetpack_social_post_already_shared":true,"jetpack_social_options":{"image_generator_settings":{"template":"highway","enabled":false},"version":2}},"categories":[3],"tags":[],"class_list":["post-6994","post","type-post","status-publish","format-standard","hentry","category-ogloszenia"],"jetpack_publicize_connections":[],"acf":[],"jetpack_featured_media_url":"","jetpack_sharing_enabled":true,"jetpack_shortlink":"https:\/\/wp.me\/saz7cl-6994","_links":{"self":[{"href":"http:\/\/www.rozalia-zagnansk.pl\/index.php?rest_route=\/wp\/v2\/posts\/6994","targetHints":{"allow":["GET"]}}],"collection":[{"href":"http:\/\/www.rozalia-zagnansk.pl\/index.php?rest_route=\/wp\/v2\/posts"}],"about":[{"href":"http:\/\/www.rozalia-zagnansk.pl\/index.php?rest_route=\/wp\/v2\/types\/post"}],"author":[{"embeddable":true,"href":"http:\/\/www.rozalia-zagnansk.pl\/index.php?rest_route=\/wp\/v2\/users\/1"}],"replies":[{"embeddable":true,"href":"http:\/\/www.rozalia-zagnansk.pl\/index.php?rest_route=%2Fwp%2Fv2%2Fcomments&post=6994"}],"version-history":[{"count":3,"href":"http:\/\/www.rozalia-zagnansk.pl\/index.php?rest_route=\/wp\/v2\/posts\/6994\/revisions"}],"predecessor-version":[{"id":7002,"href":"http:\/\/www.rozalia-zagnansk.pl\/index.php?rest_route=\/wp\/v2\/posts\/6994\/revisions\/7002"}],"wp:attachment":[{"href":"http:\/\/www.rozalia-zagnansk.pl\/index.php?rest_route=%2Fwp%2Fv2%2Fmedia&parent=6994"}],"wp:term":[{"taxonomy":"category","embeddable":true,"href":"http:\/\/www.rozalia-zagnansk.pl\/index.php?rest_route=%2Fwp%2Fv2%2Fcategories&post=6994"},{"taxonomy":"post_tag","embeddable":true,"href":"http:\/\/www.rozalia-zagnansk.pl\/index.php?rest_route=%2Fwp%2Fv2%2Ftags&post=6994"}],"curies":[{"name":"wp","href":"https:\/\/api.w.org\/{rel}","templated":true}]}}