{"id":6985,"date":"2025-03-23T01:34:52","date_gmt":"2025-03-23T01:34:52","guid":{"rendered":"https:\/\/www.rozalia-zagnansk.pl\/?p=6985"},"modified":"2025-03-23T13:11:36","modified_gmt":"2025-03-23T13:11:36","slug":"ogloszenia-duszpasterskie-iii-niedziela-wielkiego-postu-23-03-2025","status":"publish","type":"post","link":"http:\/\/www.rozalia-zagnansk.pl\/?p=6985","title":{"rendered":"Og\u0142oszenia duszpasterskie \u2013 III Niedziela Wielkiego Postu 23.03.2025"},"content":{"rendered":"<p>Bynajmniej, powiadam wam; lecz je\u015bli si\u0119 nie nawr\u00f3cicie, wszyscy podobnie zginiecie. Nawr\u00f3cenie \u2013 metanoia, zmiana my\u015blenia. To jest o wiele trudniejsze. Bowiem cz\u0142owiek bombardowany przez wiele \u017ar\u00f3de\u0142 informacji, cz\u0119sto tendencyjnie zmanipulowanych, musi odnale\u017a\u0107 \u017ar\u00f3d\u0142o prawdy. M\u00f3wi Jezus Ja jestem Drog\u0105, Prawd\u0105 i \u017byciem. \u201ePanie, jeszcze na ten rok go pozostaw, a\u017c okopi\u0119 go i ob\u0142o\u017c\u0119 nawozem; i mo\u017ce wyda owoc. A je\u015bli nie, w przysz\u0142o\u015bci mo\u017cesz go wyci\u0105\u0107\u201d\u00bb. Druga istotna my\u015bl dzisiejszego S\u0142owa \u2013 Bo\u017ce mi\u0142osierdzie nie maj\u0105ce granic, ma sw\u00f3j kres czasowy. Nie mo\u017cna igra\u0107 z Panem Bogiem. Wielu m\u00f3wi, B\u00f3g mi i tak odpu\u015bci, przebaczy, bo przecie\u017c jest mi\u0142osierny. W przysz\u0142o\u015bci \u2026 wyci\u0105\u0107.<\/p>\n<p>Wielkimi krokami zbli\u017caj\u0105 si\u0119 <strong>Wielkopostne Rekolekcje Parafialne<\/strong>, kt\u00f3re wyg\u0142osi znany nam ks. dr Piotr Muszy\u0144ski. Ze wzgl\u0119du na wcze\u015bniejsze plany jakie mo\u017cemy mie\u0107, informuj\u0119: Rekolekcje rozpoczn\u0105 si\u0119 w najbli\u017csz\u0105 niedziel\u0119 porz\u0105dkiem niedzielnym. W poniedzia\u0142ek i wtorek msze \u015bw. o godz. 9<sup>00<\/sup>, 16<sup>30<\/sup> &#8211; szkolna i o 18<sup>00<\/sup>. Dzieci i m\u0142odsza m\u0142odzie\u017c b\u0119dzie mia\u0142a spotkania z ks. Rekolekcjonist\u0105 w szkole na Chrustach: o 11<sup>00 <\/sup>\u2013 klasy m\u0142odsze i o 12<sup>00 <\/sup>\u2013 klasy starsze.\u00a0 Z tego wzgl\u0119du, \u017ce msza rekolekcyjna dla uczni\u00f3w b\u0119dzie o 16<sup>30<\/sup> prosimy aby Rodzice szczeg\u00f3lnie klas m\u0142odszych przyszli ze swoimi dzie\u0107mi. Spowied\u017a b\u0119dzie we wtorek o 8<sup>30<\/sup>, 16<sup>00<\/sup> i o 17<sup>30<\/sup>. We wtorek r\u00f3wnie\u017c na mszach \u015bw. o 9<sup>00<\/sup> i o 18<sup>00<\/sup> b\u0119dzie sakrament namaszczenia chorych. Prosz\u0119 podejmijmy osobist\u0105 modlitw\u0119 i post w intencji rekolekcji.<\/p>\n<p>W nast\u0119pn\u0105 niedziel\u0119 30.03 Nabo\u017ce\u0144stwo Uwielbienia i Uzdrowienia po mszy \u015bw. popo\u0142udniowej.<\/p>\n<p>We wtorek 25 marca Uroczysto\u015b\u0107 Zwiastowania Pa\u0144skiego zarazem kolejne Nabo\u017ce\u0144stwo Medjugorskie. Rozpocznie si\u0119 o 16<sup>00 <\/sup>dwoma cz\u0119\u015bciami R\u00f3\u017ca\u0144ca \u2013 zapraszam.<\/p>\n<p>W najbli\u017csz\u0105 sobot\u0119 o godz. 17<sup>00<\/sup> w Domu Parafialnym, spotkanie Kr\u0119gu Domowego Ko\u015bcio\u0142a. Zach\u0119cam wahaj\u0105ce si\u0119 ma\u0142\u017ce\u0144stwa do podj\u0119cia decyzji wzrastania w darze mi\u0142o\u015bci ma\u0142\u017ce\u0144skiej, w do\u015bwiadczeniu wsp\u00f3lnoty. Od tego spotkania ten Kr\u0105g zamknie nab\u00f3r nowych ma\u0142\u017ce\u0144stw.<\/p>\n<p>Przypominam, \u017ce darem Wielkiego Postu s\u0105 Drogi Krzy\u017cowe w ka\u017cdy pi\u0105tek o godz. 16<sup>30 <\/sup>i Gorzkie \u017bale w ka\u017cd\u0105 niedziel\u0119 o 15<sup>30<\/sup>.<\/p>\n<p>Adoracja Naj\u015bwi\u0119tszego Sakramentu wraz ze spowiedzi\u0105 od poniedzia\u0142ku do \u015brody (nie ma w czwartek) oraz w pi\u0105tek w godz. 16<sup>00<\/sup> \u2013 17<sup>00<\/sup>.<\/p>\n<p>Prosz\u0119 pami\u0119tajmy w modlitwie o ks. \u0141ukaszu, jutro jedzie na operacj\u0119.<\/p>\n<p>W zakrystii s\u0105 do nabycia Baranki Wielkanocne \u2013 ofiara koszt obiadu. Doch\u00f3d b\u0119dzie przekazany do Caritas i na paczki \u015bwi\u0105teczne.<\/p>\n<p>B\u00f3g zap\u0142a\u0107 Rodzinom z Gruszki: za trosk\u0119 o ko\u015bci\u00f3\u0142 i ofiar\u0119 170 z\u0142. Dzi\u0119kuj\u0119, \u017ce ta Grupa licznie sprz\u0105ta\u0142a ko\u015bci\u00f3\u0142. Msza \u015bw. za te rodz. w \u015brod\u0119. W sobot\u0119 po mszy \u015bw. o 8<sup>00 <\/sup>zapraszamy rodz. z Gruszki: nr 21, 23, 24, 25, 26, 27, 28, 29, 31.<\/p>\n<p>Kancelaria parafialna w tym tygodniu czynna w \u015brod\u0119 i pi\u0105tek w godz. 15<sup>00<\/sup> \u2013 16<sup>00<\/sup>.<\/p>\n<p>Jutro o godz. 14<sup>00<\/sup> msza \u015bw. pogrzebowa + Haliny Ulewi\u0144skiej wieloletniej nauczycielki naszej Szko\u0142y i SP nr 2.<\/p>\n<p>Z naszej wsp\u00f3lnoty parafialnej odszed\u0142 \u015bp. Wac\u0142aw Januchta z Jaworzy.<\/p>\n<p><a href=\"http:\/\/www.rozalia-zagnansk.pl\/wp-content\/uploads\/2025\/03\/Niedzielnik-23.03.2025.pdf\">Niedzielnik 23.03.2025<\/a><\/p>\n ","protected":false},"excerpt":{"rendered":"<p>Bynajmniej, powiadam wam; lecz je\u015bli si\u0119 nie nawr\u00f3cicie, wszyscy podobnie zginiecie. Nawr\u00f3cenie \u2013 metanoia, zmiana my\u015blenia. To jest o wiele trudniejsze. Bowiem [&hellip;]<\/p>\n","protected":false},"author":1,"featured_media":0,"comment_status":"closed","ping_status":"open","sticky":false,"template":"","format":"standard","meta":{"_acf_changed":false,"jetpack_post_was_ever_published":false,"_jetpack_newsletter_access":"","_jetpack_dont_email_post_to_subs":false,"_jetpack_newsletter_tier_id":0,"_jetpack_memberships_contains_paywalled_content":false,"_jetpack_memberships_contains_paid_content":false,"footnotes":"","jetpack_publicize_message":"","jetpack_publicize_feature_enabled":true,"jetpack_social_post_already_shared":true,"jetpack_social_options":{"image_generator_settings":{"template":"highway","enabled":false},"version":2}},"categories":[3],"tags":[],"class_list":["post-6985","post","type-post","status-publish","format-standard","hentry","category-ogloszenia"],"jetpack_publicize_connections":[],"acf":[],"jetpack_featured_media_url":"","jetpack_sharing_enabled":true,"jetpack_shortlink":"https:\/\/wp.me\/paz7cl-1OF","_links":{"self":[{"href":"http:\/\/www.rozalia-zagnansk.pl\/index.php?rest_route=\/wp\/v2\/posts\/6985","targetHints":{"allow":["GET"]}}],"collection":[{"href":"http:\/\/www.rozalia-zagnansk.pl\/index.php?rest_route=\/wp\/v2\/posts"}],"about":[{"href":"http:\/\/www.rozalia-zagnansk.pl\/index.php?rest_route=\/wp\/v2\/types\/post"}],"author":[{"embeddable":true,"href":"http:\/\/www.rozalia-zagnansk.pl\/index.php?rest_route=\/wp\/v2\/users\/1"}],"replies":[{"embeddable":true,"href":"http:\/\/www.rozalia-zagnansk.pl\/index.php?rest_route=%2Fwp%2Fv2%2Fcomments&post=6985"}],"version-history":[{"count":3,"href":"http:\/\/www.rozalia-zagnansk.pl\/index.php?rest_route=\/wp\/v2\/posts\/6985\/revisions"}],"predecessor-version":[{"id":6993,"href":"http:\/\/www.rozalia-zagnansk.pl\/index.php?rest_route=\/wp\/v2\/posts\/6985\/revisions\/6993"}],"wp:attachment":[{"href":"http:\/\/www.rozalia-zagnansk.pl\/index.php?rest_route=%2Fwp%2Fv2%2Fmedia&parent=6985"}],"wp:term":[{"taxonomy":"category","embeddable":true,"href":"http:\/\/www.rozalia-zagnansk.pl\/index.php?rest_route=%2Fwp%2Fv2%2Fcategories&post=6985"},{"taxonomy":"post_tag","embeddable":true,"href":"http:\/\/www.rozalia-zagnansk.pl\/index.php?rest_route=%2Fwp%2Fv2%2Ftags&post=6985"}],"curies":[{"name":"wp","href":"https:\/\/api.w.org\/{rel}","templated":true}]}}