{"id":6812,"date":"2024-12-04T17:21:12","date_gmt":"2024-12-04T17:21:12","guid":{"rendered":"https:\/\/www.rozalia-zagnansk.pl\/?p=6812"},"modified":"2024-12-04T17:21:12","modified_gmt":"2024-12-04T17:21:12","slug":"roza-rozancowa-grudzien","status":"publish","type":"post","link":"http:\/\/www.rozalia-zagnansk.pl\/?p=6812","title":{"rendered":"R\u00f3\u017ca R\u00f3\u017ca\u0144cowa \u2013 Grudzie\u0144"},"content":{"rendered":"<p><a href=\"http:\/\/www.rozalia-zagnansk.pl\/wp-content\/uploads\/2024\/08\/zr-logo.png\"><img fetchpriority=\"high\" decoding=\"async\" class=\"size-large wp-image-6469 aligncenter\" src=\"http:\/\/www.rozalia-zagnansk.pl\/wp-content\/uploads\/2024\/08\/zr-logo-1024x89.png\" alt=\"\" width=\"1024\" height=\"89\" srcset=\"http:\/\/www.rozalia-zagnansk.pl\/wp-content\/uploads\/2024\/08\/zr-logo-1024x89.png 1024w, http:\/\/www.rozalia-zagnansk.pl\/wp-content\/uploads\/2024\/08\/zr-logo-300x26.png 300w, http:\/\/www.rozalia-zagnansk.pl\/wp-content\/uploads\/2024\/08\/zr-logo-768x67.png 768w, http:\/\/www.rozalia-zagnansk.pl\/wp-content\/uploads\/2024\/08\/zr-logo-1536x133.png 1536w, http:\/\/www.rozalia-zagnansk.pl\/wp-content\/uploads\/2024\/08\/zr-logo-2048x177.png 2048w, http:\/\/www.rozalia-zagnansk.pl\/wp-content\/uploads\/2024\/08\/zr-logo-1000x87.png 1000w, http:\/\/www.rozalia-zagnansk.pl\/wp-content\/uploads\/2024\/08\/zr-logo-230x20.png 230w, http:\/\/www.rozalia-zagnansk.pl\/wp-content\/uploads\/2024\/08\/zr-logo-350x30.png 350w, http:\/\/www.rozalia-zagnansk.pl\/wp-content\/uploads\/2024\/08\/zr-logo-480x42.png 480w\" sizes=\"(max-width: 1024px) 100vw, 1024px\" \/><\/a><\/p>\n<h2 style=\"text-align: center;\"><strong>Grudzie\u0144 2024 r.<\/strong><\/h2>\n<p><a href=\"http:\/\/www.rozalia-zagnansk.pl\/wp-content\/uploads\/2024\/10\/WINWORD_tO6Eg4pm6C.png\"><img decoding=\"async\" class=\"size-full wp-image-6755 aligncenter\" src=\"http:\/\/www.rozalia-zagnansk.pl\/wp-content\/uploads\/2024\/10\/WINWORD_tO6Eg4pm6C.png\" alt=\"\" width=\"842\" height=\"552\" srcset=\"http:\/\/www.rozalia-zagnansk.pl\/wp-content\/uploads\/2024\/10\/WINWORD_tO6Eg4pm6C.png 842w, http:\/\/www.rozalia-zagnansk.pl\/wp-content\/uploads\/2024\/10\/WINWORD_tO6Eg4pm6C-300x197.png 300w, http:\/\/www.rozalia-zagnansk.pl\/wp-content\/uploads\/2024\/10\/WINWORD_tO6Eg4pm6C-768x503.png 768w, http:\/\/www.rozalia-zagnansk.pl\/wp-content\/uploads\/2024\/10\/WINWORD_tO6Eg4pm6C-230x151.png 230w, http:\/\/www.rozalia-zagnansk.pl\/wp-content\/uploads\/2024\/10\/WINWORD_tO6Eg4pm6C-350x229.png 350w, http:\/\/www.rozalia-zagnansk.pl\/wp-content\/uploads\/2024\/10\/WINWORD_tO6Eg4pm6C-480x315.png 480w\" sizes=\"(max-width: 842px) 100vw, 842px\" \/><\/a><\/p>\n<p style=\"text-align: center;\"><span style=\"color: #4472c4;\"><strong><em>By Maryja by\u0142a bardziej znana i mi\u0142owana;<br \/>\n<\/em><\/strong><\/span><span style=\"color: #4472c4;\"><strong><em>by Jej Wezwania z Fatimy pozna\u0142 i wype\u0142nia\u0142 \u015bwiat<\/em><\/strong><strong>.<\/strong><\/span><\/p>\n<hr \/>\n<p><em><span style=\"text-decoration: underline;\"><strong>Papieska Intencja<\/strong><\/span><\/em><\/p>\n<p><span style=\"text-decoration: underline;\"><span style=\"color: #ff0000;\"><strong>Za pielgrzym\u00f3w nadziei<\/strong><\/span><\/span><\/p>\n<p><strong>M\u00f3dlmy si\u0119, aby nadchodz\u0105cy jubileusz umocni\u0142 nas w wierze, pom\u00f3g\u0142 nam lepiej pozna\u0107 Chrystusa Zmartwychwsta\u0142ego w naszym \u017cyciu i przemieni\u0142 nas w pielgrzym\u00f3w chrze\u015bcija\u0144skiej nadziei.<\/strong><\/p>\n<p><strong><em><u>Intencje parafialne (sta\u0142e) m\u00f3dlmy si\u0119:<\/u><\/em><\/strong><\/p>\n<ul>\n<li><strong><em>O pok\u00f3j i bezpiecze\u0144stwo dla naszej Ojczyzny i ca\u0142ego \u015bwiata oraz <\/em><\/strong><strong><em>o rych\u0142e zako\u0144czenie wojny na Ukrainie i w Ziemi \u015awi\u0119tej.<\/em><\/strong><\/li>\n<li><strong><em>Za kap\u0142an\u00f3w oraz o nowe i \u015bwi\u0119te powo\u0142ania kap\u0142a\u0144skie, misyjne i zakonne, aby nie zabrak\u0142o \u015bwiadk\u00f3w Ewangelii i mi\u0142o\u015bci Boga do cz\u0142owieka.<\/em><\/strong><\/li>\n<li><strong><em>O zachowanie warto\u015bci chrze\u015bcija\u0144skich i odnow\u0119 wiary w Europie.<\/em><\/strong><\/li>\n<\/ul>\n<p><strong><em><u>Intencje \u017bywego R\u00f3\u017ca\u0144ca \u2013 m\u00f3dlmy si\u0119:<\/u><\/em><\/strong><\/p>\n<ul>\n<li><strong><em>O owocne prze\u017cycie czasu Adwentu i \u015bwi\u0105t Bo\u017cego Narodzenia przez udzia\u0142 w rekolekcjach adwentowych, spowiedzi i komunii \u015bwi\u0119tej.<\/em><\/strong><\/li>\n<\/ul>\n<ul>\n<li><strong><em>O mi\u0142o\u015b\u0107 do Maryi i na\u015bladowanie Matki Pana w\u015br\u00f3d cz\u0142onk\u00f3w R\u00f3\u017c R\u00f3\u017ca\u0144cowych i ich bliskich.<\/em><\/strong><\/li>\n<\/ul>\n<ul>\n<li><strong><em>O dar macierzy\u0144stwa dla Pauliny i nawr\u00f3cenie syna Sebastiana <span style=\"color: #3366ff;\">(R\u00f3\u017ca II \u00a0\u015bw. Rozalii)<\/span><\/em><\/strong><\/li>\n<\/ul>\n<p><strong><em><u>Intencje w\u0142asne<\/u><\/em><\/strong><\/p>\n ","protected":false},"excerpt":{"rendered":"<p>Grudzie\u0144 2024 r. By Maryja by\u0142a bardziej znana i mi\u0142owana; by Jej Wezwania z Fatimy pozna\u0142 i wype\u0142nia\u0142 \u015bwiat. Papieska Intencja Za [&hellip;]<\/p>\n","protected":false},"author":1,"featured_media":6813,"comment_status":"closed","ping_status":"open","sticky":false,"template":"","format":"standard","meta":{"_acf_changed":false,"jetpack_post_was_ever_published":false,"_jetpack_newsletter_access":"","_jetpack_dont_email_post_to_subs":false,"_jetpack_newsletter_tier_id":0,"_jetpack_memberships_contains_paywalled_content":false,"_jetpack_memberships_contains_paid_content":false,"footnotes":"","jetpack_publicize_message":"","jetpack_publicize_feature_enabled":true,"jetpack_social_post_already_shared":true,"jetpack_social_options":{"image_generator_settings":{"template":"highway","enabled":false},"version":2}},"categories":[20],"tags":[],"class_list":["post-6812","post","type-post","status-publish","format-standard","has-post-thumbnail","hentry","category-ogloszenia-rozy"],"jetpack_publicize_connections":[],"acf":[],"jetpack_featured_media_url":"http:\/\/www.rozalia-zagnansk.pl\/wp-content\/uploads\/2024\/12\/miniaturka-grudzien.png","jetpack_sharing_enabled":true,"jetpack_shortlink":"https:\/\/wp.me\/paz7cl-1LS","_links":{"self":[{"href":"http:\/\/www.rozalia-zagnansk.pl\/index.php?rest_route=\/wp\/v2\/posts\/6812","targetHints":{"allow":["GET"]}}],"collection":[{"href":"http:\/\/www.rozalia-zagnansk.pl\/index.php?rest_route=\/wp\/v2\/posts"}],"about":[{"href":"http:\/\/www.rozalia-zagnansk.pl\/index.php?rest_route=\/wp\/v2\/types\/post"}],"author":[{"embeddable":true,"href":"http:\/\/www.rozalia-zagnansk.pl\/index.php?rest_route=\/wp\/v2\/users\/1"}],"replies":[{"embeddable":true,"href":"http:\/\/www.rozalia-zagnansk.pl\/index.php?rest_route=%2Fwp%2Fv2%2Fcomments&post=6812"}],"version-history":[{"count":2,"href":"http:\/\/www.rozalia-zagnansk.pl\/index.php?rest_route=\/wp\/v2\/posts\/6812\/revisions"}],"predecessor-version":[{"id":6894,"href":"http:\/\/www.rozalia-zagnansk.pl\/index.php?rest_route=\/wp\/v2\/posts\/6812\/revisions\/6894"}],"wp:featuredmedia":[{"embeddable":true,"href":"http:\/\/www.rozalia-zagnansk.pl\/index.php?rest_route=\/wp\/v2\/media\/6813"}],"wp:attachment":[{"href":"http:\/\/www.rozalia-zagnansk.pl\/index.php?rest_route=%2Fwp%2Fv2%2Fmedia&parent=6812"}],"wp:term":[{"taxonomy":"category","embeddable":true,"href":"http:\/\/www.rozalia-zagnansk.pl\/index.php?rest_route=%2Fwp%2Fv2%2Fcategories&post=6812"},{"taxonomy":"post_tag","embeddable":true,"href":"http:\/\/www.rozalia-zagnansk.pl\/index.php?rest_route=%2Fwp%2Fv2%2Ftags&post=6812"}],"curies":[{"name":"wp","href":"https:\/\/api.w.org\/{rel}","templated":true}]}}