{"id":6337,"date":"2024-06-22T21:43:58","date_gmt":"2024-06-22T21:43:58","guid":{"rendered":"https:\/\/www.rozalia-zagnansk.pl\/?p=6337"},"modified":"2024-06-22T21:43:58","modified_gmt":"2024-06-22T21:43:58","slug":"roza-rozancowa-lipiec","status":"publish","type":"post","link":"http:\/\/www.rozalia-zagnansk.pl\/?p=6337","title":{"rendered":"R\u00f3\u017ca R\u00f3\u017ca\u0144cowa \u2013 Lipiec"},"content":{"rendered":"<p><em><a href=\"http:\/\/www.rozalia-zagnansk.pl\/wp-content\/uploads\/2024\/01\/maryja-landscape.jpg\"><img decoding=\"async\" class=\"wp-image-5831 aligncenter\" src=\"http:\/\/www.rozalia-zagnansk.pl\/wp-content\/uploads\/2024\/01\/maryja-landscape.jpg\" alt=\"\" width=\"175\" height=\"129\" srcset=\"http:\/\/www.rozalia-zagnansk.pl\/wp-content\/uploads\/2024\/01\/maryja-landscape.jpg 350w, http:\/\/www.rozalia-zagnansk.pl\/wp-content\/uploads\/2024\/01\/maryja-landscape-300x221.jpg 300w, http:\/\/www.rozalia-zagnansk.pl\/wp-content\/uploads\/2024\/01\/maryja-landscape-230x170.jpg 230w\" sizes=\"(max-width: 175px) 100vw, 175px\" \/><\/a><\/em><\/p>\n<p style=\"text-align: center;\"><em>By Maryja by\u0142a bardziej znana i mi\u0142owana; <\/em><\/p>\n<p style=\"text-align: center;\"><em>by Jej Wezwania z Fatimy pozna\u0142 i wype\u0142nia\u0142 \u015bwiat.<\/em><\/p>\n<hr \/>\n<p>R\u00f3\u017caniec prowadzi Zelator grupy I \u2013 brat Dariusz.<\/p>\n<p><strong>Intencja modlitewna papieska:<\/strong><\/p>\n<p style=\"padding-left: 40px;\">O opiek\u0119 duszpastersk\u0105 nad chorymi<\/p>\n<p style=\"padding-left: 40px;\">M\u00f3dlmy si\u0119, aby sakrament namaszczenia chorych da\u0142 przyjmuj\u0105cym go osobom oraz ich bliskim si\u0142\u0119 od Pana, staj\u0105c si\u0119 dla wszystkich widocznym znakiem wsp\u00f3\u0142czucia i nadziei.<\/p>\n<p><strong>Sta\u0142e intencje modlitewne M\u0119skiego \u017bywego R\u00f3\u017ca\u0144ca<\/strong><\/p>\n<p style=\"padding-left: 40px;\">O pok\u00f3j i bezpiecze\u0144stwo dla naszej Ojczyzny i ca\u0142ego \u015bwiata oraz o rych\u0142e zako\u0144czenie wojny na Ukrainie i w Ziemi \u015awi\u0119tej.<\/p>\n<p style=\"padding-left: 40px;\">O zachowanie warto\u015bci chrze\u015bcija\u0144skich i odnow\u0119 wiary w Europie.<\/p>\n<p style=\"padding-left: 40px;\">Za kap\u0142an\u00f3w oraz o nowe i \u015bwi\u0119te powo\u0142ania kap\u0142a\u0144skie, misyjne i zakonne, aby nie zabrak\u0142o \u015bwiadk\u00f3w Ewangelii i mi\u0142o\u015bci Boga do cz\u0142owieka.<\/p>\n<p><strong>Intencje modlitewne M\u0119skiego \u017bywego R\u00f3\u017ca\u0144ca <\/strong><\/p>\n<p style=\"padding-left: 40px;\">O obfite b\u0142ogos\u0142awie\u0144stwo Bo\u017ce dla dzieci, m\u0142odzie\u017cy i starszych na czas odpoczynku i wakacji, aby pami\u0119tali o niedzielnej Mszy \u015bw., kt\u00f3ra podtrzymuje nasze wi\u0119zi z Panem Bogiem<\/p>\n<p style=\"padding-left: 40px;\">O mi\u0142o\u015b\u0107 i wierno\u015b\u0107 dla ma\u0142\u017conk\u00f3w oraz \u015bwi\u0119to\u015b\u0107 rodzin naszej parafii.<\/p>\n<p style=\"padding-left: 40px;\">Intencje w\u0142asne<\/p>\n<p>&nbsp;<\/p>\n<p style=\"text-align: center;\"><em>M\u0119ski \u017bywy R\u00f3\u017caniec za\u0142o\u017cony w dniu 04.12.2021 r. przy parafii Rzymskokatolickiej pod wezwaniem \u015bw. Rozalii i \u015bw. Marcina w Zagna\u0144sku, kt\u00f3rego Patronem jest b\u0142. Stefan Wyszy\u0144ski.<\/em><\/p>\n ","protected":false},"excerpt":{"rendered":"<p>By Maryja by\u0142a bardziej znana i mi\u0142owana; by Jej Wezwania z Fatimy pozna\u0142 i wype\u0142nia\u0142 \u015bwiat. R\u00f3\u017caniec prowadzi Zelator grupy I \u2013 [&hellip;]<\/p>\n","protected":false},"author":1,"featured_media":6338,"comment_status":"closed","ping_status":"open","sticky":false,"template":"","format":"standard","meta":{"_acf_changed":false,"jetpack_post_was_ever_published":false,"_jetpack_newsletter_access":"","_jetpack_dont_email_post_to_subs":false,"_jetpack_newsletter_tier_id":0,"_jetpack_memberships_contains_paywalled_content":false,"_jetpack_memberships_contains_paid_content":false,"footnotes":"","jetpack_publicize_message":"","jetpack_publicize_feature_enabled":true,"jetpack_social_post_already_shared":true,"jetpack_social_options":{"image_generator_settings":{"template":"highway","enabled":false},"version":2}},"categories":[20],"tags":[],"class_list":["post-6337","post","type-post","status-publish","format-standard","has-post-thumbnail","hentry","category-ogloszenia-rozy"],"jetpack_publicize_connections":[],"acf":[],"jetpack_featured_media_url":"http:\/\/www.rozalia-zagnansk.pl\/wp-content\/uploads\/2024\/06\/miniaturka-lipiec.jpg","jetpack_sharing_enabled":true,"jetpack_shortlink":"https:\/\/wp.me\/paz7cl-1Ed","_links":{"self":[{"href":"http:\/\/www.rozalia-zagnansk.pl\/index.php?rest_route=\/wp\/v2\/posts\/6337","targetHints":{"allow":["GET"]}}],"collection":[{"href":"http:\/\/www.rozalia-zagnansk.pl\/index.php?rest_route=\/wp\/v2\/posts"}],"about":[{"href":"http:\/\/www.rozalia-zagnansk.pl\/index.php?rest_route=\/wp\/v2\/types\/post"}],"author":[{"embeddable":true,"href":"http:\/\/www.rozalia-zagnansk.pl\/index.php?rest_route=\/wp\/v2\/users\/1"}],"replies":[{"embeddable":true,"href":"http:\/\/www.rozalia-zagnansk.pl\/index.php?rest_route=%2Fwp%2Fv2%2Fcomments&post=6337"}],"version-history":[{"count":1,"href":"http:\/\/www.rozalia-zagnansk.pl\/index.php?rest_route=\/wp\/v2\/posts\/6337\/revisions"}],"predecessor-version":[{"id":6339,"href":"http:\/\/www.rozalia-zagnansk.pl\/index.php?rest_route=\/wp\/v2\/posts\/6337\/revisions\/6339"}],"wp:featuredmedia":[{"embeddable":true,"href":"http:\/\/www.rozalia-zagnansk.pl\/index.php?rest_route=\/wp\/v2\/media\/6338"}],"wp:attachment":[{"href":"http:\/\/www.rozalia-zagnansk.pl\/index.php?rest_route=%2Fwp%2Fv2%2Fmedia&parent=6337"}],"wp:term":[{"taxonomy":"category","embeddable":true,"href":"http:\/\/www.rozalia-zagnansk.pl\/index.php?rest_route=%2Fwp%2Fv2%2Fcategories&post=6337"},{"taxonomy":"post_tag","embeddable":true,"href":"http:\/\/www.rozalia-zagnansk.pl\/index.php?rest_route=%2Fwp%2Fv2%2Ftags&post=6337"}],"curies":[{"name":"wp","href":"https:\/\/api.w.org\/{rel}","templated":true}]}}