{"id":6315,"date":"2024-06-15T22:24:47","date_gmt":"2024-06-15T22:24:47","guid":{"rendered":"https:\/\/www.rozalia-zagnansk.pl\/?p=6315"},"modified":"2024-06-15T22:24:47","modified_gmt":"2024-06-15T22:24:47","slug":"ogloszenia-duszpasterskie-xi-niedziela-zwykla-16-06-2024","status":"publish","type":"post","link":"http:\/\/www.rozalia-zagnansk.pl\/?p=6315","title":{"rendered":"Og\u0142oszenia duszpasterskie XI Niedziela zwyk\u0142a 16.06.2024"},"content":{"rendered":"<p>\u00abZ kr\u00f3lestwem Bo\u017cym dzieje si\u0119 tak, jak gdyby kto\u015b nasienie wrzuci\u0142 w ziemi\u0119. Czy \u015bpi, czy czuwa, we dnie i w nocy, nasienie kie\u0142kuje i ro\u015bnie, sam nie wie jak. Ziemia sama z siebie wydaje plon, najpierw \u017ad\u017ab\u0142o, potem k\u0142os, a potem pe\u0142ne ziarno w k\u0142osie. Gdy za\u015b plon dojrzeje, zaraz zapuszcza sierp, bo pora ju\u017c na \u017cniwo\u00bb. Podobnie z wzrostem duchowym, wszystko co czynimy ma wp\u0142yw na rozw\u00f3j naszego duchowego \u017cycia. Nie da si\u0119 oddzieli\u0107 codzienno\u015bci od \u017cycia wiar\u0105. To wszystko decyduje jaka jest jako\u015b\u0107 \u017cycia dzisiaj i jej koniec. Nasza wieczno\u015b\u0107. R\u00f3b swoje ale patrz ko\u0144ca.<\/p>\n<p>Ju\u017c niebawem zako\u0144czenie roku szkolnego. Prosimy dzieci i m\u0142odzie\u017c i Was Rodzic\u00f3w nie zapomnijcie podzi\u0119kowa\u0107 Panu Bogu za dar rocznej edukacji i wychowania. Ca\u0142\u0105 wsp\u00f3lnot\u0105 podzi\u0119kujemy w niedziel\u0119 na mszy \u015bw. o godz. 10<sup>00<\/sup> modl\u0105c si\u0119 w int. Nauczycieli i wszystkich pracownik\u00f3w szk\u00f3\u0142 do kt\u00f3rych ucz\u0119szczaj\u0105 nasi uczniowie, zarazem polecaj\u0105c ich Bo\u017cej Opatrzno\u015bci na czas wakacji.<\/p>\n<p>Kancelaria parafialna czynna w poniedzia\u0142ek, \u015brod\u0119 i pi\u0105tek od 15<sup>30 <\/sup>do 16<sup>30<\/sup>. Prosz\u0119 skorzysta\u0107 w tym tygodniu, bowiem p\u00f3\u017aniej w czasie wakacyjnym trudniej b\u0119dzie za\u0142atwi\u0107 sprawy cmentarne.<\/p>\n<p>Adoracja Naj\u015bwi\u0119tszego Sakr. od poniedzia\u0142ku do pi\u0105tku od godz. 17<sup>00<\/sup>.<\/p>\n<p>B\u00f3g zap\u0142a\u0107 Rodz. z Zache\u0142mie od od nr 75a do 84 za trosk\u0119 o ko\u015bci\u00f3\u0142 i ofiar\u0119 220 z\u0142. Prosz\u0119, aby Rodz. od nr 86 do 91 w sobot\u0119 po mszy \u015bw. podj\u0119\u0142y trosk\u0119 o ko\u015bci\u00f3\u0142.<\/p>\n<p>W czwartek po mszy \u015bw. spotkanie Rady Parafialnej<\/p>\n<p><strong>Komunikaty:<\/strong><\/p>\n<ol>\n<li><a href=\"http:\/\/www.rozalia-zagnansk.pl\/wp-content\/uploads\/2024\/06\/Komunikat-Biskupa-Kieleckiego-Marsz-dla-Zycia-i-Rodziny-2024.pdf\">W niedziel\u0119, 23 czerwca, w Kielcach odb\u0119dzie si\u0119 Marsz dla \u017bycia i Rodziny pod has\u0142em \u201eOjcostwo, Rodzina, Odpowiedzialno\u015b\u0107\u201d.<\/a><\/li>\n<li>Muzeum Diecezjalne w Kielcach zaprasza w czwartek 20.06 o godz. 17<sup>00<\/sup> na wyk\u0142ad w ramach Akademii Wiara-Kultura-Nauka pt. &#8222;OBLICZA PI\u0118KNA: Cz\u0142owiek&#8221;. Wyg\u0142osi ks. prof. Roman Kuligowski, em. profesor W S D w Kielcach. Serdecznie zapraszamy! Wst\u0119p wolny.<\/li>\n<li><a href=\"http:\/\/www.rozalia-zagnansk.pl\/wp-content\/uploads\/2024\/06\/Ekumeniczne-Dni-Biblijne-2024.pdf\">Ekumeniczne Dni Biblijne 2024; <strong>4.<\/strong> Dziewicy i wdowy konsekrowane;<\/a><\/li>\n<li><a href=\"http:\/\/www.rozalia-zagnansk.pl\/wp-content\/uploads\/2024\/06\/STUDIUM-Z.-R.-2024-KOMUNIKAT-.pdf\">Wydzia\u0142 ds. Ma\u0142\u017ce\u0144stw i Rodzin naszej diecezji og\u0142asza nab\u00f3r do Diecezjalnego Studium \u017bycia Rodzinnego.<\/a><\/li>\n<\/ol>\n<p>Zapraszamy na <a href=\"http:\/\/www.rozalia-zagnansk.pl\/wp-content\/uploads\/2024\/06\/Koncert-ekumeniczny-ConPasione-Zagnansk-2024.jpg\">II Zagna\u0144ski Koncert Ekumeniczny<\/a> &#8211; w tym roku odbywaj\u0105cy si\u0119 pod has\u0142em \u201ePok\u00f3j jest Drog\u0105\u201d. Koncert tak jak w roku ubieg\u0142ym odb\u0119dzie si\u0119 w ko\u015bciele pw. \u015bw. Rozalii i \u015bw. Marcina w Zagna\u0144sku. 22 czerwca 2024 r. o godz. 18:00 zaprezentuj\u0105 si\u0119 trzy wyj\u0105tkowe ch\u00f3ry: Ch\u00f3r Ewangelicki im. O. Kolberga z Radomia, kt\u00f3ry wyst\u0119powa\u0142 ju\u017c w pierwszej edycji koncertu i zyska\u0142 uznanie publiczno\u015bci, J\u0119drzejowski Ch\u00f3r Miejski \u2013 po raz pierwszy prezentuj\u0105cy si\u0119 w Zagna\u0144sku oraz oczywi\u015bcie organizatorzy wydarzenia \u2013 Ch\u00f3r Con Passione z Zagna\u0144ska.<\/p>\n<p><a href=\"http:\/\/www.rozalia-zagnansk.pl\/wp-content\/uploads\/2024\/06\/Niedzielnik-16.06.2024.pdf\">Niedzielnik 16.06.2024<\/a><\/p>\n ","protected":false},"excerpt":{"rendered":"<p>\u00abZ kr\u00f3lestwem Bo\u017cym dzieje si\u0119 tak, jak gdyby kto\u015b nasienie wrzuci\u0142 w ziemi\u0119. Czy \u015bpi, czy czuwa, we dnie i w nocy, [&hellip;]<\/p>\n","protected":false},"author":1,"featured_media":0,"comment_status":"closed","ping_status":"open","sticky":false,"template":"","format":"standard","meta":{"_acf_changed":false,"jetpack_post_was_ever_published":false,"_jetpack_newsletter_access":"","_jetpack_dont_email_post_to_subs":false,"_jetpack_newsletter_tier_id":0,"_jetpack_memberships_contains_paywalled_content":false,"_jetpack_memberships_contains_paid_content":false,"footnotes":"","jetpack_publicize_message":"","jetpack_publicize_feature_enabled":true,"jetpack_social_post_already_shared":true,"jetpack_social_options":{"image_generator_settings":{"template":"highway","enabled":false},"version":2}},"categories":[3],"tags":[],"class_list":["post-6315","post","type-post","status-publish","format-standard","hentry","category-ogloszenia"],"jetpack_publicize_connections":[],"acf":[],"jetpack_featured_media_url":"","jetpack_sharing_enabled":true,"jetpack_shortlink":"https:\/\/wp.me\/paz7cl-1DR","_links":{"self":[{"href":"http:\/\/www.rozalia-zagnansk.pl\/index.php?rest_route=\/wp\/v2\/posts\/6315","targetHints":{"allow":["GET"]}}],"collection":[{"href":"http:\/\/www.rozalia-zagnansk.pl\/index.php?rest_route=\/wp\/v2\/posts"}],"about":[{"href":"http:\/\/www.rozalia-zagnansk.pl\/index.php?rest_route=\/wp\/v2\/types\/post"}],"author":[{"embeddable":true,"href":"http:\/\/www.rozalia-zagnansk.pl\/index.php?rest_route=\/wp\/v2\/users\/1"}],"replies":[{"embeddable":true,"href":"http:\/\/www.rozalia-zagnansk.pl\/index.php?rest_route=%2Fwp%2Fv2%2Fcomments&post=6315"}],"version-history":[{"count":1,"href":"http:\/\/www.rozalia-zagnansk.pl\/index.php?rest_route=\/wp\/v2\/posts\/6315\/revisions"}],"predecessor-version":[{"id":6323,"href":"http:\/\/www.rozalia-zagnansk.pl\/index.php?rest_route=\/wp\/v2\/posts\/6315\/revisions\/6323"}],"wp:attachment":[{"href":"http:\/\/www.rozalia-zagnansk.pl\/index.php?rest_route=%2Fwp%2Fv2%2Fmedia&parent=6315"}],"wp:term":[{"taxonomy":"category","embeddable":true,"href":"http:\/\/www.rozalia-zagnansk.pl\/index.php?rest_route=%2Fwp%2Fv2%2Fcategories&post=6315"},{"taxonomy":"post_tag","embeddable":true,"href":"http:\/\/www.rozalia-zagnansk.pl\/index.php?rest_route=%2Fwp%2Fv2%2Ftags&post=6315"}],"curies":[{"name":"wp","href":"https:\/\/api.w.org\/{rel}","templated":true}]}}