{"id":6262,"date":"2024-05-26T00:51:04","date_gmt":"2024-05-26T00:51:04","guid":{"rendered":"https:\/\/www.rozalia-zagnansk.pl\/?p=6262"},"modified":"2024-05-26T00:51:04","modified_gmt":"2024-05-26T00:51:04","slug":"uroczystosc-trojcy-przenajswietszej-26-05-2024","status":"publish","type":"post","link":"http:\/\/www.rozalia-zagnansk.pl\/?p=6262","title":{"rendered":"Uroczysto\u015b\u0107 Tr\u00f3jcy Przenaj\u015bwi\u0119tszej 26.05.2024"},"content":{"rendered":"<p>Poznaj dzisiaj i rozwa\u017c w swym sercu, \u017ce Pan jest Bogiem, a na niebie wysoko i na ziemi nisko nie ma innego. Ten, kt\u00f3ry stworzy\u0142 wszystko i koron\u0119 stworze\u0144 &#8211; cz\u0142owieka, w dramacie niepos\u0142usze\u0144stwa cz\u0142owieka, wysy\u0142a swojego Syna, aby On przez pos\u0142usze\u0144stwo zbawi\u0142 cz\u0142owieka. Syn posy\u0142a Ducha \u015awi\u0119tego aby cz\u0142owiekowi, kt\u00f3ry utraci\u0142 swoj\u0105 niewinno\u015b\u0107, przypomnia\u0142 godno\u015b\u0107 c\u00f3rek i syn\u00f3w Bo\u017cych. Wszyscy ci, kt\u00f3rych prowadzi Duch Bo\u017cy, s\u0105 synami Bo\u017cymi. Posy\u0142a swojego Ducha aby w relacji mi\u0142o\u015bci Tr\u00f3jcy Przenaj\u015bwi\u0119tszej, odkrywa\u0142 sens relacji mi\u0119dzyosobowych moc\u0105 chrztu \u015bw. \u00abDana Mi jest wszelka w\u0142adza w niebie i na ziemi. Id\u017acie wi\u0119c i nauczajcie wszystkie narody, udzielaj\u0105c im chrztu w imi\u0119 Ojca i Syna, i Ducha \u015awi\u0119tego.<\/p>\n<p>Wczoraj prze\u017cywali\u015bmy uroczysto\u015b\u0107 I Komunii \u015bw. Dzieci zaprosi\u0142y Jezusa Eucharystycznego do swojego serca, jak\u017ce wielkie jest wo\u0142anie do rodzic\u00f3w, aby swoim dzieciom dali \u015bwiadectwo wiary i ci\u0105gle rozpalali p\u0142omie\u0144 wiary. Dzi\u0119kuj\u0119 ks. Markowi za ca\u0142oroczn\u0105 prac\u0119 katechetyczn\u0105 i bezpo\u015brednie przygotowanie do komunii \u015bw. nauczycielom za trud edukacji i wychowania a przede wszystkim rodzicom za wszelkie zaanga\u017cowanie w przygotowaniu dzieci, ko\u015bcio\u0142a i dar obrus\u00f3w i stroj\u00f3w liturgicznych do ko\u015bcio\u0142a. Dzi\u0119kuj\u0105 P. Paw\u0142owi i P. Monice wraz ze scholk\u0105 za opraw\u0119 muzyczn\u0105, P. Ryszardowi oraz P. El\u017cbiecie wraz z rodzicami za przygotowanie \u015bwi\u0105tyni. Dzieci dzisiaj rozpoczynaj\u0105 Bia\u0142y Tydzie\u0144. Wyjazd dzieci komunijnych na Jasn\u0105 G\u00f3r\u0119 w \u015brod\u0119 o 7<sup>00<\/sup> z dolnego parkingu. Dzieci zabieraj\u0105 stroje komunijne.<\/p>\n<p>W czwartek 30 maja, prze\u017cywa\u0107 b\u0119dziemy <strong>Uroczysto\u015b\u0107 Naj\u015bwi\u0119tszego Cia\u0142a i Krwi Chrystusa &#8211; Bo\u017ce Cia\u0142o.<\/strong> Msze \u015bw. w tym dniu o godz. <strong>8<sup>00<\/sup> <\/strong>i <strong>10<sup>00<\/sup>.<\/strong> Msza \u015bwi\u0119ta z\u00a0procesj\u0105 eucharystyczn\u0105 o godz. <strong>10<sup>00<\/sup><\/strong>. Przejdziemy tras\u0105 tradycyjn\u0105. Prosimy mieszka\u0144c\u00f3w \u015aci\u0119gien i Chrust\u00f3w o przygotowanie o\u0142tarzy \u2013 prosz\u0119, aby w\u0142\u0105czy\u0142y si\u0119 ca\u0142e spo\u0142eczno\u015bci tych miejscowo\u015bci. Zapraszam Siostry R\u00f3\u017ca\u0144cowe, Apostolaty Margaretka, Krwi Chrystusa, M\u0119ski R\u00f3\u017caniec, dzieci sypi\u0105ce kwiaty a szczeg\u00f3lnie Dzieci I Komunijne i Rocznicowe. Druh\u00f3w Stra\u017cak\u00f3w, Rycerzy Kolumba, asyst\u0119 liturgiczn\u0105, KGW: Jaworzanki, Florianki, Dary Lasu i m\u0142odzie\u017c w szczeg\u00f3lno\u015bci przygotowuj\u0105c\u0105 si\u0119 do sakr. bierzmowania. Prosimy parafian o udekorowanie swoich dom\u00f3w. R\u00f3wnie\u017c w Bo\u017ce Cia\u0142o o godz. <strong>15<sup>00<\/sup><\/strong> ksi\u0119\u017ca w naszych miejscowo\u015bciach, b\u0119d\u0105 b\u0142ogos\u0142awi\u0107 pola i zagrody. Gromadzimy si\u0119 w tradycyjnych miejscach. Ponownie z serca dzi\u0119kuj\u0119 Wszystkim, kt\u00f3rzy piel\u0119gnuj\u0105 przydro\u017cne kapliczki, figury i krzy\u017ce.<\/p>\n<p>Dzisiaj wiecz\u00f3r Uwielbienia i Uzdrowienia po mszy \u015bw. o 16<sup>00<\/sup>.<\/p>\n<p>Kancelaria parafialna czynna w poniedzia\u0142ek i \u015brod\u0119 od 15<sup>30 <\/sup>do 16<sup>30<\/sup>.<\/p>\n<p>W I sobot\u0119 m-ca, M\u0119ski \u017bywy R\u00f3\u017caniec, podejmuje modlitw\u0119 r\u00f3\u017ca\u0144cow\u0105 podczas Adoracji NS od godz. 7<sup>00<\/sup>. W tym dniu pielgrzymka do Cz\u0119stochowy na zjazd \u017bywego R\u00f3\u017ca\u0144ca o godz. 6<sup>00<\/sup> z dolnego parkingu.<\/p>\n<p>Adoracja Naj\u015bwi\u0119tszego Sakr. od poniedzia\u0142ku do pi\u0105tku godz. 17<sup>00<\/sup>. Z wyj\u0105tkiem czwartku, wtorek po mszy \u015bw. do Seminarium Od. Wiary.<\/p>\n<p>Prosz\u0119 aby Rodz. z Zache\u0142mie od nr 51 do nr 62 podj\u0119\u0142y trosk\u0119 o ko\u015bci\u00f3\u0142 w sobot\u0119 po mszy \u015bw.<\/p>\n<p><a href=\"http:\/\/www.rozalia-zagnansk.pl\/wp-content\/uploads\/2024\/05\/Niedzielnik-26.05.2024.pdf\">Niedzielnik 26.05.2024<\/a><\/p>\n ","protected":false},"excerpt":{"rendered":"<p>Poznaj dzisiaj i rozwa\u017c w swym sercu, \u017ce Pan jest Bogiem, a na niebie wysoko i na ziemi nisko nie ma innego. [&hellip;]<\/p>\n","protected":false},"author":1,"featured_media":0,"comment_status":"closed","ping_status":"open","sticky":false,"template":"","format":"standard","meta":{"_acf_changed":false,"jetpack_post_was_ever_published":false,"_jetpack_newsletter_access":"","_jetpack_dont_email_post_to_subs":false,"_jetpack_newsletter_tier_id":0,"_jetpack_memberships_contains_paywalled_content":false,"_jetpack_memberships_contains_paid_content":false,"footnotes":"","jetpack_publicize_message":"","jetpack_publicize_feature_enabled":true,"jetpack_social_post_already_shared":true,"jetpack_social_options":{"image_generator_settings":{"template":"highway","enabled":false},"version":2}},"categories":[3],"tags":[],"class_list":["post-6262","post","type-post","status-publish","format-standard","hentry","category-ogloszenia"],"jetpack_publicize_connections":[],"acf":[],"jetpack_featured_media_url":"","jetpack_sharing_enabled":true,"jetpack_shortlink":"https:\/\/wp.me\/paz7cl-1D0","_links":{"self":[{"href":"http:\/\/www.rozalia-zagnansk.pl\/index.php?rest_route=\/wp\/v2\/posts\/6262","targetHints":{"allow":["GET"]}}],"collection":[{"href":"http:\/\/www.rozalia-zagnansk.pl\/index.php?rest_route=\/wp\/v2\/posts"}],"about":[{"href":"http:\/\/www.rozalia-zagnansk.pl\/index.php?rest_route=\/wp\/v2\/types\/post"}],"author":[{"embeddable":true,"href":"http:\/\/www.rozalia-zagnansk.pl\/index.php?rest_route=\/wp\/v2\/users\/1"}],"replies":[{"embeddable":true,"href":"http:\/\/www.rozalia-zagnansk.pl\/index.php?rest_route=%2Fwp%2Fv2%2Fcomments&post=6262"}],"version-history":[{"count":1,"href":"http:\/\/www.rozalia-zagnansk.pl\/index.php?rest_route=\/wp\/v2\/posts\/6262\/revisions"}],"predecessor-version":[{"id":6264,"href":"http:\/\/www.rozalia-zagnansk.pl\/index.php?rest_route=\/wp\/v2\/posts\/6262\/revisions\/6264"}],"wp:attachment":[{"href":"http:\/\/www.rozalia-zagnansk.pl\/index.php?rest_route=%2Fwp%2Fv2%2Fmedia&parent=6262"}],"wp:term":[{"taxonomy":"category","embeddable":true,"href":"http:\/\/www.rozalia-zagnansk.pl\/index.php?rest_route=%2Fwp%2Fv2%2Fcategories&post=6262"},{"taxonomy":"post_tag","embeddable":true,"href":"http:\/\/www.rozalia-zagnansk.pl\/index.php?rest_route=%2Fwp%2Fv2%2Ftags&post=6262"}],"curies":[{"name":"wp","href":"https:\/\/api.w.org\/{rel}","templated":true}]}}