{"id":6244,"date":"2024-05-12T00:37:10","date_gmt":"2024-05-12T00:37:10","guid":{"rendered":"https:\/\/www.rozalia-zagnansk.pl\/?p=6244"},"modified":"2024-05-12T00:37:10","modified_gmt":"2024-05-12T00:37:10","slug":"uroczystosc-wniebowstapienia-panskiego-12-05-2024","status":"publish","type":"post","link":"http:\/\/www.rozalia-zagnansk.pl\/?p=6244","title":{"rendered":"Uroczysto\u015b\u0107 Wniebowst\u0105pienia Pa\u0144skiego 12.05.2024"},"content":{"rendered":"<p>\u00abS\u0142yszeli\u015bcie o niej ode Mnie \u2013 m\u00f3wi\u0142 \u2013 Jan chrzci\u0142 wod\u0105, ale wy wkr\u00f3tce zostaniecie ochrzczeni Duchem \u015awi\u0119tym\u00bb. Ochrzczeni Duchem \u015awi\u0119tym, to znaczy, zrodzeni do \u017cycia w Bogu, aby na drodze wiary wyzna\u0107 za \u015bw. Paw\u0142em, \u017cyj\u0119 ju\u017c nie ja, ale \u017cyje we mnie Chrystus. Ale gdy Duch \u015awi\u0119ty zst\u0105pi na was, otrzymacie Jego moc i b\u0119dziecie moimi \u015bwiadkami w Jeruzalem i w ca\u0142ej Judei, i w Samarii, i a\u017c po kra\u0144ce ziemi\u00bb. Umocnieni Duchem z wysoka, Duchem mocy, aby sta\u0107 si\u0119 \u015bwiadkami tej nadziei, kt\u00f3ra jest w nas, nadziei \u017cycia z Bogiem i w Nim.<\/p>\n<p>W tygodniu w <strong>poniedzia\u0142ek<\/strong> <strong>13.05<\/strong> rozpoczynamy o godz. <strong>20<sup>00<\/sup><\/strong> Nabo\u017ce\u0144stwa Fatimskie; <strong>wtorek<\/strong> 14.05 \u015bwi\u0119to <strong>\u015bw. Macieja Aposto\u0142a<\/strong>; w <strong>czwartek \u015bw. Andrzeja Boboli \u2013 wielkiego Or\u0119downika Polski.<\/strong><\/p>\n<p>Kolejna msza \u015bw. z modlitw\u0105 <strong>Uwielbienia i Uzdrowienia<\/strong> b\u0119dzie w ostatni\u0105 niedziel\u0119 <strong>26.05<\/strong>.<\/p>\n<p>Kontynuujemy <strong>nowenn\u0119 do Ducha \u015awi\u0119tego<\/strong>. <strong>Nabo\u017ce\u0144stwa majowe<\/strong> w trakcie Adoracji NS. od 17<sup>40<\/sup>. w dni powszednie i w niedziel\u0119 po mszy \u015bw. o godz. 16<sup>00<\/sup>.<\/p>\n<p>Adoracja Naj\u015bwi\u0119tszego Sakr. od \u015brody do pi\u0105tku godz. 17<sup>00<\/sup>.<\/p>\n<p>We wtorek po mszy \u015bw. do rozpocz\u0119cia Seminarium Odnowy Wiary.<\/p>\n<p>We wtorek o godz. 16<sup>30<\/sup> pr\u00f3ba dzieci I komunijnych.<\/p>\n<p>W \u015brod\u0119 o 16<sup>45 <\/sup>zbi\u00f3rka ministrant\u00f3w.<sup>. <\/sup><\/p>\n<p>W czwartek o 18<sup>30<\/sup> pr\u00f3ba dzieci klas IV przed Rocznic\u0105 I Komunii \u015bw. kt\u00f3r\u0105 dzieci b\u0119d\u0105 prze\u017cywa\u0142y 19.05 w niedziel\u0119 o 10<sup>00<\/sup>. Spowiedzi tych dzieci i ich rodzic\u00f3w w ci\u0105gu tygodnia przed Msz\u0105 \u015bw. w trakcie Adoracji do godz. 17<sup>40<\/sup>.<\/p>\n<p>Prosimy rodzic\u00f3w dzieci rocznicowych w sobot\u0119 na 9<sup>00<\/sup> do sprz\u0105tania ko\u015bcio\u0142a oraz ojc\u00f3w dzieci I Komunijnych i Rocznicowych do skoszenia trawy na wzg\u00f3rzu ko\u015bcielnymi i innych prac piel\u0119gnacyjnych (prosz\u0119 zabra\u0107 ze sob\u0105 narz\u0119dzia i urz\u0105dzenia do tych m\u0119skich prac).<\/p>\n<p>Odwo\u0142uj\u0119 planowan\u0105 pielgrzymk\u0119 do Medjugorie.<\/p>\n<p>B\u00f3g zap\u0142a\u0107 Rodz. z Zache\u0142mie od nr 41 do nr 50 za trosk\u0119 o ko\u015bci\u00f3\u0142 i ofiar\u0119 300 z\u0142. Msza \u015bw. w int. tych Rodzin w \u015brod\u0119.<\/p>\n<p>Kancelaria parafialna czynna tylko w <strong>\u015brod\u0119<\/strong> od 15<sup>30 <\/sup>do 17<sup>00<\/sup>.<\/p>\n<p><strong>Komunikaty:<\/strong><\/p>\n<p>W sobot\u0119 19.05 w Cz\u0119stochowie odb\u0119dzie si\u0119 28 Og\u00f3lnopolskie Czuwanie Katolickiej Odnowy w Duchu \u015awi\u0119tym z udzia\u0142em \u015bwieckiego ewangelizatora Damiana Steyn \u2013 szczeg\u00f3\u0142y <a href=\"http:\/\/www.odnowa.org\">www.odnowa.org<\/a><\/p>\n<p>Krajowe Duszpasterstwo S\u0142u\u017cby Zdrowia zaprasza wszystkich wykonuj\u0105cych zawody medyczne na 100. Jubileuszow\u0105 Pielgrzymk\u0119 S\u0142u\u017cby Zdrowia na Jasn\u0105 G\u00f3r\u0119 w dniu 19 maja br. G\u0142\u00f3wne uroczysto\u015bci i Msza \u015awi\u0119ta Pos\u0142ania o godz. 11.00.<\/p>\n<p><a href=\"http:\/\/www.rozalia-zagnansk.pl\/wp-content\/uploads\/2024\/05\/Komunikat-Majowka-Rowerowa-20241.pdf\">XVIII Rodzinna Maj\u00f3wka Rowerowa, kt\u00f3ra odb\u0119dzie si\u0119 w sobot\u0119 18 maja.<\/a><\/p>\n<p><a href=\"http:\/\/www.rozalia-zagnansk.pl\/wp-content\/uploads\/2024\/05\/Niepubliczne-Przedszkole-Caritas.pdf\">Niepubliczne Przedszkole \u201eLe\u015bna Kraina\u201d \u2013 Kajetan\u00f3w.<\/a><\/p>\n<p><a href=\"http:\/\/www.rozalia-zagnansk.pl\/wp-content\/uploads\/2024\/05\/Diecezjalne-Radio-eM-Kielce-zaprasza-do-wspolnej-modlitwy-w-czasie-codziennej-transmisji-Mszy-Swietej-oraz-rozwazania-Ewangelii.pdf\">Radio eM.<\/a><\/p>\n<p><a href=\"http:\/\/www.rozalia-zagnansk.pl\/wp-content\/uploads\/2024\/05\/Niedzielnik-12.05.2024.pdf\">Niedzielnik 12.05.2024<\/a><\/p>\n ","protected":false},"excerpt":{"rendered":"<p>\u00abS\u0142yszeli\u015bcie o niej ode Mnie \u2013 m\u00f3wi\u0142 \u2013 Jan chrzci\u0142 wod\u0105, ale wy wkr\u00f3tce zostaniecie ochrzczeni Duchem \u015awi\u0119tym\u00bb. Ochrzczeni Duchem \u015awi\u0119tym, to [&hellip;]<\/p>\n","protected":false},"author":1,"featured_media":0,"comment_status":"closed","ping_status":"open","sticky":false,"template":"","format":"standard","meta":{"_acf_changed":false,"jetpack_post_was_ever_published":false,"_jetpack_newsletter_access":"","_jetpack_dont_email_post_to_subs":false,"_jetpack_newsletter_tier_id":0,"_jetpack_memberships_contains_paywalled_content":false,"_jetpack_memberships_contains_paid_content":false,"footnotes":"","jetpack_publicize_message":"","jetpack_publicize_feature_enabled":true,"jetpack_social_post_already_shared":true,"jetpack_social_options":{"image_generator_settings":{"template":"highway","enabled":false},"version":2}},"categories":[3],"tags":[],"class_list":["post-6244","post","type-post","status-publish","format-standard","hentry","category-ogloszenia"],"jetpack_publicize_connections":[],"acf":[],"jetpack_featured_media_url":"","jetpack_sharing_enabled":true,"jetpack_shortlink":"https:\/\/wp.me\/paz7cl-1CI","_links":{"self":[{"href":"http:\/\/www.rozalia-zagnansk.pl\/index.php?rest_route=\/wp\/v2\/posts\/6244","targetHints":{"allow":["GET"]}}],"collection":[{"href":"http:\/\/www.rozalia-zagnansk.pl\/index.php?rest_route=\/wp\/v2\/posts"}],"about":[{"href":"http:\/\/www.rozalia-zagnansk.pl\/index.php?rest_route=\/wp\/v2\/types\/post"}],"author":[{"embeddable":true,"href":"http:\/\/www.rozalia-zagnansk.pl\/index.php?rest_route=\/wp\/v2\/users\/1"}],"replies":[{"embeddable":true,"href":"http:\/\/www.rozalia-zagnansk.pl\/index.php?rest_route=%2Fwp%2Fv2%2Fcomments&post=6244"}],"version-history":[{"count":1,"href":"http:\/\/www.rozalia-zagnansk.pl\/index.php?rest_route=\/wp\/v2\/posts\/6244\/revisions"}],"predecessor-version":[{"id":6249,"href":"http:\/\/www.rozalia-zagnansk.pl\/index.php?rest_route=\/wp\/v2\/posts\/6244\/revisions\/6249"}],"wp:attachment":[{"href":"http:\/\/www.rozalia-zagnansk.pl\/index.php?rest_route=%2Fwp%2Fv2%2Fmedia&parent=6244"}],"wp:term":[{"taxonomy":"category","embeddable":true,"href":"http:\/\/www.rozalia-zagnansk.pl\/index.php?rest_route=%2Fwp%2Fv2%2Fcategories&post=6244"},{"taxonomy":"post_tag","embeddable":true,"href":"http:\/\/www.rozalia-zagnansk.pl\/index.php?rest_route=%2Fwp%2Fv2%2Ftags&post=6244"}],"curies":[{"name":"wp","href":"https:\/\/api.w.org\/{rel}","templated":true}]}}