{"id":6140,"date":"2024-04-26T13:32:14","date_gmt":"2024-04-26T13:32:14","guid":{"rendered":"https:\/\/www.rozalia-zagnansk.pl\/?p=6140"},"modified":"2024-04-26T13:32:14","modified_gmt":"2024-04-26T13:32:14","slug":"roza-rozancowa-maj","status":"publish","type":"post","link":"http:\/\/www.rozalia-zagnansk.pl\/?p=6140","title":{"rendered":"R\u00f3\u017ca R\u00f3\u017ca\u0144cowa \u2013 Maj"},"content":{"rendered":"<p><em><a href=\"http:\/\/www.rozalia-zagnansk.pl\/wp-content\/uploads\/2024\/01\/maryja-landscape.jpg\"><img decoding=\"async\" class=\"wp-image-5831 aligncenter\" src=\"http:\/\/www.rozalia-zagnansk.pl\/wp-content\/uploads\/2024\/01\/maryja-landscape.jpg\" alt=\"\" width=\"175\" height=\"129\" srcset=\"http:\/\/www.rozalia-zagnansk.pl\/wp-content\/uploads\/2024\/01\/maryja-landscape.jpg 350w, http:\/\/www.rozalia-zagnansk.pl\/wp-content\/uploads\/2024\/01\/maryja-landscape-300x221.jpg 300w, http:\/\/www.rozalia-zagnansk.pl\/wp-content\/uploads\/2024\/01\/maryja-landscape-230x170.jpg 230w\" sizes=\"(max-width: 175px) 100vw, 175px\" \/><\/a><\/em><\/p>\n<p style=\"text-align: center;\"><em>By Maryja by\u0142a bardziej znana i mi\u0142owana; <\/em><\/p>\n<p style=\"text-align: center;\"><em>by Jej Wezwania z Fatimy pozna\u0142 i wype\u0142nia\u0142 \u015bwiat.<\/em><\/p>\n<hr \/>\n<p>R\u00f3\u017caniec prowadzi Zelator grupy III \u2013 brat Darek.<\/p>\n<p><strong>Intencja modlitewna papieska:<\/strong><\/p>\n<p style=\"padding-left: 40px;\">O dobr\u0105 formacj\u0119 os\u00f3b zakonnych i seminarzyst\u00f3w<\/p>\n<p style=\"padding-left: 40px;\">M\u00f3dlmy si\u0119, aby siostry i bracia zakonni oraz seminarzy\u015bci wzrastali w swoim powo\u0142aniu, dobrze korzystaj\u0105c z formacji ludzkiej, religijnej, duchowej i wsp\u00f3lnotowej, dzi\u0119ki czemu stan\u0105 si\u0119 wiarygodnymi \u015bwiadkami Ewangelii.<\/p>\n<p><strong>Sta\u0142e intencje modlitewne M\u0119skiego \u017bywego R\u00f3\u017ca\u0144ca<\/strong><\/p>\n<p style=\"padding-left: 40px;\">O pok\u00f3j i bezpiecze\u0144stwo dla naszej Ojczyzny i ca\u0142ego \u015bwiata oraz o rych\u0142e zako\u0144czenie wojny na Ukrainie i w Ziemi \u015awi\u0119tej.<\/p>\n<p style=\"padding-left: 40px;\">O zachowanie warto\u015bci chrze\u015bcija\u0144skich i odnow\u0119 wiary w Europie.<\/p>\n<p style=\"padding-left: 40px;\">Za kap\u0142an\u00f3w oraz o nowe i \u015bwi\u0119te powo\u0142ania kap\u0142a\u0144skie, misyjne i zakonne, aby nie zabrak\u0142o \u015bwiadk\u00f3w Ewangelii i mi\u0142o\u015bci Boga do cz\u0142owieka.<\/p>\n<p><strong>Intencje modlitewne M\u0119skiego \u017bywego R\u00f3\u017ca\u0144ca <\/strong><\/p>\n<p style=\"padding-left: 40px;\">Za lider\u00f3w i cz\u0142onk\u00f3w naszych parafialnych wsp\u00f3lnot, aby przez modlitw\u0119, formacj\u0119 i apostolstwo stawali si\u0119 wiarygodnymi \u015bwiadkami i budowali Ko\u015bci\u00f3\u0142, kt\u00f3ry jest wsp\u00f3lnot\u0105.<\/p>\n<p style=\"padding-left: 40px;\">O \u017cyw\u0105 wiar\u0119, dary Ducha \u015awi\u0119tego, potrzebne \u0142aski dla dzieci i m\u0142odzie\u017cy, kt\u00f3re przygotowuj\u0105 si\u0119 do przyj\u0119cia sakrament\u00f3w \u015bwi\u0119tych Eucharystii i Bierzmowania.<\/p>\n<p style=\"padding-left: 40px;\">Intencje w\u0142asne<\/p>\n<p>&nbsp;<\/p>\n<p style=\"text-align: center;\"><em>M\u0119ski \u017bywy R\u00f3\u017caniec za\u0142o\u017cony w dniu 04.12.2021 r. przy parafii Rzymskokatolickiej pod wezwaniem \u015bw. Rozalii i \u015bw. Marcina w Zagna\u0144sku, kt\u00f3rego Patronem jest b\u0142. Stefan Wyszy\u0144ski.<\/em><\/p>\n ","protected":false},"excerpt":{"rendered":"<p>By Maryja by\u0142a bardziej znana i mi\u0142owana; by Jej Wezwania z Fatimy pozna\u0142 i wype\u0142nia\u0142 \u015bwiat. R\u00f3\u017caniec prowadzi Zelator grupy III \u2013 [&hellip;]<\/p>\n","protected":false},"author":1,"featured_media":6141,"comment_status":"closed","ping_status":"open","sticky":false,"template":"","format":"standard","meta":{"_acf_changed":false,"jetpack_post_was_ever_published":false,"_jetpack_newsletter_access":"","_jetpack_dont_email_post_to_subs":false,"_jetpack_newsletter_tier_id":0,"_jetpack_memberships_contains_paywalled_content":false,"_jetpack_memberships_contains_paid_content":false,"footnotes":"","jetpack_publicize_message":"","jetpack_publicize_feature_enabled":true,"jetpack_social_post_already_shared":true,"jetpack_social_options":{"image_generator_settings":{"template":"highway","enabled":false},"version":2}},"categories":[20],"tags":[],"class_list":["post-6140","post","type-post","status-publish","format-standard","has-post-thumbnail","hentry","category-ogloszenia-rozy"],"jetpack_publicize_connections":[],"acf":[],"jetpack_featured_media_url":"http:\/\/www.rozalia-zagnansk.pl\/wp-content\/uploads\/2024\/04\/miniaturka-maj.jpg","jetpack_sharing_enabled":true,"jetpack_shortlink":"https:\/\/wp.me\/paz7cl-1B2","_links":{"self":[{"href":"http:\/\/www.rozalia-zagnansk.pl\/index.php?rest_route=\/wp\/v2\/posts\/6140","targetHints":{"allow":["GET"]}}],"collection":[{"href":"http:\/\/www.rozalia-zagnansk.pl\/index.php?rest_route=\/wp\/v2\/posts"}],"about":[{"href":"http:\/\/www.rozalia-zagnansk.pl\/index.php?rest_route=\/wp\/v2\/types\/post"}],"author":[{"embeddable":true,"href":"http:\/\/www.rozalia-zagnansk.pl\/index.php?rest_route=\/wp\/v2\/users\/1"}],"replies":[{"embeddable":true,"href":"http:\/\/www.rozalia-zagnansk.pl\/index.php?rest_route=%2Fwp%2Fv2%2Fcomments&post=6140"}],"version-history":[{"count":1,"href":"http:\/\/www.rozalia-zagnansk.pl\/index.php?rest_route=\/wp\/v2\/posts\/6140\/revisions"}],"predecessor-version":[{"id":6142,"href":"http:\/\/www.rozalia-zagnansk.pl\/index.php?rest_route=\/wp\/v2\/posts\/6140\/revisions\/6142"}],"wp:featuredmedia":[{"embeddable":true,"href":"http:\/\/www.rozalia-zagnansk.pl\/index.php?rest_route=\/wp\/v2\/media\/6141"}],"wp:attachment":[{"href":"http:\/\/www.rozalia-zagnansk.pl\/index.php?rest_route=%2Fwp%2Fv2%2Fmedia&parent=6140"}],"wp:term":[{"taxonomy":"category","embeddable":true,"href":"http:\/\/www.rozalia-zagnansk.pl\/index.php?rest_route=%2Fwp%2Fv2%2Fcategories&post=6140"},{"taxonomy":"post_tag","embeddable":true,"href":"http:\/\/www.rozalia-zagnansk.pl\/index.php?rest_route=%2Fwp%2Fv2%2Ftags&post=6140"}],"curies":[{"name":"wp","href":"https:\/\/api.w.org\/{rel}","templated":true}]}}