{"id":611,"date":"2017-09-10T05:52:34","date_gmt":"2017-09-10T05:52:34","guid":{"rendered":"http:\/\/www.rozalia-zagnansk.pl\/?p=611"},"modified":"2017-09-10T05:58:56","modified_gmt":"2017-09-10T05:58:56","slug":"ogloszenia-duszpasterskie-9-wrzesnia-2017r","status":"publish","type":"post","link":"http:\/\/www.rozalia-zagnansk.pl\/?p=611","title":{"rendered":"Og\u0142oszenia duszpasterskie 9 wrze\u015bnia 2017r."},"content":{"rendered":"<p>Og\u0142oszenia duszpasterskie XXIII Niedz. zw. 10.09.2017 r.<\/p>\n<p>Bracia: Nikomu nie b\u0105d\u017acie nic d\u0142u\u017cni poza wzajemn\u0105 mi\u0142o\u015bci\u0105. Tak dzisiaj zach\u0119ca nas\u00a0 \u015bw. Pawe\u0142. W ubieg\u0142\u0105 niedziel\u0119 \u015bwi\u0119towali\u015bmy wprowadzenie relikwii Krwi \u015bw. Jana Paw\u0142a II,\u00a0 do naszej \u015bwi\u0105tyni. Wielokrotnie skandowali\u015bmy w trakcie Jego podr\u00f3\u017cy do Ojczyzny: Kochamy Ci\u0119 Ojcze \u015awi\u0119ty. W\u00f3wczas on stawia\u0142 nam pytanie: jak to robicie ? Odpowiedzie\u0107 na to pytanie mo\u017cemy tylko osobi\u015bcie. Nie b\u0105d\u017acie nic d\u0142u\u017cni poza wzajemn\u0105 mi\u0142o\u015bci\u0105. Zmiana stylu naszego \u017cycia, w kt\u00f3rym b\u0119dzie wi\u0119cej osobistej modlitwy, czytania Pisma \u015bw. praktycznej mi\u0142o\u015bci\u00a0 i odwagi przebaczenia &#8211; tak mo\u017cemy uczci\u0107 Jego obecno\u015b\u0107, w naszej parafii. Jak nam powiedzia\u0142 Biskup Piotr: w tej cz\u0105stce swojej Krwi zamieszka\u0142 na zawsze u nas, sta\u0142 si\u0119 domownikiem.\u00a0 W tajemnicy \u015bwi\u0119tych obcowania mo\u017cemy codziennie przyzywa\u0107 jego wstawiennictwa u Pana. Uroczy\u015bcie b\u0119dziemy go czci\u0107 i przyzywa\u0107 jego or\u0119downictwa ka\u017cdego 16 miesi\u0105ca, na pami\u0105tk\u0119 16 pa\u017adziernika, dnia jego wyboru. Zatem zapraszam ju\u017c w najbli\u017csz\u0105 sobot\u0119 na godz. 8 rano. Msza \u015bw.\u00a0 w obecno\u015bci relikwii \u015bw. Jana Paw\u0142a II<\/p>\n<p>&nbsp;<\/p>\n<p>Serdecznie dzi\u0119kuj\u0119 raz jeszcze tym wszystkim kt\u00f3rzy u\u015bwietnili i zaanga\u017cowali si\u0119 w przygotowanie i przeprowadzenie Sumy Odpustowej, i Odpustu Parafialnego, pocztom sztandarowym, Zespo\u0142om Ludowym, siostrom r\u00f3\u017ca\u0144cowym, paniom nios\u0105cym feretrony, panom nios\u0105cym sztandary i chor\u0105gwie. dzieciom sypi\u0105cym kwiaty, ch\u00f3rowi parafialnemu, s\u0142u\u017cbie liturgicznej, asy\u015bcie Stra\u017cak\u00f3w i Rycerzy Kolumba, Grupom VI i VII sprz\u0105taj\u0105cym z Belna i Wsp\u00f3lnocie Odnowy w Duchu \u015awi\u0119tym a szczeg\u00f3lnie Panu Zygmuntowi i Halinie Ch\u0142opkom za przygotowanie \u015bwi\u0105tyni i bielizny ko\u015bcielnej oraz Paniom w kuchni.<\/p>\n<p>R\u00f3wnie\u017c w ostatni\u0105 niedziel\u0119 prze\u017cywali\u015bmy VIII Parafialny Festyn Rodzinny. Dzi\u0119kuj\u0119 Wszystkim, kt\u00f3rzy zaanga\u017cowali si\u0119 w przygotowanie i poprowadzenie Festynu. Przede wszystkim zespo\u0142owi Organizator\u00f3w na czele z Panem W\u00f3jtem, Radnymi, Stra\u017cakami, Floriankami, Jaworzankami, Rycerzami Kolumba, Urz\u0119dem Gminy Zagna\u0144sk, Odnow\u0105 w Duchu \u015awi\u0119tym, Szko\u0142ami w Chrustach i Zagna\u0144sku wraz z Gronem Pedagogicznym. Stowarzyszeniu Razem dla Wszystkich, Stowarzyszeniu \u201eNadzieja Rodzinie\u201d i naszemu klubowi \u201eWolna Strefa\u201d, oraz wielu bezimiennym osobom, sk\u0142adam z g\u0142\u0119bi serca SERDECZNY B\u00d3G ZAP\u0141A\u0106.<\/p>\n<p>&nbsp;<\/p>\n<p>Zapraszamy czcicieli Matki Bo\u017cej Fatimskiej na Msz\u0119 \u015bw. i Nabo\u017ce\u0144stwo Fatimskie w \u015brod\u0119 (13.09.2017 r.) na godz. 20.00. Nabo\u017ce\u0144stwo poprowadzi ks. Jacek Kope\u0107 \u2013 dyrektor Zespo\u0142u Szk\u00f3\u0142 Katolickich<\/p>\n<p>B\u00f3g zap\u0142a\u0107 VIII Grupie z Belna za przygotowanie Ko\u015bcio\u0142a do dzisiejszej Uroczysto\u015bci i ofiar\u0119 w kwocie 300 z\u0142. Msza \u015bw. w intencji Rodzin tych grup b\u0119dzie 13 wrze\u015bnia o godz. 20.00. W sobot\u0119 zapraszam ostatni\u0105 grup\u0119 Rodzin z Belna.<\/p>\n<p>B\u00f3g zap\u0142a\u0107 za Wasz\u0105 ofiarno\u015b\u0107 na tac\u0119\u00a0 w kopertach i na konto bankowe.<\/p>\n<p>Ks. Leszek Proboszcz z Wi\u015bni\u00f3wki zaprasza w przysz\u0142\u0105 niedziel\u0119 na modlitw\u0119 przy trakcie kr\u00f3lewskim na godz. 15.00<\/p>\n<p>Referat Kultury Fizycznej i Sportu Kurii Diecezjalnej oraz Miejski O\u015brodek Sportu<br \/>\ni Rekreacji w Kielcach zapraszaj\u0105 do udzia\u0142u w V Pielgrzymce Rowerowej na \u015awi\u0119ty Krzy\u017c, kt\u00f3ra odb\u0119dzie si\u0119 w sobot\u0119 23 wrze\u015bnia br. pod patronatem i z udzia\u0142em Ks. Biskupa Mariana Florczyka.<\/p>\n<p><a href=\"http:\/\/www.rozalia-zagnansk.pl\/?attachment_id=616\" rel=\"attachment wp-att-616\">Komunikat &#8211; V Pielgrzykma Rowerowa na \u015awi\u0119ty Krzy\u017c<\/a><\/p>\n<p><a href=\"http:\/\/www.rozalia-zagnansk.pl\/?attachment_id=613\" rel=\"attachment wp-att-613\">Niedzielnik 10.09.2017<\/a><\/p>\n<p>&nbsp;<\/p>\n<p>&nbsp;<\/p>\n<p>&nbsp;<\/p>\n ","protected":false},"excerpt":{"rendered":"<p>Og\u0142oszenia duszpasterskie XXIII Niedz. zw. 10.09.2017 r. Bracia: Nikomu nie b\u0105d\u017acie nic d\u0142u\u017cni poza wzajemn\u0105 mi\u0142o\u015bci\u0105. Tak dzisiaj zach\u0119ca nas\u00a0 \u015bw. Pawe\u0142. [&hellip;]<\/p>\n","protected":false},"author":1,"featured_media":0,"comment_status":"closed","ping_status":"open","sticky":false,"template":"","format":"standard","meta":{"_acf_changed":false,"jetpack_post_was_ever_published":false,"_jetpack_newsletter_access":"","_jetpack_dont_email_post_to_subs":false,"_jetpack_newsletter_tier_id":0,"_jetpack_memberships_contains_paywalled_content":false,"_jetpack_memberships_contains_paid_content":false,"footnotes":"","jetpack_publicize_message":"","jetpack_publicize_feature_enabled":true,"jetpack_social_post_already_shared":false,"jetpack_social_options":{"image_generator_settings":{"template":"highway","enabled":false},"version":2}},"categories":[3],"tags":[],"class_list":["post-611","post","type-post","status-publish","format-standard","hentry","category-ogloszenia"],"jetpack_publicize_connections":[],"acf":[],"jetpack_featured_media_url":"","jetpack_sharing_enabled":true,"jetpack_shortlink":"https:\/\/wp.me\/paz7cl-9R","_links":{"self":[{"href":"http:\/\/www.rozalia-zagnansk.pl\/index.php?rest_route=\/wp\/v2\/posts\/611","targetHints":{"allow":["GET"]}}],"collection":[{"href":"http:\/\/www.rozalia-zagnansk.pl\/index.php?rest_route=\/wp\/v2\/posts"}],"about":[{"href":"http:\/\/www.rozalia-zagnansk.pl\/index.php?rest_route=\/wp\/v2\/types\/post"}],"author":[{"embeddable":true,"href":"http:\/\/www.rozalia-zagnansk.pl\/index.php?rest_route=\/wp\/v2\/users\/1"}],"replies":[{"embeddable":true,"href":"http:\/\/www.rozalia-zagnansk.pl\/index.php?rest_route=%2Fwp%2Fv2%2Fcomments&post=611"}],"version-history":[{"count":4,"href":"http:\/\/www.rozalia-zagnansk.pl\/index.php?rest_route=\/wp\/v2\/posts\/611\/revisions"}],"predecessor-version":[{"id":617,"href":"http:\/\/www.rozalia-zagnansk.pl\/index.php?rest_route=\/wp\/v2\/posts\/611\/revisions\/617"}],"wp:attachment":[{"href":"http:\/\/www.rozalia-zagnansk.pl\/index.php?rest_route=%2Fwp%2Fv2%2Fmedia&parent=611"}],"wp:term":[{"taxonomy":"category","embeddable":true,"href":"http:\/\/www.rozalia-zagnansk.pl\/index.php?rest_route=%2Fwp%2Fv2%2Fcategories&post=611"},{"taxonomy":"post_tag","embeddable":true,"href":"http:\/\/www.rozalia-zagnansk.pl\/index.php?rest_route=%2Fwp%2Fv2%2Ftags&post=611"}],"curies":[{"name":"wp","href":"https:\/\/api.w.org\/{rel}","templated":true}]}}