{"id":586,"date":"2017-08-27T04:38:38","date_gmt":"2017-08-27T04:38:38","guid":{"rendered":"http:\/\/www.rozalia-zagnansk.pl\/?p=586"},"modified":"2017-08-27T04:52:55","modified_gmt":"2017-08-27T04:52:55","slug":"ogloszenia-duszpasterskie-27-08-2017r","status":"publish","type":"post","link":"http:\/\/www.rozalia-zagnansk.pl\/?p=586","title":{"rendered":"Og\u0142oszenia duszpasterskie 27.08.2017r."},"content":{"rendered":"<p><strong>\u00a0\u00a0\u00a0\u00a0\u00a0\u00a0\u00a0\u00a0\u00a0\u00a0\u00a0\u00a0\u00a0\u00a0 Og\u0142oszenia duszpasterskie XXI Niedziela zwyk\u0142a 27 sierpnia 2017 r.<\/strong><\/p>\n<p><strong>\u00a0<\/strong><\/p>\n<p>Ty jeste\u015b Piotr, czyli Opoka, i na tej opoce zbuduj\u0119 Ko\u015bci\u00f3\u0142 m\u00f3j, a bramy piekielne\u00a0 go nie przemog\u0105. I tobie dam klucze kr\u00f3lestwa niebieskiego; cokolwiek zwi\u0105\u017cesz\u00a0 na ziemi, b\u0119dzie zwi\u0105zane w niebie, a co rozwi\u0105\u017cesz na ziemi, b\u0119dzie rozwi\u0105zane w niebie\u00bb. Mandat kluczy. To pewno\u015b\u0107 i stabilno\u015b\u0107. Klucze ma Piotr i jego nast\u0119pcy. Wszechmog\u0105cy. Wszechpot\u0119\u017cny. Stw\u00f3rca i w\u0142adca nieba i ziemi, ogranicza siebie, ludzk\u0105 decyzj\u0105 \u2013 co zwi\u0105\u017cesz na ziemi, b\u0119dzie zwi\u0105zane w niebie. Kt\u00f3rym odpu\u015bcicie grzechy, s\u0105 im odpuszczone, a kt\u00f3rym zatrzymacie, s\u0105 im zatrzymane (J 20,23). Tajemnica Ko\u015bcio\u0142a i prymatu Piotra. Potrzebny nam jest Piotr i jego nast\u0119pcy aby Ko\u015bci\u00f3\u0142 trwa\u0142. M\u00f3dlmy si\u0119 za papie\u017ca, biskup\u00f3w i kap\u0142an\u00f3w.<\/p>\n<p>&nbsp;<\/p>\n<p>Dzi\u0119kuj\u0119 za pos\u0142ug\u0119 w naszej parafii ks. mgr Lucjana Dudzi\u0144skiego, prosz\u0119 pami\u0119tajmy o Nim w modlitwie przed Panem. Informuj\u0119, \u017ce ks. Biskup nie zamianowa\u0142 Wikariusza do naszej parafii \u2013 prosz\u0119 o modlitw\u0119.<\/p>\n<p>&nbsp;<\/p>\n<p>W niedziel\u0119 3 wrze\u015bnia w naszej parafii Odpust Parafialny \u015bw. Rozalii. Msza \u015bw.\u00a0 o godz. 08.00, 10.00 i 12.00 (nie ma o godz.16.00.) Suma odpustowa wraz\u00a0 z wniesieniem Relikwii Krwi \u015bw. Jana Paw\u0142a II z procesj\u0105 wok\u00f3\u0142 ko\u015bcio\u0142a o godz. 12.00. Sum\u0119 odprawi Ks. Biskup Sosnowiecki Piotr Skucha. Do uroczystej procesji szczeg\u00f3lnie zapraszamy dzieci do sypania kwiat\u00f3w, Panie z K\u00f3\u0142ek r\u00f3\u017ca\u0144cowych, Panie do feretron\u00f3w i Pan\u00f3w do niesienia chor\u0105gwi, sztandary szkolne, zespo\u0142y Jaworzanki i Florianki, asyst\u0119 liturgiczn\u0105 i ministrant\u00f3w, ch\u00f3r parafialny, Rycerzy Kolumba i Stra\u017c Po\u017carn\u0105 z OSP Chrusty.<\/p>\n<p>W dniu wspomnienia \u015bw. Rozalii 4 wrze\u015bnia, kazania odpustowe, wyg\u0142osi ks. dr S\u0142awomir P\u0142usa profesor Wy\u017cszego Seminarium Duchownego w Radomiu oraz Przewodnicz\u0105cy Krajowego Zespo\u0142u Koordynator\u00f3w Odnowy w Duchu \u015awi\u0119tym.<\/p>\n<p>Uroczysta Msza \u015bw. na rozpocz\u0119cie roku szkolnego i katechetycznego na rok 2017\/2018 b\u0119dzie 3 wrze\u015bnia o godz. 12.00 w czasie sumy odpustowej. W czasie tej Mszy \u015bw.\u00a0 b\u0119dzie po\u015bwi\u0119cenie tornistr\u00f3w i przybor\u00f3w szkolnych uczniom kl. 0 i I.<\/p>\n<p>Prosz\u0119 aby przygotowaniem do tych Uroczysto\u015bci oraz z racji I Pi\u0105tku miesi\u0105ca by\u0142a spowied\u017a \u015bw. Ksi\u0119\u017ca b\u0119d\u0105 spowiadali w pi\u0105tek od godz. 16.00 &#8211; prosz\u0119 niech przyjd\u0105 dzieci i od 17.00 m\u0142odzie\u017c i doro\u015bli. W sobot\u0119 od godz. 07.00 do 09.00. b\u0119dzie mo\u017cliwo\u015b\u0107 spowiedzi. R\u00f3wnie\u017c od godz. 07.00 b\u0119dzie Adoracja Naj\u015bwi\u0119tszego Sakramentu z racji I Soboty miesi\u0105ca. Ksi\u0105dz w I Pi\u0105tek uda si\u0119 do chorych od godz. 09.30<\/p>\n<p>Bezpo\u015brednio po Sumie odpustowej zapraszam w imieniu Organizator\u00f3w na VIII Parafialny Festyn Rodzinny \u201e Seniorzy s\u0105 w\u015br\u00f3d nas\u201d, kt\u00f3ry w tym roku szczeg\u00f3lnie pragniemy dedykowa\u0107 Seniorom. W programie wiele wyst\u0119p\u00f3w zespo\u0142\u00f3w folklorystycznych i ludowych. Wyst\u0119py dzieci i m\u0142odzie\u017cy wraz z Seniorami ze Szk\u00f3\u0142\u00a0 z Chrust i Zagna\u0144ska oraz Klub\u00f3w \u201eWolna Strefa\u201d , konkursy i pokazy. Gwiazd\u0105 Festynu b\u0119dzie ukrai\u0144ski zesp\u00f3\u0142 z Tarnopola \u201eG\u0142osy Anio\u0142\u00f3w&#8221; w poszerzonym sk\u0142adzie.<\/p>\n<p><a href=\"http:\/\/www.rozalia-zagnansk.pl\/wp-content\/uploads\/2017\/08\/Plakat-VIII-Rodzinny-Festyn-Parafialny.jpg\">http:\/\/www.rozalia-zagnansk.pl\/wp-content\/uploads\/2017\/08\/Plakat-VIII-Rodzinny-Festyn-Parafialny.jpg<\/a><\/p>\n<p>&nbsp;<\/p>\n<p>Informuj\u0119, \u017ce Sakrament Bierzmowania b\u0119dzie 17 maja a I Komunia \u015awi\u0119ta b\u0119dzie\u00a0 26 maja. Spotkania Rodzic\u00f3w dzieci, kt\u00f3re b\u0119d\u0105 si\u0119 przygotowywa\u0142y do I Komunii \u015bw. 10 wrze\u015bnia po mszy \u015bw. o godz. 10.00.<\/p>\n<p>Przypominam, \u017ce w czasie Rodzinnego Festynu Parafialnego 3 wrze\u015bnia odb\u0119dzie si\u0119 Rodzinny Konkurs na temat \u015bw. Rozalii i naszej parafii, w kolejnym dodatku do dzisiejszego Niedzielnika zamieszczamy istotne informacje. Wszystkich serdecznie zapraszamy do udzia\u0142u, nie b\u0119dzie pyta\u0144 na scenie, tylko w zaciszu, praca zespo\u0142u rodzinnego. <a href=\"http:\/\/www.rozalia-zagnansk.pl\/?attachment_id=591\" rel=\"attachment wp-att-591\">niedzielnik dodatek nr 3 2017<\/a><\/p>\n<p>Dzi\u0119kuj\u0119 za dar Waszej ofiarno\u015bci, szczeg\u00f3lnie ten p\u0142yn\u0105cy z serca. Wierz\u0119 g\u0142\u0119boko,\u00a0 \u017ce radosnego Dawc\u0119 mi\u0142uje B\u00f3g. R\u00f3wnie\u017c dzi\u0119kuj\u0119 Tym rodzinom, kt\u00f3re sk\u0142adaj\u0105 ofiary w kopertach i na konto bankowe na potrzeby Ko\u015bcio\u0142a.<\/p>\n<p>Pi\u0105tej grupie sprz\u0105taj\u0105cej z Belna dzi\u0119kuj\u0119 za przygotowanie naszej \u015bwi\u0105tyni do niedzieli oraz ofiar\u0119 na Ko\u015bci\u00f3\u0142 w kwocie 260 z\u0142. Msza \u015bw. w intencji Rodzin tej grupy zostanie odprawiona 04 wrze\u015bnia o godz. 08.00. Za tydzie\u0144 w sobot\u0119, w zwi\u0105zku\u00a0 z Uroczysto\u015bciami w parafii, zapraszam 20 kolejnych rodziny z\u00a0Belna i osoby ch\u0119tne do sprz\u0105tania ko\u015bcio\u0142a i wok\u00f3\u0142 oraz obej\u015bcia plebani (prosz\u0119 zabra\u0107 sekatory, grabki i inne konieczne narz\u0119dzia).<\/p>\n<p>Komunikat Kurii: Od 01.10 rozpoczyna si\u0119 nowy okres \u015bwiadcze\u0144. Aby otrzymywa\u0107 \u015bwiadczenie Rodzina 500+ trzeba z\u0142o\u017cy\u0107 wniosek. Szerzej na <a href=\"http:\/\/www.mpips.gov.pl\/wsparcie-dla-rodzin-z-dziecmi\/rodzina-500-plus\">http:\/\/www.mpips.gov.pl\/wsparcie-dla-rodzin-z-dziecmi\/rodzina-500-plus<\/a><\/p>\n<p>Na Apel Biskupa Kieleckiego odno\u015bnie do pomocy poszkodowanym w nawa\u0142nicach odpowiemy 10 wrze\u015bnia z racji dzisiejszej zbi\u00f3rki na rzecz osoby z parafii Samson\u00f3w.<\/p>\n<p><a href=\"http:\/\/www.rozalia-zagnansk.pl\/?attachment_id=588\" rel=\"attachment wp-att-588\">Niedzielnik 27.08.2017<\/a><\/p>\n<p>&nbsp;<\/p>\n ","protected":false},"excerpt":{"rendered":"<p>\u00a0\u00a0\u00a0\u00a0\u00a0\u00a0\u00a0\u00a0\u00a0\u00a0\u00a0\u00a0\u00a0\u00a0 Og\u0142oszenia duszpasterskie XXI Niedziela zwyk\u0142a 27 sierpnia 2017 r. \u00a0 Ty jeste\u015b Piotr, czyli Opoka, i na tej opoce zbuduj\u0119 Ko\u015bci\u00f3\u0142 [&hellip;]<\/p>\n","protected":false},"author":1,"featured_media":0,"comment_status":"closed","ping_status":"open","sticky":false,"template":"","format":"standard","meta":{"_acf_changed":false,"jetpack_post_was_ever_published":false,"_jetpack_newsletter_access":"","_jetpack_dont_email_post_to_subs":false,"_jetpack_newsletter_tier_id":0,"_jetpack_memberships_contains_paywalled_content":false,"_jetpack_memberships_contains_paid_content":false,"footnotes":"","jetpack_publicize_message":"","jetpack_publicize_feature_enabled":true,"jetpack_social_post_already_shared":false,"jetpack_social_options":{"image_generator_settings":{"template":"highway","enabled":false},"version":2}},"categories":[3],"tags":[],"class_list":["post-586","post","type-post","status-publish","format-standard","hentry","category-ogloszenia"],"jetpack_publicize_connections":[],"acf":[],"jetpack_featured_media_url":"","jetpack_sharing_enabled":true,"jetpack_shortlink":"https:\/\/wp.me\/paz7cl-9s","_links":{"self":[{"href":"http:\/\/www.rozalia-zagnansk.pl\/index.php?rest_route=\/wp\/v2\/posts\/586","targetHints":{"allow":["GET"]}}],"collection":[{"href":"http:\/\/www.rozalia-zagnansk.pl\/index.php?rest_route=\/wp\/v2\/posts"}],"about":[{"href":"http:\/\/www.rozalia-zagnansk.pl\/index.php?rest_route=\/wp\/v2\/types\/post"}],"author":[{"embeddable":true,"href":"http:\/\/www.rozalia-zagnansk.pl\/index.php?rest_route=\/wp\/v2\/users\/1"}],"replies":[{"embeddable":true,"href":"http:\/\/www.rozalia-zagnansk.pl\/index.php?rest_route=%2Fwp%2Fv2%2Fcomments&post=586"}],"version-history":[{"count":5,"href":"http:\/\/www.rozalia-zagnansk.pl\/index.php?rest_route=\/wp\/v2\/posts\/586\/revisions"}],"predecessor-version":[{"id":594,"href":"http:\/\/www.rozalia-zagnansk.pl\/index.php?rest_route=\/wp\/v2\/posts\/586\/revisions\/594"}],"wp:attachment":[{"href":"http:\/\/www.rozalia-zagnansk.pl\/index.php?rest_route=%2Fwp%2Fv2%2Fmedia&parent=586"}],"wp:term":[{"taxonomy":"category","embeddable":true,"href":"http:\/\/www.rozalia-zagnansk.pl\/index.php?rest_route=%2Fwp%2Fv2%2Fcategories&post=586"},{"taxonomy":"post_tag","embeddable":true,"href":"http:\/\/www.rozalia-zagnansk.pl\/index.php?rest_route=%2Fwp%2Fv2%2Ftags&post=586"}],"curies":[{"name":"wp","href":"https:\/\/api.w.org\/{rel}","templated":true}]}}