{"id":5849,"date":"2024-01-23T12:11:38","date_gmt":"2024-01-23T12:11:38","guid":{"rendered":"http:\/\/www.rozalia-zagnansk.pl\/?p=5849"},"modified":"2024-01-24T08:25:38","modified_gmt":"2024-01-24T08:25:38","slug":"roza-rozancowa-luty-2024","status":"publish","type":"post","link":"http:\/\/www.rozalia-zagnansk.pl\/?p=5849","title":{"rendered":"R\u00f3\u017ca R\u00f3\u017ca\u0144cowa &#8211; Luty"},"content":{"rendered":"<p><em><a href=\"http:\/\/www.rozalia-zagnansk.pl\/wp-content\/uploads\/2024\/01\/maryja-landscape.jpg\"><img decoding=\"async\" class=\"wp-image-5831 aligncenter\" src=\"http:\/\/www.rozalia-zagnansk.pl\/wp-content\/uploads\/2024\/01\/maryja-landscape.jpg\" alt=\"\" width=\"175\" height=\"129\" srcset=\"http:\/\/www.rozalia-zagnansk.pl\/wp-content\/uploads\/2024\/01\/maryja-landscape.jpg 350w, http:\/\/www.rozalia-zagnansk.pl\/wp-content\/uploads\/2024\/01\/maryja-landscape-300x221.jpg 300w, http:\/\/www.rozalia-zagnansk.pl\/wp-content\/uploads\/2024\/01\/maryja-landscape-230x170.jpg 230w\" sizes=\"(max-width: 175px) 100vw, 175px\" \/><\/a><\/em><\/p>\n<p style=\"text-align: center;\"><em>By Maryja by\u0142a bardziej znana i mi\u0142owana; <\/em><\/p>\n<p style=\"text-align: center;\"><em>by Jej Wezwania z Fatimy pozna\u0142 i wype\u0142nia\u0142 \u015bwiat.<\/em><\/p>\n<hr \/>\n<p>R\u00f3\u017caniec poprowadzi Zelator grupy IV \u2013 brat Stanis\u0142aw.<\/p>\n<p><strong>Intencja modlitewna M\u017bR sta\u0142a:<\/strong><\/p>\n<p style=\"padding-left: 40px;\">O nowe liczne i \u015bwi\u0119te powo\u0142ania kap\u0142a\u0144skie, zakonne i misyjne szczeg\u00f3lnie z naszej parafii, o ich umocnienie i u\u015bwi\u0119cenie.<\/p>\n<p style=\"padding-left: 40px;\">O zachowanie warto\u015bci chrze\u015bcija\u0144skich i odnow\u0119 wiary w Europie.<\/p>\n<p style=\"padding-left: 40px;\">O pok\u00f3j i bezpiecze\u0144stwo dla naszej Ojczyzny i ca\u0142ego \u015bwiata oraz o rych\u0142e zako\u0144czenie wojny na Ukrainie i w Ziemi \u015awi\u0119tej.<\/p>\n<p><strong>Intencja modlitewna Papieska na luty 2024 r.<\/strong><\/p>\n<p style=\"padding-left: 40px;\">Za nieuleczalnie chorych<\/p>\n<p style=\"padding-left: 40px;\">M\u00f3dlmy si\u0119, aby osoby nieuleczalnie chore oraz ich rodziny zawsze mia\u0142y niezb\u0119dn\u0105 opiek\u0119 i wsparcie, zar\u00f3wno medyczne, jak i ludzkie.<\/p>\n<p><strong>Intencja modlitewna M\u017bR na luty 2024 r.<\/strong><\/p>\n<p style=\"padding-left: 40px;\">Za chorych i cierpi\u0105cych, aby swoje cierpienia \u0142\u0105czyli z ofiar\u0105 Chrystusa i prze\u017cywali je z ufno\u015bci\u0105 Bogu Ojcu, \u017ce przyniesie b\u0142ogos\u0142awione owoce. Szczeg\u00f3lnie polecamy ofiary wojen.<\/p>\n<p style=\"padding-left: 40px;\">Pie\u015b\u0144 Maryjna na zako\u0144czenie mszy \u015bw. &#8222;<em>Kr\u00f3lowej anielskiej \u015bpiewajmy&#8221;<\/em><\/p>\n<p>&nbsp;<\/p>\n<p style=\"text-align: center;\"><em>M\u0119ski \u017bywy R\u00f3\u017caniec za\u0142o\u017cony w dniu 04.12.2021 r. przy parafii Rzymskokatolickiej pod wezwaniem \u015bw. Rozalii i \u015bw. Marcina w Zagna\u0144sku, kt\u00f3rego Patronem jest b\u0142. Stefan Wyszy\u0144ski.<\/em><\/p>\n ","protected":false},"excerpt":{"rendered":"<p>By Maryja by\u0142a bardziej znana i mi\u0142owana; by Jej Wezwania z Fatimy pozna\u0142 i wype\u0142nia\u0142 \u015bwiat. R\u00f3\u017caniec poprowadzi Zelator grupy IV \u2013 [&hellip;]<\/p>\n","protected":false},"author":1,"featured_media":5851,"comment_status":"closed","ping_status":"open","sticky":false,"template":"","format":"standard","meta":{"_acf_changed":false,"jetpack_post_was_ever_published":false,"_jetpack_newsletter_access":"","_jetpack_dont_email_post_to_subs":false,"_jetpack_newsletter_tier_id":0,"_jetpack_memberships_contains_paywalled_content":false,"_jetpack_memberships_contains_paid_content":false,"footnotes":"","jetpack_publicize_message":"","jetpack_publicize_feature_enabled":true,"jetpack_social_post_already_shared":true,"jetpack_social_options":{"image_generator_settings":{"template":"highway","enabled":false},"version":2}},"categories":[20],"tags":[],"class_list":["post-5849","post","type-post","status-publish","format-standard","has-post-thumbnail","hentry","category-ogloszenia-rozy"],"jetpack_publicize_connections":[],"acf":[],"jetpack_featured_media_url":"http:\/\/www.rozalia-zagnansk.pl\/wp-content\/uploads\/2024\/01\/miniaturka-luty.jpg","jetpack_sharing_enabled":true,"jetpack_shortlink":"https:\/\/wp.me\/paz7cl-1wl","_links":{"self":[{"href":"http:\/\/www.rozalia-zagnansk.pl\/index.php?rest_route=\/wp\/v2\/posts\/5849","targetHints":{"allow":["GET"]}}],"collection":[{"href":"http:\/\/www.rozalia-zagnansk.pl\/index.php?rest_route=\/wp\/v2\/posts"}],"about":[{"href":"http:\/\/www.rozalia-zagnansk.pl\/index.php?rest_route=\/wp\/v2\/types\/post"}],"author":[{"embeddable":true,"href":"http:\/\/www.rozalia-zagnansk.pl\/index.php?rest_route=\/wp\/v2\/users\/1"}],"replies":[{"embeddable":true,"href":"http:\/\/www.rozalia-zagnansk.pl\/index.php?rest_route=%2Fwp%2Fv2%2Fcomments&post=5849"}],"version-history":[{"count":5,"href":"http:\/\/www.rozalia-zagnansk.pl\/index.php?rest_route=\/wp\/v2\/posts\/5849\/revisions"}],"predecessor-version":[{"id":5867,"href":"http:\/\/www.rozalia-zagnansk.pl\/index.php?rest_route=\/wp\/v2\/posts\/5849\/revisions\/5867"}],"wp:featuredmedia":[{"embeddable":true,"href":"http:\/\/www.rozalia-zagnansk.pl\/index.php?rest_route=\/wp\/v2\/media\/5851"}],"wp:attachment":[{"href":"http:\/\/www.rozalia-zagnansk.pl\/index.php?rest_route=%2Fwp%2Fv2%2Fmedia&parent=5849"}],"wp:term":[{"taxonomy":"category","embeddable":true,"href":"http:\/\/www.rozalia-zagnansk.pl\/index.php?rest_route=%2Fwp%2Fv2%2Fcategories&post=5849"},{"taxonomy":"post_tag","embeddable":true,"href":"http:\/\/www.rozalia-zagnansk.pl\/index.php?rest_route=%2Fwp%2Fv2%2Ftags&post=5849"}],"curies":[{"name":"wp","href":"https:\/\/api.w.org\/{rel}","templated":true}]}}