{"id":5799,"date":"2024-01-23T10:06:25","date_gmt":"2024-01-23T10:06:25","guid":{"rendered":"http:\/\/www.rozalia-zagnansk.pl\/?p=5799"},"modified":"2024-01-23T12:18:50","modified_gmt":"2024-01-23T12:18:50","slug":"styczen-2024","status":"publish","type":"post","link":"http:\/\/www.rozalia-zagnansk.pl\/?p=5799","title":{"rendered":"R\u00f3\u017ca R\u00f3\u017ca\u0144cowa &#8211; Stycze\u0144"},"content":{"rendered":"<p><em><a href=\"http:\/\/www.rozalia-zagnansk.pl\/wp-content\/uploads\/2024\/01\/maryja-landscape.jpg\"><img decoding=\"async\" class=\"wp-image-5831 aligncenter\" src=\"http:\/\/www.rozalia-zagnansk.pl\/wp-content\/uploads\/2024\/01\/maryja-landscape.jpg\" alt=\"\" width=\"175\" height=\"129\" srcset=\"http:\/\/www.rozalia-zagnansk.pl\/wp-content\/uploads\/2024\/01\/maryja-landscape.jpg 350w, http:\/\/www.rozalia-zagnansk.pl\/wp-content\/uploads\/2024\/01\/maryja-landscape-300x221.jpg 300w, http:\/\/www.rozalia-zagnansk.pl\/wp-content\/uploads\/2024\/01\/maryja-landscape-230x170.jpg 230w\" sizes=\"(max-width: 175px) 100vw, 175px\" \/><\/a><\/em><\/p>\n<p style=\"text-align: center;\"><em>By Maryja by\u0142a bardziej znana i mi\u0142owana; <\/em><\/p>\n<p style=\"text-align: center;\"><em>by Jej Wezwania z Fatimy pozna\u0142 i wype\u0142nia\u0142 \u015bwiat.<\/em><\/p>\n<hr \/>\n<p>W dniu 06.01.2024 r., w \u015awi\u0119to Trzech Kr\u00f3li (pierwsza sobota miesi\u0105ca), R\u00f3\u017caniec wyj\u0105tkowo b\u0119dzie odmawiany przez M\u0119ski \u017bywy R\u00f3\u017caniec po Mszy \u015aw. o godz. 8.00 t.j. oko\u0142o godz. 9.00. R\u00f3\u017caniec poprowadzi Zelator grupy III \u2013 brat Darek.<\/p>\n<p><strong>Intencja modlitewna M\u017bR sta\u0142a:<\/strong><\/p>\n<p style=\"padding-left: 40px;\">O nowe liczne i \u015bwi\u0119te powo\u0142ania kap\u0142a\u0144skie, zakonne i misyjne szczeg\u00f3lnie z naszej parafii, o ich umocnienie i u\u015bwi\u0119cenie.<\/p>\n<p style=\"padding-left: 40px;\">O zachowanie warto\u015bci chrze\u015bcija\u0144skich i odnow\u0119 wiary w Europie.<\/p>\n<p style=\"padding-left: 40px;\">O pok\u00f3j i bezpiecze\u0144stwo dla naszej Ojczyzny i ca\u0142ego \u015bwiata oraz o rych\u0142e zako\u0144czenie wojny na Ukrainie i w Ziemi \u015awi\u0119tej.<\/p>\n<p><strong>Intencja modlitewna Papieska na stycze\u0144 2024 r.<\/strong><\/p>\n<p style=\"padding-left: 40px;\">O docenienie daru r\u00f3\u017cnorodno\u015bci w Ko\u015bciele.<\/p>\n<p style=\"padding-left: 40px;\">M\u00f3dlmy si\u0119 do Ducha \u015awi\u0119tego, aby pom\u00f3g\u0142 nam rozezna\u0107 dary r\u00f3\u017cnych charyzmat\u00f3w we wsp\u00f3lnotach chrze\u015bcija\u0144skich i odkry\u0107 bogactwo wielu tradycji liturgicznych wewn\u0105trz Ko\u015bcio\u0142a.<\/p>\n<p><strong>Intencja modlitewna M\u017bR na stycze\u0144 2024 r.<\/strong><\/p>\n<p style=\"padding-left: 40px;\">M\u00f3dlmy si\u0119, aby domy naszych parafian otwieraj\u0105ce si\u0119 na przyj\u0119cie kol\u0119dy, nape\u0142ni\u0142y si\u0119 b\u0142ogos\u0142awie\u0144stwem i \u0142ask\u0105 Boga.<\/p>\n<p>&nbsp;<\/p>\n<p>&nbsp;<\/p>\n<p style=\"text-align: center;\"><em>M\u0119ski \u017bywy R\u00f3\u017caniec za\u0142o\u017cony w dniu 04.12.2021 r. przy parafii Rzymskokatolickiej pod wezwaniem \u015bw. Rozalii i \u015bw. Marcina w Zagna\u0144sku, kt\u00f3rego Patronem jest b\u0142. Stefan Wyszy\u0144ski.<\/em><\/p>\n ","protected":false},"excerpt":{"rendered":"<p>By Maryja by\u0142a bardziej znana i mi\u0142owana; by Jej Wezwania z Fatimy pozna\u0142 i wype\u0142nia\u0142 \u015bwiat. W dniu 06.01.2024 r., w \u015awi\u0119to [&hellip;]<\/p>\n","protected":false},"author":1,"featured_media":5827,"comment_status":"closed","ping_status":"open","sticky":false,"template":"","format":"standard","meta":{"_acf_changed":false,"jetpack_post_was_ever_published":false,"_jetpack_newsletter_access":"","_jetpack_dont_email_post_to_subs":false,"_jetpack_newsletter_tier_id":0,"_jetpack_memberships_contains_paywalled_content":false,"_jetpack_memberships_contains_paid_content":false,"footnotes":"","jetpack_publicize_message":"","jetpack_publicize_feature_enabled":true,"jetpack_social_post_already_shared":true,"jetpack_social_options":{"image_generator_settings":{"template":"highway","enabled":false},"version":2}},"categories":[20],"tags":[],"class_list":["post-5799","post","type-post","status-publish","format-standard","has-post-thumbnail","hentry","category-ogloszenia-rozy"],"jetpack_publicize_connections":[],"acf":[],"jetpack_featured_media_url":"http:\/\/www.rozalia-zagnansk.pl\/wp-content\/uploads\/2024\/01\/miniaturka-styczen.jpg","jetpack_sharing_enabled":true,"jetpack_shortlink":"https:\/\/wp.me\/paz7cl-1vx","_links":{"self":[{"href":"http:\/\/www.rozalia-zagnansk.pl\/index.php?rest_route=\/wp\/v2\/posts\/5799","targetHints":{"allow":["GET"]}}],"collection":[{"href":"http:\/\/www.rozalia-zagnansk.pl\/index.php?rest_route=\/wp\/v2\/posts"}],"about":[{"href":"http:\/\/www.rozalia-zagnansk.pl\/index.php?rest_route=\/wp\/v2\/types\/post"}],"author":[{"embeddable":true,"href":"http:\/\/www.rozalia-zagnansk.pl\/index.php?rest_route=\/wp\/v2\/users\/1"}],"replies":[{"embeddable":true,"href":"http:\/\/www.rozalia-zagnansk.pl\/index.php?rest_route=%2Fwp%2Fv2%2Fcomments&post=5799"}],"version-history":[{"count":6,"href":"http:\/\/www.rozalia-zagnansk.pl\/index.php?rest_route=\/wp\/v2\/posts\/5799\/revisions"}],"predecessor-version":[{"id":5855,"href":"http:\/\/www.rozalia-zagnansk.pl\/index.php?rest_route=\/wp\/v2\/posts\/5799\/revisions\/5855"}],"wp:featuredmedia":[{"embeddable":true,"href":"http:\/\/www.rozalia-zagnansk.pl\/index.php?rest_route=\/wp\/v2\/media\/5827"}],"wp:attachment":[{"href":"http:\/\/www.rozalia-zagnansk.pl\/index.php?rest_route=%2Fwp%2Fv2%2Fmedia&parent=5799"}],"wp:term":[{"taxonomy":"category","embeddable":true,"href":"http:\/\/www.rozalia-zagnansk.pl\/index.php?rest_route=%2Fwp%2Fv2%2Fcategories&post=5799"},{"taxonomy":"post_tag","embeddable":true,"href":"http:\/\/www.rozalia-zagnansk.pl\/index.php?rest_route=%2Fwp%2Fv2%2Ftags&post=5799"}],"curies":[{"name":"wp","href":"https:\/\/api.w.org\/{rel}","templated":true}]}}