{"id":574,"date":"2017-08-20T04:53:09","date_gmt":"2017-08-20T04:53:09","guid":{"rendered":"http:\/\/www.rozalia.kielce.opoka.org.pl\/?p=574"},"modified":"2017-08-20T04:53:09","modified_gmt":"2017-08-20T04:53:09","slug":"intencje-33","status":"publish","type":"post","link":"http:\/\/www.rozalia-zagnansk.pl\/?p=574","title":{"rendered":"Intencje"},"content":{"rendered":"<table width=\"699\">\n<tbody>\n<tr>\n<td colspan=\"3\" width=\"699\"><strong>\u00a0\u00a0\u00a0\u00a0\u00a0\u00a0\u00a0\u00a0\u00a0 INTENCJE MSZY \u015aW. 21 &#8211; 27\/08\/2017<\/strong><\/p>\n<p><strong>\u00a0<\/strong><\/td>\n<\/tr>\n<tr>\n<td colspan=\"2\" width=\"665\"><strong>21\/08\/2017 Poniedzia\u0142ek <\/strong><strong>Wspomnienie \u015bw. Piusa X, pap.<\/strong><\/td>\n<td width=\"35\">&nbsp;<\/td>\n<\/tr>\n<tr>\n<td width=\"49\"><strong>18:00<\/strong><\/td>\n<td width=\"616\">+ Ryszarda Zemsty z int. Anny Fafara z m\u0119\u017cem i Jana \u015alewy z \u017con\u0105<\/td>\n<td width=\"35\">&nbsp;<\/td>\n<\/tr>\n<tr>\n<td colspan=\"2\" width=\"665\"><strong>\u00a0<\/strong><\/p>\n<p><strong>22\/08\/2017 Wtorek\u00a0 <\/strong><strong>Wspomnienie NMP, Kr\u00f3lowej<\/strong><\/td>\n<td width=\"35\">&nbsp;<\/td>\n<\/tr>\n<tr>\n<td width=\"49\"><strong>18:00<\/strong><\/td>\n<td width=\"616\">+ Ryszarda Zemsty z int. Wandy Barbary \u015alewa<\/td>\n<td width=\"35\">&nbsp;<\/td>\n<\/tr>\n<tr>\n<td colspan=\"2\" width=\"665\"><strong>\u00a0<\/strong><\/p>\n<p><strong>23\/08\/2017 \u015aroda <\/strong><\/td>\n<td width=\"35\">&nbsp;<\/td>\n<\/tr>\n<tr>\n<td width=\"49\"><strong>18:00<\/strong><\/td>\n<td width=\"616\">+ Ryszarda Zemsty z int si\u00f3str Celiny, Aleksandry, Marii, brata<\/p>\n<p>W\u0142odzimierza z rodzinami<\/td>\n<td width=\"35\">&nbsp;<\/td>\n<\/tr>\n<tr>\n<td colspan=\"2\" width=\"665\"><strong>\u00a0<\/strong><\/p>\n<p><strong>24\/08\/2017 Czwartek <\/strong><strong>\u015aWI\u0118TO \u015aW. BART\u0141OMIEJA, APOSTO\u0141A<\/strong><\/td>\n<td width=\"35\">&nbsp;<\/td>\n<\/tr>\n<tr>\n<td width=\"49\"><strong>18:00<\/strong><\/td>\n<td width=\"616\">+ Doroty Dzia\u0142ak z int. mieszk. \u015aciegien<\/td>\n<td width=\"35\">&nbsp;<\/td>\n<\/tr>\n<tr>\n<td colspan=\"2\" width=\"665\"><strong>\u00a0<\/strong><\/p>\n<p><strong>25\/08\/2017 Pi\u0105tek<\/strong><\/td>\n<td width=\"35\">&nbsp;<\/td>\n<\/tr>\n<tr>\n<td width=\"49\"><strong>18:00<\/strong><\/td>\n<td width=\"616\">+ Julianny Zagdan z int. stow. Patronki Dobrej \u015amierci<\/td>\n<td width=\"35\">&nbsp;<\/td>\n<\/tr>\n<tr>\n<td colspan=\"2\" width=\"665\"><strong>\u00a0<\/strong><\/p>\n<p><strong>26\/08\/2017 Sobota <\/strong><strong>UROCZYSTO\u015a\u0106 NMP CZ\u0118STOCHOWSKIEJ<\/strong><\/td>\n<td width=\"35\">&nbsp;<\/td>\n<\/tr>\n<tr>\n<td width=\"49\"><strong>08:00<\/strong><\/td>\n<td width=\"616\">+ Julianny Zagdan z int. wnuczki Ma\u0142gorzaty z rodz.<\/td>\n<td width=\"35\">&nbsp;<\/td>\n<\/tr>\n<tr>\n<td colspan=\"2\" width=\"665\"><strong>\u00a0<\/strong><\/p>\n<p><strong>27\/08\/2017 XXI Niedziela Zwyk\u0142a<\/strong><\/td>\n<td width=\"35\">&nbsp;<\/td>\n<\/tr>\n<tr>\n<td width=\"49\">&nbsp;<\/p>\n<p><strong>08:00<\/strong><\/td>\n<td width=\"616\">&nbsp;<\/p>\n<p>W int. Rodzin III i IV gr. sprz\u0105taj\u0105cej z Belna<\/p>\n<p>+ W\u0142adys\u0142awy w 9 rocz. \u015bm. Henryka Katarzyny W\u0142adys\u0142awa Bracha<\/p>\n<p>+ Stanis\u0142awy Mieczys\u0142awa Eugenii J\u00f3zefa B\u0142o\u0144skich<\/p>\n<p>+ Ma\u0142gorzaty Kundera z int. uczest. pogrzebu z Zache\u0142mia<\/p>\n<p>+ Stanis\u0142awa Jo\u0144czyk z int. s\u0105siad\u00f3w z ul. Turystycznej<\/p>\n<p>+ Julianny Zagdan z int. s\u0105siad\u00f3w ze \u015aci\u0119gien<\/p>\n<p>+ Janiny Marcisz z int. rodz. Kmieci\u00f3w i Wawrze\u0144czyk\u00f3w<\/p>\n<p>+ Bronis\u0142awa Januchty z int. wnuk\u00f3w Wojtka, Mateusza i Kuby<\/p>\n<p>+ Bronis\u0142awa Januchty z int. Ewy i Zbigniewa Chutnik\u00f3w<\/p>\n<p>+ Doroty Dzia\u0142ak z int. mieszk. \u015aci\u0119gien<\/p>\n<p>+ Anny Dziedzic w 1 rocz. \u015bm. Mieczys\u0142awa w 16 rocz. \u015bm. Bronis\u0142awy<\/p>\n<p>Wincentego Kudzia<\/p>\n<p>+ Stanis\u0142awy Bogus\u0142awa Bronis\u0142awy Rasztabiga,<\/p>\n<p>+ Jana Bronis\u0142awy Zarzeckich, Ryszarda Zemsty<\/p>\n<p>&nbsp;<\/p>\n<p>&nbsp;<\/td>\n<td width=\"35\">&nbsp;<\/td>\n<\/tr>\n<tr>\n<td width=\"49\"><strong>10:00<\/strong><\/td>\n<td width=\"616\">W int. Zofii Piwko z racji 3 rocz. ur. z pro\u015bba o Bo\u017ce b\u0142og. i opiek\u0119 NMP<\/p>\n<p>+ Wincentego Mondzik z int. Ireny Obara z \u0141\u0105cznej<\/p>\n<p>+ Genowefy Mazur z int mieszk. Chrust\u00f3w<\/p>\n<p>+ Doroty Dzia\u0142ak z int. Marka i Renaty Janik<\/p>\n<p>+ Wincentego Marianny Mo\u0107ko<\/p>\n<p>+ Marii Pisarek, Zofii Br\u00f3g, Jana Zegan z int. syna i synowej<\/p>\n<p>+ El\u017cbiety Grochowskiej G\u00f3rzy\u0144skiej<\/p>\n<p>+ Jana Garyckiego z int. syna Leszka z rodz.<\/p>\n<p>+ Stefana Rozalii Gareckich<\/p>\n<p>+ Krystyny Marcisz, Stanis\u0142awy Ryszarda Szymona Kozio\u0142<\/p>\n<p>+ Marianny w 5 rocz. \u015bm. Bronis\u0142awa Frydrych, Franciszka Pauliny Bronis\u0142awa Kowalskich<\/p>\n<p>+ Jakuba Franciszki Edwarda Stefana Mariana Jan Jo\u0144czyk, Jerzego Marka Dobosz<\/p>\n<p>+ Janiny J\u00f3zefa Papros z int. syna Jerzego z rodz.<\/p>\n<p>+ Kazimiery Zegan w 1 rocz. \u015bm. z int. m\u0119\u017ca Mariana Zegan<\/p>\n<p>+ Heleny Ignacego Wiech z int. c\u00f3rki Czes\u0142awy z rodz.<\/td>\n<td width=\"35\">&nbsp;<\/td>\n<\/tr>\n<tr>\n<td width=\"49\"><strong>12:00<\/strong><\/td>\n<td width=\"616\">W Z\u0142oty Jubileusz Ma\u0142\u017ce\u0144stwa Zofii Henryka Tuz z pro\u015bb\u0105 o Bo\u017ce b\u0142og. i opiek\u0119 NMP<\/p>\n<p>+ Anny W\u00f3jcik w 2 rocz. \u015bm.<\/p>\n<p>+ Heleny J\u00f3zefa Papros z int OSP Chrusty<\/p>\n<p>+ Henryka \u015alewy w 1 rocz. \u015bm.<\/p>\n<p>+ Stanis\u0142awa Zagda\u0144skiego z int s\u0105siad\u00f3w Mazikus i Nowak<\/p>\n<p>+ Doroty Dzia\u0142ak z int. s\u0105siad\u00f3w Domaga\u0142\u00f3w<\/p>\n<p>+ Jan Sikory w 7 rocz. \u015bm. z int. \u017cony z dzie\u0107mi<\/p>\n<p>+ W\u0142odzimierza \u017byci\u0144skiego w 22 rocz. \u015bm.<\/p>\n<p>+ Zbigniewa Pytel w 20 rocz. \u015bm. Stanis\u0142awa Molendowskiego w 47 rocz. \u015bm. Weroniki<\/p>\n<p>J\u00f3zefa Marcisz<\/p>\n<p>+ Marianny Stefana Adamiec z int. c\u00f3rki Hani<\/p>\n<p>&nbsp;<\/td>\n<td width=\"35\">&nbsp;<\/td>\n<\/tr>\n<tr>\n<td width=\"49\"><strong>16:00<\/strong><\/td>\n<td width=\"616\">W Srebrny Jubileusz Ma\u0142\u017ce\u0144stwa Beaty i Leszka z pro\u015bb\u0105 o Bo\u017ce b\u0142og. i opiek\u0119 NMP<\/p>\n<p>+ Jana Kr\u00f3l z int. c\u00f3rki Agaty z m\u0119\u017cem i synem<\/p>\n<p>+ Ireny Jo\u0144czyk z int. znajomej Ireny z rodz.<\/td>\n<td width=\"35\">&nbsp;<\/td>\n<\/tr>\n<\/tbody>\n<\/table>\n<p>&nbsp;<\/p>\n<p>&nbsp;<\/p>\n<p>&nbsp;<\/p>\n ","protected":false},"excerpt":{"rendered":"<p>\u00a0\u00a0\u00a0\u00a0\u00a0\u00a0\u00a0\u00a0\u00a0 INTENCJE MSZY \u015aW. 21 &#8211; 27\/08\/2017 \u00a0 21\/08\/2017 Poniedzia\u0142ek Wspomnienie \u015bw. Piusa X, pap. &nbsp; 18:00 + Ryszarda Zemsty z int. [&hellip;]<\/p>\n","protected":false},"author":1,"featured_media":0,"comment_status":"closed","ping_status":"open","sticky":false,"template":"","format":"standard","meta":{"_acf_changed":false,"jetpack_post_was_ever_published":false,"_jetpack_newsletter_access":"","_jetpack_dont_email_post_to_subs":false,"_jetpack_newsletter_tier_id":0,"_jetpack_memberships_contains_paywalled_content":false,"_jetpack_memberships_contains_paid_content":false,"footnotes":"","jetpack_publicize_message":"","jetpack_publicize_feature_enabled":true,"jetpack_social_post_already_shared":false,"jetpack_social_options":{"image_generator_settings":{"template":"highway","enabled":false},"version":2}},"categories":[8],"tags":[],"class_list":["post-574","post","type-post","status-publish","format-standard","hentry","category-intencje"],"jetpack_publicize_connections":[],"acf":[],"jetpack_featured_media_url":"","jetpack_sharing_enabled":true,"jetpack_shortlink":"https:\/\/wp.me\/paz7cl-9g","_links":{"self":[{"href":"http:\/\/www.rozalia-zagnansk.pl\/index.php?rest_route=\/wp\/v2\/posts\/574","targetHints":{"allow":["GET"]}}],"collection":[{"href":"http:\/\/www.rozalia-zagnansk.pl\/index.php?rest_route=\/wp\/v2\/posts"}],"about":[{"href":"http:\/\/www.rozalia-zagnansk.pl\/index.php?rest_route=\/wp\/v2\/types\/post"}],"author":[{"embeddable":true,"href":"http:\/\/www.rozalia-zagnansk.pl\/index.php?rest_route=\/wp\/v2\/users\/1"}],"replies":[{"embeddable":true,"href":"http:\/\/www.rozalia-zagnansk.pl\/index.php?rest_route=%2Fwp%2Fv2%2Fcomments&post=574"}],"version-history":[{"count":1,"href":"http:\/\/www.rozalia-zagnansk.pl\/index.php?rest_route=\/wp\/v2\/posts\/574\/revisions"}],"predecessor-version":[{"id":575,"href":"http:\/\/www.rozalia-zagnansk.pl\/index.php?rest_route=\/wp\/v2\/posts\/574\/revisions\/575"}],"wp:attachment":[{"href":"http:\/\/www.rozalia-zagnansk.pl\/index.php?rest_route=%2Fwp%2Fv2%2Fmedia&parent=574"}],"wp:term":[{"taxonomy":"category","embeddable":true,"href":"http:\/\/www.rozalia-zagnansk.pl\/index.php?rest_route=%2Fwp%2Fv2%2Fcategories&post=574"},{"taxonomy":"post_tag","embeddable":true,"href":"http:\/\/www.rozalia-zagnansk.pl\/index.php?rest_route=%2Fwp%2Fv2%2Ftags&post=574"}],"curies":[{"name":"wp","href":"https:\/\/api.w.org\/{rel}","templated":true}]}}