{"id":568,"date":"2017-08-13T06:27:07","date_gmt":"2017-08-13T06:27:07","guid":{"rendered":"http:\/\/www.rozalia.kielce.opoka.org.pl\/?p=568"},"modified":"2017-08-13T06:33:14","modified_gmt":"2017-08-13T06:33:14","slug":"ogloszenia-duszpasterskie-13-sierpnia-2017r","status":"publish","type":"post","link":"http:\/\/www.rozalia-zagnansk.pl\/?p=568","title":{"rendered":"Og\u0142oszenia duszpasterskie 13 sierpnia 2017r."},"content":{"rendered":"<p>&nbsp;<\/p>\n<p>Og\u0142oszenia duszpasterskie 13.08.2017 r.<\/p>\n<p>&nbsp;<\/p>\n<p>Wola\u0142bym bowiem sam by\u0107 pod kl\u0105tw\u0105, od\u0142\u0105czonym od Chrystusa dla zbawienia braci moich, kt\u00f3rzy wed\u0142ug cia\u0142a s\u0105 moimi rodakami. Dramatyczne wyznanie \u015bw. Paw\u0142a: godzi si\u0119 by\u0107 od\u0142\u0105czony od Chrystusa, \u017ceby tylko jego bracia dost\u0105pili zbawienia. Warto sobie postawi\u0107 pytanie: Czy jest we mnie troska o tych, kt\u00f3rzy s\u0105 daleko od Pana ? Troska\u00a0 o zbawienie drugiego, przejawia si\u0119 w modlitwie za innych, \u015bwiadectwie \u017cycia, zaanga\u017cowaniu w \u017cycie wsp\u00f3lnoty wiary, poprzez czytanie Pisma \u015bw. i d\u0105\u017cenie do autentycznej wiary, wyra\u017caj\u0105cej si\u0119 przez czyn mi\u0142o\u015bci.<\/p>\n<p>&nbsp;<\/p>\n<p>Dziel\u0119 si\u0119 ogromn\u0105 rado\u015bci\u0105, \u017ce wczoraj nasza parafia na r\u0119ce Proboszcza i przedstawicieli Rycerzy Kolumba otrzyma\u0142a relikwie Krwi \u015bw. Jana Paw\u0142a II z r\u0105k Jego Eminencji Ksi\u0119dza Kardyna\u0142a Stanis\u0142awa Dziwisza w Sanktuarium Jana Paw\u0142a II na Bia\u0142ych Morzach w Krakowie. Uroczy\u015bcie wprowadzimy relikwie do ko\u015bcio\u0142a 3 wrze\u015bnia w przededniu liturgicznego wspomnienia naszej Patronki \u015bw. Rozalii, na sumie odpustowej, przez pos\u0142ug\u0119 Sufragana Sosnowieckiego &#8211; ks. biskupa Piotra Skuch\u0119. Ju\u017c dzisiaj zapraszam ca\u0142\u0105 wsp\u00f3lnot\u0119 parafialn\u0105 na wsp\u00f3lne dzi\u0119kczynienie za 340 rocznic\u0119 konsekracji starego ko\u015bcio\u0142a i 60 rocz. po\u015bwi\u0119cenia nowego Ko\u015bcio\u0142a.<\/p>\n<p>&nbsp;<\/p>\n<p>W tym dniu b\u0119dziemy \u015bwi\u0119towa\u0107 coroczny Parafialny Festyn Rodzinny, w tym roku\u00a0 w spos\u00f3b szczeg\u00f3lny dedykowany Seniorom. Zach\u0119cam gor\u0105co do \u015bledzenia specjalnego dodatku do Niedzielnika, kt\u00f3ry b\u0119dzie wyczerpuj\u0105c\u0105 pomoc\u0105 do Rodzinnego Konkursu na temat historii parafii i \u015bw. Rozalii ( b\u0119d\u0105 nagrody ).<\/p>\n<p><a href=\"http:\/\/www.rozalia.kielce.opoka.org.pl\/?attachment_id=572\" rel=\"attachment wp-att-572\">niedzielnik-kolor-dodatek-nr-1-2017<\/a><\/p>\n<p>We wtorek 15 sierpnia Uroczysto\u015b\u0107 Wniebowzi\u0119cia NMP msze \u015bw. w porz\u0105dku niedzielnym \u2013 odpust parafialny w Samsonowie.<\/p>\n<p>Informuj\u0119, \u017ce wprowadzili\u015bmy do Komputerowego Programu Parafialnego wszystkie groby znajduj\u0105ce si\u0119 na naszym cmentarzu ( przed laty wykonana mozolna praca grupy Parafian polegaj\u0105ca na szczeg\u00f3\u0142owym spisaniu wszystkich grob\u00f3w nie posz\u0142a na marne ) R\u00f3wnie\u017c wprowadzili\u015bmy do programu, kartoteki rodzin i os\u00f3b naszej parafii. Przed nami digitalizacja ksi\u0105g chrzcielnych i w dalszej kolejno\u015bci pozosta\u0142ych.<\/p>\n<p>Trzeciej grupie sprz\u0105taj\u0105cej z Belna dzi\u0119kuj\u0119 za przygotowanie naszej \u015bwi\u0105tyni do niedzieli oraz z\u0142o\u017con\u0105 ofiar\u0119 120 z\u0142. Msza \u015bw. w intencji Rodzin tej grupy zostanie odprawiona 27 sierpnia o godz. 08.00. Za tydzie\u0144 \u00a0w sobot\u0119, zapraszam kolejne rodziny z\u00a0Belna do sprz\u0105tania ko\u015bcio\u0142a.<\/p>\n<p><a href=\"http:\/\/www.rozalia.kielce.opoka.org.pl\/?attachment_id=570\" rel=\"attachment wp-att-570\">niedzielnik-13-08-2017<\/a><\/p>\n<p>&nbsp;<\/p>\n ","protected":false},"excerpt":{"rendered":"<p>&nbsp; Og\u0142oszenia duszpasterskie 13.08.2017 r. &nbsp; Wola\u0142bym bowiem sam by\u0107 pod kl\u0105tw\u0105, od\u0142\u0105czonym od Chrystusa dla zbawienia braci moich, kt\u00f3rzy wed\u0142ug cia\u0142a [&hellip;]<\/p>\n","protected":false},"author":1,"featured_media":0,"comment_status":"closed","ping_status":"open","sticky":false,"template":"","format":"standard","meta":{"_acf_changed":false,"jetpack_post_was_ever_published":false,"_jetpack_newsletter_access":"","_jetpack_dont_email_post_to_subs":false,"_jetpack_newsletter_tier_id":0,"_jetpack_memberships_contains_paywalled_content":false,"_jetpack_memberships_contains_paid_content":false,"footnotes":"","jetpack_publicize_message":"","jetpack_publicize_feature_enabled":true,"jetpack_social_post_already_shared":false,"jetpack_social_options":{"image_generator_settings":{"template":"highway","enabled":false},"version":2}},"categories":[3],"tags":[],"class_list":["post-568","post","type-post","status-publish","format-standard","hentry","category-ogloszenia"],"jetpack_publicize_connections":[],"acf":[],"jetpack_featured_media_url":"","jetpack_sharing_enabled":true,"jetpack_shortlink":"https:\/\/wp.me\/paz7cl-9a","_links":{"self":[{"href":"http:\/\/www.rozalia-zagnansk.pl\/index.php?rest_route=\/wp\/v2\/posts\/568","targetHints":{"allow":["GET"]}}],"collection":[{"href":"http:\/\/www.rozalia-zagnansk.pl\/index.php?rest_route=\/wp\/v2\/posts"}],"about":[{"href":"http:\/\/www.rozalia-zagnansk.pl\/index.php?rest_route=\/wp\/v2\/types\/post"}],"author":[{"embeddable":true,"href":"http:\/\/www.rozalia-zagnansk.pl\/index.php?rest_route=\/wp\/v2\/users\/1"}],"replies":[{"embeddable":true,"href":"http:\/\/www.rozalia-zagnansk.pl\/index.php?rest_route=%2Fwp%2Fv2%2Fcomments&post=568"}],"version-history":[{"count":3,"href":"http:\/\/www.rozalia-zagnansk.pl\/index.php?rest_route=\/wp\/v2\/posts\/568\/revisions"}],"predecessor-version":[{"id":573,"href":"http:\/\/www.rozalia-zagnansk.pl\/index.php?rest_route=\/wp\/v2\/posts\/568\/revisions\/573"}],"wp:attachment":[{"href":"http:\/\/www.rozalia-zagnansk.pl\/index.php?rest_route=%2Fwp%2Fv2%2Fmedia&parent=568"}],"wp:term":[{"taxonomy":"category","embeddable":true,"href":"http:\/\/www.rozalia-zagnansk.pl\/index.php?rest_route=%2Fwp%2Fv2%2Fcategories&post=568"},{"taxonomy":"post_tag","embeddable":true,"href":"http:\/\/www.rozalia-zagnansk.pl\/index.php?rest_route=%2Fwp%2Fv2%2Ftags&post=568"}],"curies":[{"name":"wp","href":"https:\/\/api.w.org\/{rel}","templated":true}]}}