{"id":566,"date":"2017-08-13T06:21:44","date_gmt":"2017-08-13T06:21:44","guid":{"rendered":"http:\/\/www.rozalia.kielce.opoka.org.pl\/?p=566"},"modified":"2019-08-30T21:02:55","modified_gmt":"2019-08-30T21:02:55","slug":"intencje-32","status":"publish","type":"post","link":"http:\/\/www.rozalia-zagnansk.pl\/?p=566","title":{"rendered":"Intencje"},"content":{"rendered":"<p><strong>Intencje mszalne 14.08. -20.08.2017 r.<\/strong><\/p>\n<p><strong>14.08 Poniedzia\u0142ek<\/strong><\/p>\n<p><strong>18.00<\/strong> + Ryszarda Zemsty z int. Siostry Irmina<\/p>\n<p>&nbsp;<\/p>\n<p><strong>15.08 Wtorek Uroczysto\u015b\u0107 Wniebowzi\u0119cia NMP<\/strong><\/p>\n<p><strong>08.00<\/strong><\/p>\n<p>O Bo\u017ce b\u0142og. I dar zdrowia dla Marii Adamiec w 80 rocz. urodzin<\/p>\n<p>+ Piotra Ch\u0142opek z int. \u017cony<\/p>\n<p>+ Doroty Dzia\u0142ak z int. mieszk. \u015aci\u0119gien<\/p>\n<p>+ Jana Karoliny Ko\u0142da, Marianny Kazimierza Borowiec, Anny Jana Dul\u0119ba<\/p>\n<p>+ Mieczys\u0142awa Wydrych z int. r. Adamiec i Partyka z Jaworzy<\/p>\n<p>+ Janiny Marcisz z int. r. Brach\u00f3w i Motyk\u00f3w<\/p>\n<p>+ Stanis\u0142awa Zagda\u0144skiego z int. s\u0105siad\u00f3w Heleny i Jana \u015alew\u00f3w<\/p>\n<p>+ Bronis\u0142awa Januchta z int. swatowej Bronis\u0142awy<\/p>\n<p>+ Leokadii Mieczys\u0142awa Ch\u0142opek z int. siostry Bronis\u0142awy Marcisz<\/p>\n<p><strong>\u00a0<\/strong><\/p>\n<p><strong>10.00<\/strong><\/p>\n<p>Do Serca Jezusowego i M. B. N. Pomocy o b\u0142og. Bo\u017ce i zdrowie dla Gra\u017cyny i Andrzeja Grudzieckich<\/p>\n<p>W 50 rocz. ur. Mariana \u017bo\u0142\u0105dka z int. mamy<\/p>\n<p>Z okazji \u015bwi\u0119ta Patronalnego o Bo\u017ce b\u0142og. i opiek\u0119 M.B. dla Cz\u0142onk\u00f3w zespo\u0142u Jaworzanki i ich Rodzin, z pro\u015bb\u0105 o dar zdrowia i wytrwa\u0142o\u015b\u0107 w spo\u0142. pracy.<\/p>\n<p>Z okazji 10 rocz. \u015blubu Justyny Bracha Rutkowskiej i Marcina Rutkowskiego pro\u015bb\u0105 o Bo\u017ce b\u0142og.<\/p>\n<p>+ Zofii Adama Pr\u0119dki, J\u00f3zefy Stanis\u0142awa Jana Jarek<\/p>\n<p>+ Marii Henryka Sici\u0144skich z int. wnuczki<\/p>\n<p>+ Ryszarda Zemsta z int mieszk. ul. Wrzosowej<\/p>\n<p>+ Doroty Dzia\u0142ak z int. brata Krzysztofa z \u017con\u0105 i rodz.<\/p>\n<p>+ Ma\u0142gorzaty Kundera z int. mamy z rodz.<\/p>\n<p>+ Anastazji Stanis\u0142awa Piwowarczyk z int. Stefana<\/p>\n<p>+ Marianny Mariana W\u00f3jcik<\/p>\n<p><strong>12.00<\/strong><\/p>\n<p>W intencji Diany i Artura z okazji 10 lecia \u015blubu z pro\u015bb\u0105 o Bo\u017ce b\u0142og.<\/p>\n<p>W intencji Barbary i W\u0142adys\u0142awa Mucha z okazji 40 lecia \u015blubu z pro\u015bb\u0105 o Bo\u017ce b\u0142og. z int. c\u00f3rki Sylwii z m\u0119\u017cem i dzie\u0107mi, c\u00f3rki Edyty z m\u0119\u017cem i c\u00f3rk\u0105<\/p>\n<p>+ Janiny w 13 rocz. \u015bm. Bronis\u0142awa Gareckich, Janiny Jana Barucha, Czes\u0142awa Ga\u0142a<\/p>\n<p>+ Julianny Zagdan z int. wnuczki Kasi<\/p>\n<p>+ Janiny Marcisz z int. rodz. Kowalskich i Gajos\u00f3w<\/p>\n<p>+ Otylii Kukla z int. syna Piotra z \u017con\u0105 i dzie\u0107mi<\/p>\n<p>+ Jana Garyckiego z int. uczest. pogrzebu<\/p>\n<p>+ Henryka \u015alewa w 1 rocz. \u015bmierci z int. siostry Natalii i c\u00f3rki<\/p>\n<p>+ Barbary Adamczyk z int. Haliny Stanis\u0142awa Bia\u0142ek<\/p>\n<p>+ Jana Heleny St\u0119pie\u0144<\/p>\n<p><strong>\u00a0<\/strong><\/p>\n<p><strong>16.00<\/strong><\/p>\n<p>+ Marianny J\u00f3zefa Mazur<\/p>\n<p><strong>\u00a0<\/strong><\/p>\n<p><strong>16.08 \u015aroda <\/strong><\/p>\n<p><strong>18.00 <\/strong>+ Leokadii Machura z int. c\u00f3rki El\u017cbiety z m\u0119\u017cem i wnukiem Antosiem<\/p>\n<p>&nbsp;<\/p>\n<p><strong>17.08. Czwartek \u015bw. Stefana W\u0119gierskiego kr\u00f3la <\/strong><\/p>\n<p><strong>18.00 <\/strong>+ Jana Kr\u00f3l z int. przyjaci\u00f3\u0142 Agnieszki Ani i Andrzeja<\/p>\n<p>&nbsp;<\/p>\n<p><strong>18.08. Pi\u0105tek \u015bw. Jacka Odrow\u0105\u017ca prezb.<\/strong><\/p>\n<p><strong>18.00 <\/strong>+ Jana Kr\u00f3l z int. Jerzego i Marianny<\/p>\n<p><strong>\u00a0<\/strong><\/p>\n<p><strong>19.08<\/strong><\/p>\n<p><strong>08.00 <\/strong>+ Doroty Dzia\u0142ak z int. siostry Heni z rodz.<\/p>\n<p>&nbsp;<\/p>\n<p><strong>20.08 XX Niedziela zwyk\u0142a<\/strong><\/p>\n<p><strong>08.00<\/strong><\/p>\n<p><strong>+<\/strong> Julianny Franciszka Mazur<\/p>\n<p><strong>10.00 <\/strong><\/p>\n<p>+ Leszka Franciszki Ignacego Adamiec, Jerzego Topolskiego<strong><br \/>\n<\/strong><\/p>\n<p><strong>12.00 <\/strong><\/p>\n<p>Dzi\u0119k. w int. ks. Jacka Seredyki z racji Imienin z pro\u015bb\u0105 o moc Ducha \u015awi\u0119tego i opiek\u0119 M.B. z int. Apostolatu Margaretka<\/p>\n<p><strong>\u00a0<\/strong><\/p>\n<p><strong>16.00 <\/strong><\/p>\n<p>W intencji Moniki i Wojciecha z okazji 10 lecia \u015blubu z pro\u015bb\u0105 o Bo\u017ce b\u0142og. opiek\u0119 M.B. i wszelkie potrzebne \u0142aski<\/p>\n ","protected":false},"excerpt":{"rendered":"<p>Intencje mszalne 14.08. -20.08.2017 r. 14.08 Poniedzia\u0142ek 18.00 + Ryszarda Zemsty z int. Siostry Irmina &nbsp; 15.08 Wtorek Uroczysto\u015b\u0107 Wniebowzi\u0119cia NMP 08.00 [&hellip;]<\/p>\n","protected":false},"author":1,"featured_media":0,"comment_status":"closed","ping_status":"open","sticky":false,"template":"","format":"standard","meta":{"_acf_changed":false,"jetpack_post_was_ever_published":false,"_jetpack_newsletter_access":"","_jetpack_dont_email_post_to_subs":false,"_jetpack_newsletter_tier_id":0,"_jetpack_memberships_contains_paywalled_content":false,"_jetpack_memberships_contains_paid_content":false,"footnotes":"","jetpack_publicize_message":"","jetpack_publicize_feature_enabled":true,"jetpack_social_post_already_shared":false,"jetpack_social_options":{"image_generator_settings":{"template":"highway","enabled":false},"version":2}},"categories":[1],"tags":[],"class_list":["post-566","post","type-post","status-publish","format-standard","hentry","category-uncategorized"],"jetpack_publicize_connections":[],"acf":[],"jetpack_featured_media_url":"","jetpack_sharing_enabled":true,"jetpack_shortlink":"https:\/\/wp.me\/paz7cl-98","_links":{"self":[{"href":"http:\/\/www.rozalia-zagnansk.pl\/index.php?rest_route=\/wp\/v2\/posts\/566","targetHints":{"allow":["GET"]}}],"collection":[{"href":"http:\/\/www.rozalia-zagnansk.pl\/index.php?rest_route=\/wp\/v2\/posts"}],"about":[{"href":"http:\/\/www.rozalia-zagnansk.pl\/index.php?rest_route=\/wp\/v2\/types\/post"}],"author":[{"embeddable":true,"href":"http:\/\/www.rozalia-zagnansk.pl\/index.php?rest_route=\/wp\/v2\/users\/1"}],"replies":[{"embeddable":true,"href":"http:\/\/www.rozalia-zagnansk.pl\/index.php?rest_route=%2Fwp%2Fv2%2Fcomments&post=566"}],"version-history":[{"count":1,"href":"http:\/\/www.rozalia-zagnansk.pl\/index.php?rest_route=\/wp\/v2\/posts\/566\/revisions"}],"predecessor-version":[{"id":567,"href":"http:\/\/www.rozalia-zagnansk.pl\/index.php?rest_route=\/wp\/v2\/posts\/566\/revisions\/567"}],"wp:attachment":[{"href":"http:\/\/www.rozalia-zagnansk.pl\/index.php?rest_route=%2Fwp%2Fv2%2Fmedia&parent=566"}],"wp:term":[{"taxonomy":"category","embeddable":true,"href":"http:\/\/www.rozalia-zagnansk.pl\/index.php?rest_route=%2Fwp%2Fv2%2Fcategories&post=566"},{"taxonomy":"post_tag","embeddable":true,"href":"http:\/\/www.rozalia-zagnansk.pl\/index.php?rest_route=%2Fwp%2Fv2%2Ftags&post=566"}],"curies":[{"name":"wp","href":"https:\/\/api.w.org\/{rel}","templated":true}]}}