{"id":5634,"date":"2023-09-30T17:56:24","date_gmt":"2023-09-30T17:56:24","guid":{"rendered":"http:\/\/www.rozalia-zagnansk.pl\/?p=5634"},"modified":"2023-09-30T17:56:47","modified_gmt":"2023-09-30T17:56:47","slug":"ogloszenia-duszpasterskie-xxvi-niedziela-zwykla-01-10-2023","status":"publish","type":"post","link":"http:\/\/www.rozalia-zagnansk.pl\/?p=5634","title":{"rendered":"Og\u0142oszenia duszpasterskie XXVI Niedziela zwyk\u0142a \u2013 01.10.2023"},"content":{"rendered":"<p>\u201eDziecko, id\u017a i pracuj dzisiaj w winnicy\u201d. Ten odpowiedzia\u0142: \u201eId\u0119, panie!\u201d a jednak nie poszed\u0142. Deklaracja bez pokrycia. Wiara bez uczynk\u00f3w jest martwa. Nie wystarcz\u0105 puste deklaracje, bowiem jak m\u00f3wi porzekad\u0142o: piek\u0142o jest wybrukowane dobrymi ch\u0119ciami. Dlatego Jezus pokazuje nam, \u017ce w drodze do domu Ojca, mog\u0105 nas wyprzedzi\u0107, jawnogrzesznicy i inni, kt\u00f3rzy dzisiaj s\u0105 poza zasi\u0119giem zbawienia, M\u00f3wi dzisiaj prorok Ezechiel: A je\u015bli bezbo\u017cny odst\u0105pi\u0142 od bezbo\u017cno\u015bci, kt\u00f3rej si\u0119 oddawa\u0142, i post\u0119puje wed\u0142ug prawa i sprawiedliwo\u015bci, to zachowa dusz\u0119 swoj\u0105 przy \u017cyciu. \u017byjmy mi\u0142o\u015bci\u0105, p\u00f3ki czas.<\/p>\n<p>Zapraszamy na modlitw\u0119 uwielbienia i uzdrowienia po Mszy \u015bw. \u00a0o 16.00.<\/p>\n<p>Jeszcze jest mo\u017cliwo\u015b\u0107 zapisu na wyjazd na XV Diecezjaln\u0105 Pielgrzymk\u0119 R\u00f3\u017c \u017bywego R\u00f3\u017ca\u0144ca, 7 pa\u017adziernika w klasztorze O.O. Cysters\u00f3w w J\u0119drzejowie. W zwi\u0105zku z tym wyjazdem, pi\u0119kn\u0105 tradycj\u0119 procesji r\u00f3\u017ca\u0144cowej z naszych Zagna\u0144skich parafii, <strong>przeniesiemy na 14.10<\/strong> o czym w szczeg\u00f3\u0142ach poinformuj\u0119 za tydzie\u0144. B\u0119dzie to zarazem modlitwa za Ojczyzn\u0119 w przededniu wybor\u00f3w. Jak wiemy w tej intencji modlimy si\u0119 ju\u017c od kilku tygodni <u>nowenn\u0105 do \u015bw. Andrzeja Boboli.<\/u><\/p>\n<p>Msze \u015bw. od jutra o godz. <strong>17<sup>00<\/sup><\/strong>, r\u00f3\u017caniec w trakcie Adoracji Naj\u015bwi\u0119tszego Sakramentu od <strong>16<sup>30<\/sup><\/strong>, natomiast w niedziel\u0119 po Mszy \u015bw. o godz. 16<sup>00<\/sup>. Zapraszamy i zach\u0119camy dzieci i m\u0142odzie\u017c do uczestnictwa, szczeg\u00f3lnie przygotowuj\u0105cych si\u0119 do I Komunii \u015bw. i Bierzmowania.<\/p>\n<p>W \u015brod\u0119 o godz. 18<sup>00<\/sup> w Domu Parafialnym, spotkanie kandydat\u00f3w przygotowuj\u0105cych si\u0119 do sakr. bierzmowania. Obecno\u015b\u0107 obowi\u0105zkowa.\u00a0 W zwi\u0105zku z tym planowane spotkanie popielgrzymkowe odb\u0119dzie si\u0119 w sali pod o\u0142tarzem, po mszy \u015bw.<\/p>\n<p>Kancelaria parafialna czynna w poniedzia\u0142ek \u015brod\u0119 i pi\u0105tek od 15<sup>00<\/sup> &#8211; 16<sup>00<\/sup>.<\/p>\n<p>B\u00f3g zap\u0142a\u0107 VI gr. Rodzin z Jaworzy za trosk\u0119 o ko\u015bci\u00f3\u0142 i ofiar\u0119 180 z\u0142. W sobot\u0119 po mszy \u015bw. o 8<sup>00 <\/sup>zapraszamy I gr. Rodz. z Chrust\u00f3w. Msza \u015bw. za te rodziny na mszy \u015bw. w \u015brod\u0119.<\/p>\n<p>Adoracja Naj\u015bwi\u0119tszego Sakramentu poniedzia\u0142ek \u2013 pi\u0105tek 16<sup>00<\/sup> &#8211; 17<sup>00<\/sup>.<\/p>\n<p>Delegatura IPN w Kielcach we wsp\u00f3\u0142pracy z Klasztorem Misjonarzy Oblat\u00f3w Maryi Niepokalanej na \u015awi\u0119tym Krzy\u017cu organizuj\u0105 koncert &#8222;By\u015bmy byli jedno&#8221;. Wydarzenie zaplanowano na sobot\u0119, 7 pa\u017adziernika o godz. 18.00. Spotkanie ma charakter otwarty (darmowy). Formu\u0142a koncertu zosta\u0142a oparta o biografie: \u015bw. Jana Paw\u0142a II, b\u0142. kard. Stefana Wyszy\u0144skiego oraz s\u0142ugi Bo\u017cego ks. Franciszka Blachnickiego. Przez pryzmat ich los\u00f3w autorzy koncertu chc\u0105 przypomnie\u0107 trudn\u0105, a zarazem inspiruj\u0105c\u0105 histori\u0119 Polski w okresie sowieckiego zniewolenia.<\/p>\n<p>W tym tygodniu wspominamy:<\/p>\n<p style=\"padding-left: 40px;\"><a href=\"https:\/\/brewiarz.pl\/czytelnia\/swieci\/10-02.php3\">2 pa\u017adziernika; poniedzia\u0142ek &#8211; \u015bwi\u0119tych Anio\u0142\u00f3w Str\u00f3\u017c\u00f3w <\/a><\/p>\n<p style=\"padding-left: 40px;\"><a href=\"https:\/\/brewiarz.pl\/czytelnia\/swieci\/10-04.php3\">4 pa\u017adziernika; \u015broda &#8211; \u015bw. Franciszka z Asy\u017cu <\/a><\/p>\n<p style=\"padding-left: 40px;\"><a href=\"https:\/\/brewiarz.pl\/czytelnia\/swieci\/10-05a.php3\">5 pa\u017adziernika; pi\u0105tek &#8211; \u015bw. Faustyn\u0119 Kowalsk\u0105, dziewic\u0119 <\/a><\/p>\n<p style=\"padding-left: 40px;\"><a href=\"https:\/\/brewiarz.pl\/czytelnia\/swieci\/10-07a.php3\">7 pa\u017adziernika; sobota &#8211; Naj\u015bwi\u0119tsz\u0105 Maryj\u0119 Pann\u0119 R\u00f3\u017ca\u0144cow\u0105 <\/a><\/p>\n<p>KOMUNIKAT:.<a href=\"http:\/\/www.rozalia-zagnansk.pl\/wp-content\/uploads\/2023\/09\/Komunikat-Kurii-Diecezjalnej-w-Kielcach-w-zwi\u0105zku-ze-\u015bmiercia_-J.E.-Arcybiskupa-Seniora-Stanis\u0142awa-Szymeckiego.pdf\">\u015bp. Ks. Arcybiskup Stanis\u0142awa Szymecki<\/a><\/p>\n<p><a href=\"http:\/\/www.rozalia-zagnansk.pl\/wp-content\/uploads\/2023\/09\/By\u015bmyByliJedno_07-10_297x420mm-3mm_spady_27-09-2023_Produkcyjny.jpg\">By\u015bmy byli jedno &#8211; plakat<\/a><\/p>\n<p><a href=\"http:\/\/www.rozalia-zagnansk.pl\/wp-content\/uploads\/2023\/09\/Niedzielnik-01.10.2023.pdf\">Niedzielnik 01.10.2023<\/a><\/p>\n ","protected":false},"excerpt":{"rendered":"<p>\u201eDziecko, id\u017a i pracuj dzisiaj w winnicy\u201d. Ten odpowiedzia\u0142: \u201eId\u0119, panie!\u201d a jednak nie poszed\u0142. Deklaracja bez pokrycia. Wiara bez uczynk\u00f3w jest [&hellip;]<\/p>\n","protected":false},"author":1,"featured_media":0,"comment_status":"closed","ping_status":"open","sticky":false,"template":"","format":"standard","meta":{"_acf_changed":false,"jetpack_post_was_ever_published":false,"_jetpack_newsletter_access":"","_jetpack_dont_email_post_to_subs":false,"_jetpack_newsletter_tier_id":0,"_jetpack_memberships_contains_paywalled_content":false,"_jetpack_memberships_contains_paid_content":false,"footnotes":"","jetpack_publicize_message":"","jetpack_publicize_feature_enabled":true,"jetpack_social_post_already_shared":true,"jetpack_social_options":{"image_generator_settings":{"template":"highway","enabled":false},"version":2}},"categories":[3],"tags":[],"class_list":["post-5634","post","type-post","status-publish","format-standard","hentry","category-ogloszenia"],"jetpack_publicize_connections":[],"acf":[],"jetpack_featured_media_url":"","jetpack_sharing_enabled":true,"jetpack_shortlink":"https:\/\/wp.me\/paz7cl-1sS","_links":{"self":[{"href":"http:\/\/www.rozalia-zagnansk.pl\/index.php?rest_route=\/wp\/v2\/posts\/5634","targetHints":{"allow":["GET"]}}],"collection":[{"href":"http:\/\/www.rozalia-zagnansk.pl\/index.php?rest_route=\/wp\/v2\/posts"}],"about":[{"href":"http:\/\/www.rozalia-zagnansk.pl\/index.php?rest_route=\/wp\/v2\/types\/post"}],"author":[{"embeddable":true,"href":"http:\/\/www.rozalia-zagnansk.pl\/index.php?rest_route=\/wp\/v2\/users\/1"}],"replies":[{"embeddable":true,"href":"http:\/\/www.rozalia-zagnansk.pl\/index.php?rest_route=%2Fwp%2Fv2%2Fcomments&post=5634"}],"version-history":[{"count":2,"href":"http:\/\/www.rozalia-zagnansk.pl\/index.php?rest_route=\/wp\/v2\/posts\/5634\/revisions"}],"predecessor-version":[{"id":5639,"href":"http:\/\/www.rozalia-zagnansk.pl\/index.php?rest_route=\/wp\/v2\/posts\/5634\/revisions\/5639"}],"wp:attachment":[{"href":"http:\/\/www.rozalia-zagnansk.pl\/index.php?rest_route=%2Fwp%2Fv2%2Fmedia&parent=5634"}],"wp:term":[{"taxonomy":"category","embeddable":true,"href":"http:\/\/www.rozalia-zagnansk.pl\/index.php?rest_route=%2Fwp%2Fv2%2Fcategories&post=5634"},{"taxonomy":"post_tag","embeddable":true,"href":"http:\/\/www.rozalia-zagnansk.pl\/index.php?rest_route=%2Fwp%2Fv2%2Ftags&post=5634"}],"curies":[{"name":"wp","href":"https:\/\/api.w.org\/{rel}","templated":true}]}}