{"id":5621,"date":"2023-09-09T14:02:49","date_gmt":"2023-09-09T14:02:49","guid":{"rendered":"http:\/\/www.rozalia-zagnansk.pl\/?p=5621"},"modified":"2023-09-17T07:39:40","modified_gmt":"2023-09-17T07:39:40","slug":"obchody-84-rocznicy-wybuchu-ii-wojny-swiatowej-w-zagnansku","status":"publish","type":"post","link":"http:\/\/www.rozalia-zagnansk.pl\/?p=5621","title":{"rendered":"01.09.2023 &#8211; OBCHODY 84. ROCZNICY WYBUCHU II WOJNY \u015aWIATOWEJ W ZAGNA\u0143SKU"},"content":{"rendered":"<p><strong>PAMI\u0118\u0106 JAKO WYRAZ SZACUNKU<\/strong> \u2013 obchody 84. rocznicy wybuchu II wojny \u015bwiatowej w parafii pw. \u015bw. Rozalii i \u015bw. Marcina w Zagna\u0144sku<\/p>\n<p>1 wrze\u015bnia licznie przybyli mieszka\u0144cy gminy Zagna\u0144sk w trakcie koncelebrowanej Mszy \u015bwi\u0119tej modlili si\u0119 w intencji polskich \u017co\u0142nierzy, kt\u00f3rzy 84 lat temu stan\u0119li w obronie Ojczyzny.<\/p>\n<p>Po Eucharystii obecni przeszli na cmentarz parafialny, gdzie na zbiorowej mogile polskich \u017co\u0142nierzy poleg\u0142ych na ziemi zagna\u0144skiej we wrze\u015bniu 1939 r.\u00a0 z\u0142o\u017cyli wi\u0105zanki i znicze: w imieniu mieszka\u0144c\u00f3w i w\u0142adz samorz\u0105dowych \u00a0delegacja Gminy Zagna\u0144sk: zast\u0119pca w\u00f3jta p. Stanis\u0142aw St\u0119pie\u0144 oraz radni: \u00a0p. Micha\u0142 Kope\u0107, p. Marcin F\u0105fara, w imieniu spo\u0142eczno\u015bci Szko\u0142y Podstawowej nr 1 im. Nauczycieli Tajnego Nauczania w Zagna\u0144sku (Chrustach) &#8211; dyrektor Marta Majkowska oraz delegacja uczni\u00f3w, delegacja Rady Parafialnej z parafii pw. \u015bw. Rozalii i \u015bw. Marcina w Zagna\u0144sku: p. Teresa Chutnik, p. Miros\u0142awa Adamiec, <strong>w imieniu Zespo\u0142u Ludowego \u201eJaworzanki\u201d: p. Andrzej Grudziecki i Maciej Kasprzycki, \u00a0w imieniu KGW \u201eFlorianki\u201d p. Anna Szcze\u015bniak, p. Monika Wypych, p. Renata Lutek, w imieniu\u00a0 KGW \u201eDary Lasu\u201d p. \u0141ucja Dobosz-Drogosz i p. Anna Kowalska.<\/strong><\/p>\n<p><strong>Obecni na uroczysto\u015bci <\/strong>z\u0142o\u017cyli tak\u017ce znicze na mogi\u0142ach: nieznanego \u017co\u0142nierza oraz porucznika rezerwy Stefana Klimczyka. Delegacja szko\u0142y zapali\u0142a znicz na mogile <em>legionisty Jana Korusa, kt\u00f3ry we wrze\u015bniu 1939 r. walczy\u0142 na Westerplatte, a w 1958 roku zosta\u0142 odznaczony po\u015bmiertnie orderem Virtuti Militari.<\/em><br \/>\nPrzy pomniku i mogi\u0142ach wart\u0119 pe\u0142nili harcerze <strong>z <\/strong>27. Dru\u017cyny Harcerskiej imienia Tadeusza Ko\u015bciuszki dzia\u0142aj\u0105cej przy Szkole Podstawowej nr 1 w Zagna\u0144sku.<br \/>\nKsi\u0105dz proboszcz Andrzej Drapa\u0142a\u00a0 poprowadzi\u0142 modlitw\u0119 za polskich \u017co\u0142nierzy, kt\u00f3rzy 84 lat temu stan\u0119li w obronie Polski i oddali \u017cycie, broni\u0105c naszej Ma\u0142ej Ojczyzny oraz za mieszka\u0144c\u00f3w Zagna\u0144ska wsp\u00f3\u0142pracuj\u0105cych z polskim Pa\u0144stwem Podziemnym w latach niemieckiej okupacji.<\/p>\n<p>Na zako\u0144czenie uroczysto\u015bci <strong>zebrani <\/strong>za\u015bpiewali pie\u015b\u0144 patriotyczno \u2013 religijn\u0105 \u201eBo\u017ce, co\u015b Polsk\u0119\u201d.<\/p>\n<p>Prowadz\u0105cy t\u0119 cz\u0119\u015b\u0107 uroczysto\u015bci\u00a0 Roman Piskulak przedstawi\u0142 zebranym wydarzenia zwi\u0105zane z dramaturgi\u0105 wrze\u015bniowych dni, kt\u00f3r\u0105 odnajdujemy w dokumentach i relacjach \u015bwiadk\u00f3w oraz om\u00f3wi\u0142 fakty zwi\u0105zane powstaniem pomnika na zbiorowej mogile \u017co\u0142nierzy.<\/p>\n<p>Podkre\u015blono, \u017ce obecno\u015b\u0107 w obchodach 84. rocznicy\u00a0 wybuchu II wojny \u015bwiatowej jest wyrazem szacunku i pami\u0119ci o \u017co\u0142nierzach polskich poleg\u0142ych we wrze\u015bniu 1939 roku na ziemi zagna\u0144skiej.<br \/>\nW imieniu Rady Parafialnej prowadz\u0105cy podzi\u0119kowa\u0142 wszystkim obecnym za udzia\u0142 w uroczysto\u015bci.<\/p>\n<p style=\"text-align: right;\"><em>Roman Piskulak<\/em><\/p>\n<p>&nbsp;<\/p>\n<p>&nbsp;<\/p>\n<div id='gallery-1' class='gallery galleryid-5621 gallery-columns-3 gallery-size-thumbnail'><figure class='gallery-item'>\n\t\t\t<div class='gallery-icon landscape'>\n\t\t\t\t<a href='http:\/\/www.rozalia-zagnansk.pl\/wp-content\/uploads\/2023\/09\/IMG_0196.jpg'><img decoding=\"async\" width=\"150\" height=\"150\" src=\"http:\/\/www.rozalia-zagnansk.pl\/wp-content\/uploads\/2023\/09\/IMG_0196-150x150.jpg\" class=\"attachment-thumbnail size-thumbnail\" alt=\"\" \/><\/a>\n\t\t\t<\/div><\/figure><figure class='gallery-item'>\n\t\t\t<div class='gallery-icon landscape'>\n\t\t\t\t<a href='http:\/\/www.rozalia-zagnansk.pl\/wp-content\/uploads\/2023\/09\/IMG_0195.jpg'><img decoding=\"async\" width=\"150\" height=\"150\" src=\"http:\/\/www.rozalia-zagnansk.pl\/wp-content\/uploads\/2023\/09\/IMG_0195-150x150.jpg\" class=\"attachment-thumbnail size-thumbnail\" alt=\"\" \/><\/a>\n\t\t\t<\/div><\/figure><figure class='gallery-item'>\n\t\t\t<div class='gallery-icon landscape'>\n\t\t\t\t<a href='http:\/\/www.rozalia-zagnansk.pl\/wp-content\/uploads\/2023\/09\/IMG_0194.jpg'><img decoding=\"async\" width=\"150\" height=\"150\" src=\"http:\/\/www.rozalia-zagnansk.pl\/wp-content\/uploads\/2023\/09\/IMG_0194-150x150.jpg\" class=\"attachment-thumbnail size-thumbnail\" alt=\"\" \/><\/a>\n\t\t\t<\/div><\/figure><figure class='gallery-item'>\n\t\t\t<div class='gallery-icon landscape'>\n\t\t\t\t<a href='http:\/\/www.rozalia-zagnansk.pl\/wp-content\/uploads\/2023\/09\/IMG_0193.jpg'><img loading=\"lazy\" decoding=\"async\" width=\"150\" height=\"150\" src=\"http:\/\/www.rozalia-zagnansk.pl\/wp-content\/uploads\/2023\/09\/IMG_0193-150x150.jpg\" class=\"attachment-thumbnail size-thumbnail\" alt=\"\" \/><\/a>\n\t\t\t<\/div><\/figure><figure class='gallery-item'>\n\t\t\t<div class='gallery-icon landscape'>\n\t\t\t\t<a href='http:\/\/www.rozalia-zagnansk.pl\/wp-content\/uploads\/2023\/09\/IMG_0192.jpg'><img loading=\"lazy\" decoding=\"async\" width=\"150\" height=\"150\" src=\"http:\/\/www.rozalia-zagnansk.pl\/wp-content\/uploads\/2023\/09\/IMG_0192-150x150.jpg\" class=\"attachment-thumbnail size-thumbnail\" alt=\"\" \/><\/a>\n\t\t\t<\/div><\/figure><figure class='gallery-item'>\n\t\t\t<div class='gallery-icon landscape'>\n\t\t\t\t<a href='http:\/\/www.rozalia-zagnansk.pl\/wp-content\/uploads\/2023\/09\/IMG_0191.jpg'><img loading=\"lazy\" decoding=\"async\" width=\"150\" height=\"150\" src=\"http:\/\/www.rozalia-zagnansk.pl\/wp-content\/uploads\/2023\/09\/IMG_0191-150x150.jpg\" class=\"attachment-thumbnail size-thumbnail\" alt=\"\" \/><\/a>\n\t\t\t<\/div><\/figure><figure class='gallery-item'>\n\t\t\t<div class='gallery-icon landscape'>\n\t\t\t\t<a href='http:\/\/www.rozalia-zagnansk.pl\/wp-content\/uploads\/2023\/09\/IMG_0190.jpg'><img loading=\"lazy\" decoding=\"async\" width=\"150\" height=\"150\" src=\"http:\/\/www.rozalia-zagnansk.pl\/wp-content\/uploads\/2023\/09\/IMG_0190-150x150.jpg\" class=\"attachment-thumbnail size-thumbnail\" alt=\"\" \/><\/a>\n\t\t\t<\/div><\/figure>\n\t\t<\/div>\n\n<p>&nbsp;<\/p>\n<p>&nbsp;<\/p>\n ","protected":false},"excerpt":{"rendered":"<p>PAMI\u0118\u0106 JAKO WYRAZ SZACUNKU \u2013 obchody 84. rocznicy wybuchu II wojny \u015bwiatowej w parafii pw. \u015bw. Rozalii i \u015bw. Marcina w Zagna\u0144sku [&hellip;]<\/p>\n","protected":false},"author":1,"featured_media":5398,"comment_status":"closed","ping_status":"open","sticky":false,"template":"","format":"standard","meta":{"_acf_changed":false,"jetpack_post_was_ever_published":false,"_jetpack_newsletter_access":"","_jetpack_dont_email_post_to_subs":false,"_jetpack_newsletter_tier_id":0,"_jetpack_memberships_contains_paywalled_content":false,"_jetpack_memberships_contains_paid_content":false,"footnotes":"","jetpack_publicize_message":"","jetpack_publicize_feature_enabled":true,"jetpack_social_post_already_shared":true,"jetpack_social_options":{"image_generator_settings":{"template":"highway","enabled":false},"version":2}},"categories":[10],"tags":[],"class_list":["post-5621","post","type-post","status-publish","format-standard","has-post-thumbnail","hentry","category-galeria-zdjec"],"jetpack_publicize_connections":[],"acf":[],"jetpack_featured_media_url":"http:\/\/www.rozalia-zagnansk.pl\/wp-content\/uploads\/2023\/09\/IMG_0196.jpg","jetpack_sharing_enabled":true,"jetpack_shortlink":"https:\/\/wp.me\/paz7cl-1sF","_links":{"self":[{"href":"http:\/\/www.rozalia-zagnansk.pl\/index.php?rest_route=\/wp\/v2\/posts\/5621","targetHints":{"allow":["GET"]}}],"collection":[{"href":"http:\/\/www.rozalia-zagnansk.pl\/index.php?rest_route=\/wp\/v2\/posts"}],"about":[{"href":"http:\/\/www.rozalia-zagnansk.pl\/index.php?rest_route=\/wp\/v2\/types\/post"}],"author":[{"embeddable":true,"href":"http:\/\/www.rozalia-zagnansk.pl\/index.php?rest_route=\/wp\/v2\/users\/1"}],"replies":[{"embeddable":true,"href":"http:\/\/www.rozalia-zagnansk.pl\/index.php?rest_route=%2Fwp%2Fv2%2Fcomments&post=5621"}],"version-history":[{"count":2,"href":"http:\/\/www.rozalia-zagnansk.pl\/index.php?rest_route=\/wp\/v2\/posts\/5621\/revisions"}],"predecessor-version":[{"id":5625,"href":"http:\/\/www.rozalia-zagnansk.pl\/index.php?rest_route=\/wp\/v2\/posts\/5621\/revisions\/5625"}],"wp:featuredmedia":[{"embeddable":true,"href":"http:\/\/www.rozalia-zagnansk.pl\/index.php?rest_route=\/wp\/v2\/media\/5398"}],"wp:attachment":[{"href":"http:\/\/www.rozalia-zagnansk.pl\/index.php?rest_route=%2Fwp%2Fv2%2Fmedia&parent=5621"}],"wp:term":[{"taxonomy":"category","embeddable":true,"href":"http:\/\/www.rozalia-zagnansk.pl\/index.php?rest_route=%2Fwp%2Fv2%2Fcategories&post=5621"},{"taxonomy":"post_tag","embeddable":true,"href":"http:\/\/www.rozalia-zagnansk.pl\/index.php?rest_route=%2Fwp%2Fv2%2Ftags&post=5621"}],"curies":[{"name":"wp","href":"https:\/\/api.w.org\/{rel}","templated":true}]}}