{"id":558,"date":"2017-08-06T05:45:19","date_gmt":"2017-08-06T05:45:19","guid":{"rendered":"http:\/\/www.rozalia.kielce.opoka.org.pl\/?p=558"},"modified":"2017-08-06T05:51:13","modified_gmt":"2017-08-06T05:51:13","slug":"ogloszenia-duszpasterskie-6-sierpnia-2017r","status":"publish","type":"post","link":"http:\/\/www.rozalia-zagnansk.pl\/?p=558","title":{"rendered":"Og\u0142oszenia duszpasterskie 6 sierpnia 2017r."},"content":{"rendered":"<p><strong>Og\u0142oszenia duszpasterskie 6 sierpnia 2017<\/strong><\/p>\n<p>&nbsp;<\/p>\n<p>\u201eWsta\u0144cie, nie l\u0119kajcie si\u0119\u201d Je\u017celi potrafimy stan\u0105\u0107 w prawdzie, to zapewne przyznamy si\u0119 przed sob\u0105, \u017ce kieruje nami strach o ludzk\u0105 opini\u0119 o nas. Co inni o mnie, o nas powiedz\u0105 ? To niestety parali\u017cuje nasze my\u015blenie i dzia\u0142anie.\u00a0 Jezus objawia nam serce Ojca. Bo\u017ce my\u015blenie o nas. B\u00f3g przychodzi aby nam da\u0107 pe\u0142n\u0105 wolno\u015b\u0107 \u2013 do wolno\u015bci wyswobodzi\u0142 nas Chrystus ! &#8211; m\u00f3wi \u015bw. Pawe\u0142. Dlatego tak wa\u017cnym jest, aby jak zach\u0119ca nas dzisiaj Ojciec niebieski, s\u0142ucha\u0107 Jezusa: \u201eTo jest m\u00f3j Syn umi\u0142owany, w kt\u00f3rym mam upodobanie, Jego s\u0142uchajcie\u201d S\u0142uchanie Boga na modlitwie \u2013 to pancerz ochronny wobec ludzkich plotek, pom\u00f3wie\u0144 i oszczerstw. Musimy przy tym pami\u0119ta\u0107, \u017ce przyjdzie nam zda\u0107 spraw\u0119 przed Panem Bogiem z przewrotno\u015bci j\u0119zyka !!!<\/p>\n<p>Rok temu go\u015bcili\u015bmy w naszej parafii 16 osobow\u0105 grup\u0119 pielgrzym\u00f3w \u015aDM z Francji. Po tej wizycie dotar\u0142o do nas podzi\u0119kowanie, cyt. \u201e Jubilatce Deo z tym \u015bpiewem przybyli\u015bmy z Prowansji do Waszej parafii, przekraczaj\u0105c barier\u0119 j\u0119zykow\u0105 poprzez \u015bpiew Bogu. Je\u015bli nawet francuski dla Was a polski dla nas mog\u0142yby by\u0107 przeszkod\u0105, to ciep\u0142o Waszej go\u015bcinno\u015bci i si\u0142a Waszej wiary j\u0105 pokona\u0142y\u2026 Dzi\u0119kujemy raz jeszcze, sk\u0142adamy wyrazy ogromnej wdzi\u0119czno\u015bci za Wasz\u0105 go\u015bcin\u0119. ( Ca\u0142y list znajduje si\u0119 na stronie internetowej\u00a0 parafii )\u00a0\u00a0 <a href=\"http:\/\/www.rozalia.kielce.opoka.org.pl\/?attachment_id=562\" rel=\"attachment wp-att-562\">podziekowania-sdm<\/a><\/p>\n<p>W \u015brod\u0119 (9 sierpnia) w godz. po\u0142udniowych przez teren naszej parafii przechodzi XXXVII Piesza Pielgrzymka Siedlecka. Mieszka\u0144c\u00f3w Belna, os. Wrzosy, ul. Wrzosowej, ul. Turystycznej prosimy o godne przyj\u0119cie pielgrzym\u00f3w jak co roku.<\/p>\n<p>Zapraszam dzieci i m\u0142odzie\u017c do korzystania z Klubu \u201e Wolna Strefa\u201d codziennie od godz. 10.00 \u2013 16.00. Kadra klubu poszukuje do zatrudnienia instruktora ta\u0144ca.<\/p>\n<p>Drugiej grupie sprz\u0105taj\u0105cej z Belna dzi\u0119kuj\u0119 za przygotowanie naszej \u015bwi\u0105tyni do niedzieli oraz z\u0142o\u017con\u0105 ofiar\u0119 200 z\u0142. Msza \u015bw. w intencji Rodzin tej grupy zostanie odprawiona 13 sierpnia o godz. 20.00 na nabo\u017ce\u0144stwie fatimskim. Za tydzie\u0144 w sobot\u0119, zapraszam kolejne rodziny z\u00a0Belna do sprz\u0105tania ko\u015bcio\u0142a. Prosz\u0119 w imieniu sprz\u0105taj\u0105cych, aby sprz\u0105ta\u0142o dziesi\u0119\u0107 kolejnych rodzin, co nie zawsze pokrywa si\u0119 z dziesi\u0119cioma kolejnymi numerami dom\u00f3w.<\/p>\n<p>W <strong>nast\u0119pn\u0105 niedziel\u0119 13 sierpnia<\/strong> b\u0119dziemy sprawowa\u0107 <strong>Nabo\u017ce\u0144stwo Fatimskie<\/strong> o godz. 20.00. W tym dniu <strong>nie ma Mszy \u015bw. o godz. 16.00<\/strong>.<\/p>\n<p>Taca zebrana przy po\u015bwi\u0119ceniu pojazd\u00f3w w kwocie 1772 z\u0142\u00a0 przeznaczona b\u0119dzie na zakup \u015brodk\u00f3w transportu dla misjonarzy. B\u00f3g zap\u0142a\u0107 r\u00f3wnie\u017c za ofiary na inwestycje parafialne.<\/p>\n<p>Fundacja Szansa dla Niewidomych\u00a0 zaprasza osoby niewidome i s\u0142abowidz\u0105ce oraz cz\u0142onk\u00f3w ich rodzin do udzia\u0142u w projekcie \u201etrampolina do kariery \u2013 wsparcie os\u00f3b niewidomych\u00a0 i niedowidz\u0105cych na rynku pracy\u201d. Szczeg\u00f3\u0142y w gablocie i na str. Par.\u00a0\u00a0\u00a0\u00a0 <a href=\"http:\/\/www.rozalia.kielce.opoka.org.pl\/?attachment_id=563\" rel=\"attachment wp-att-563\">plakatprojektutrampolina<\/a><\/p>\n<p>Niedzielnik do pobrania\u00a0\u00a0\u00a0\u00a0 <a href=\"http:\/\/www.rozalia.kielce.opoka.org.pl\/?attachment_id=560\" rel=\"attachment wp-att-560\">niedzielnik-06-08-2017<\/a><\/p>\n ","protected":false},"excerpt":{"rendered":"<p>Og\u0142oszenia duszpasterskie 6 sierpnia 2017 &nbsp; \u201eWsta\u0144cie, nie l\u0119kajcie si\u0119\u201d Je\u017celi potrafimy stan\u0105\u0107 w prawdzie, to zapewne przyznamy si\u0119 przed sob\u0105, \u017ce [&hellip;]<\/p>\n","protected":false},"author":1,"featured_media":0,"comment_status":"closed","ping_status":"open","sticky":false,"template":"","format":"standard","meta":{"_acf_changed":false,"jetpack_post_was_ever_published":false,"_jetpack_newsletter_access":"","_jetpack_dont_email_post_to_subs":false,"_jetpack_newsletter_tier_id":0,"_jetpack_memberships_contains_paywalled_content":false,"_jetpack_memberships_contains_paid_content":false,"footnotes":"","jetpack_publicize_message":"","jetpack_publicize_feature_enabled":true,"jetpack_social_post_already_shared":false,"jetpack_social_options":{"image_generator_settings":{"template":"highway","enabled":false},"version":2}},"categories":[3],"tags":[],"class_list":["post-558","post","type-post","status-publish","format-standard","hentry","category-ogloszenia"],"jetpack_publicize_connections":[],"acf":[],"jetpack_featured_media_url":"","jetpack_sharing_enabled":true,"jetpack_shortlink":"https:\/\/wp.me\/paz7cl-90","_links":{"self":[{"href":"http:\/\/www.rozalia-zagnansk.pl\/index.php?rest_route=\/wp\/v2\/posts\/558","targetHints":{"allow":["GET"]}}],"collection":[{"href":"http:\/\/www.rozalia-zagnansk.pl\/index.php?rest_route=\/wp\/v2\/posts"}],"about":[{"href":"http:\/\/www.rozalia-zagnansk.pl\/index.php?rest_route=\/wp\/v2\/types\/post"}],"author":[{"embeddable":true,"href":"http:\/\/www.rozalia-zagnansk.pl\/index.php?rest_route=\/wp\/v2\/users\/1"}],"replies":[{"embeddable":true,"href":"http:\/\/www.rozalia-zagnansk.pl\/index.php?rest_route=%2Fwp%2Fv2%2Fcomments&post=558"}],"version-history":[{"count":4,"href":"http:\/\/www.rozalia-zagnansk.pl\/index.php?rest_route=\/wp\/v2\/posts\/558\/revisions"}],"predecessor-version":[{"id":565,"href":"http:\/\/www.rozalia-zagnansk.pl\/index.php?rest_route=\/wp\/v2\/posts\/558\/revisions\/565"}],"wp:attachment":[{"href":"http:\/\/www.rozalia-zagnansk.pl\/index.php?rest_route=%2Fwp%2Fv2%2Fmedia&parent=558"}],"wp:term":[{"taxonomy":"category","embeddable":true,"href":"http:\/\/www.rozalia-zagnansk.pl\/index.php?rest_route=%2Fwp%2Fv2%2Fcategories&post=558"},{"taxonomy":"post_tag","embeddable":true,"href":"http:\/\/www.rozalia-zagnansk.pl\/index.php?rest_route=%2Fwp%2Fv2%2Ftags&post=558"}],"curies":[{"name":"wp","href":"https:\/\/api.w.org\/{rel}","templated":true}]}}