{"id":556,"date":"2017-08-06T05:39:27","date_gmt":"2017-08-06T05:39:27","guid":{"rendered":"http:\/\/www.rozalia.kielce.opoka.org.pl\/?p=556"},"modified":"2017-08-06T05:39:27","modified_gmt":"2017-08-06T05:39:27","slug":"intencje-31","status":"publish","type":"post","link":"http:\/\/www.rozalia-zagnansk.pl\/?p=556","title":{"rendered":"Intencje"},"content":{"rendered":"<p><strong>Intencje mszalne 07.08. \u2013 13.08.2017 r.<\/strong><\/p>\n<p>&nbsp;<\/p>\n<p><strong>Poniedzia\u0142ek<\/strong> 07\/08\/2017 &#8211; b\u0142. Edmunda Bojanowskiego;<br \/>\n<strong>18:00<\/strong> + Genowefy Mazur z intencji rodziny Musia\u0142\u00f3w, Brzoz\u00f3w i Langner\u00f3w<\/p>\n<p><strong>Wtorek<\/strong> 08\/08\/2017 &#8211; Wspomnienie \u015bw. Dominika Guzman, kap\u0142ana;<br \/>\n<strong>18:00<\/strong> + Ireny, Stefana Zarzyckich<\/p>\n<p><strong>\u015aroda<\/strong> 09\/08\/2017 &#8211; \u015bw. Teresy Benedykty od Krzy\u017ca, dz. i m.<br \/>\n<strong>18:00<\/strong> + Jana Kr\u00f3l z intencji mieszka\u0144c\u00f3w Chrust\u00f3w<\/p>\n<p><strong>Czwartek<\/strong> 10\/08\/2017 &#8211; \u015bw. Wawrzy\u0144ca, diakona i m\u0119czennika;<br \/>\n<strong>18:00<\/strong> + Heleny Adamiec z intencji m\u0119\u017ca z dzie\u0107mi<\/p>\n<p><strong>Pi\u0105tek<\/strong> 11\/08\/2017 &#8211; \u015bw. Klary, dziewicy;<br \/>\n<strong>18:00<\/strong> + Jana Kr\u00f3l z intencji mieszka\u0144c\u00f3w Chrust\u00f3w<\/p>\n<p><strong>Sobota<\/strong> 12\/08\/2017 &#8211; \u015bw. Joanny Franciszki de Chantal, zakonnicy;<br \/>\n<strong>08:00<\/strong> + Ryszarda Zemsty z intencji rodziny Krawc\u00f3w<\/p>\n<p><strong>Niedziela<\/strong> 13\/08\/2017 \u2013 XIX NIEDZIELA ZWYK\u0141A<\/p>\n<p>&nbsp;<\/p>\n<p><strong>08:00<\/strong> W intencji Gra\u017cyny o dar zdrowia<br \/>\n<strong>10:00<\/strong> + Anny, Wincentego, Henryka, Grzegorza Dyderskich<br \/>\n<strong>12:00<\/strong> W intencji Roberta i Agaty Jaros w 23 rocznic\u0119 \u015blubu<br \/>\n<strong>20:00<\/strong> O dar\u00a0 zdrowia i opiek\u0119 Matki Bo\u017cej dla kole\u017canki z zespo\u0142u Jaworzanki od kole\u017canek i koleg\u00f3w<strong><br \/>\n<\/strong>O dar zdrowia, Bo\u017ce b\u0142ogos\u0142awie\u0144stwo i opiek\u0119 Matki Bo\u017cej dla Bogus\u0142awy i Edwarda z racji urodzin<\/p>\n<p>O dar zdrowia, Bo\u017ce b\u0142ogos\u0142awie\u0144stwo i opiek\u0119 Matki Bo\u017cej Fatimskiej na ka\u017cdy dzie\u0144 dla Mateusza, Si\u00f3str R\u00f3\u017ca\u0144cowych\u00a0 z Zache\u0142mia i czytelnik\u00f3w Rycerza Niepokalanej<br \/>\nO Bo\u017ce b\u0142ogos\u0142awie\u0144stwo i wszelkie potrzebne \u0142aski dla Mieczys\u0142awa Ryng z okazji 90 rocznicy urodzin<br \/>\nW intencji Rodzin I i II grupy sprz\u0105taj\u0105cej z Belna<br \/>\nZa przyczyn\u0105 Naj\u015bwi\u0119tszej Marii Panny w intencji Rodzin Si\u00f3str R\u00f3\u017ca\u0144cowych z Gruszki<br \/>\n+ Stefanii w 35 rocz. \u015bm. i Eugeniusza w 25 rocz. \u015bm.<br \/>\n+ Alberta Dobrowolskiego<br \/>\n+ Piotra w 21 rocz. \u015bm., Janiny, Leszka Bracha<br \/>\n+ Henryki, Stanis\u0142awa Jo\u0144czyk z intencji rodziny Kruk\u00f3w z Kielc<br \/>\n+ Jana Staro\u015bciak w 28 rocz. \u015bm.<br \/>\n+ Stanis\u0142awa, Marianny, Anieli, Henryka, Marty z rodziny \u015alewa<br \/>\n+ Janiny Marcisz z intencji wnuczki Kingi z rodzin\u0105<br \/>\n+ Genowefy Mazur z intencji mieszka\u0144c\u00f3w Chrust\u00f3w<br \/>\n+ Stanis\u0142awa Zagda\u0144skiego z intencji rodzin Makuch\u00f3w, Pyczk\u00f3w i Dudzik\u00f3w<br \/>\n+ O \u017cycie wieczne dla Kap\u0142an\u00f3w pracuj\u0105cych w naszej parafii. Ks. Jana Kurczaba, Ks. J\u00f3zefa Piwowarczyka i ks. Pra\u0142ata Tadeusza Skrzyniarza \u00a0z intencji Si\u00f3str R\u00f3\u017ca\u0144cowych z Zache\u0142mia<br \/>\n+ Jana Kr\u00f3l z intencji mieszka\u0144c\u00f3w Chrust\u00f3w<br \/>\n+ Doroty Dzia\u0142ak z intencji rodziny Marcisz\u00f3w<br \/>\n+ Ryszarda Zemsty z intencji pracownik\u00f3w Szk\u00f3\u0142 Le\u015bnych w Zagna\u0144sku<br \/>\n+ Ma\u0142gorzaty Kundera z intencji uczestnik\u00f3w pogrzebu<br \/>\n+ Ireny Jo\u0144czyk z intencji uczestnik\u00f3w pogrzebu<br \/>\n+ Jana Garyckiego z intencji syna Jerzego z rodzin\u0105<\/p>\n<p>&nbsp;<\/p>\n ","protected":false},"excerpt":{"rendered":"<p>Intencje mszalne 07.08. \u2013 13.08.2017 r. &nbsp; Poniedzia\u0142ek 07\/08\/2017 &#8211; b\u0142. Edmunda Bojanowskiego; 18:00 + Genowefy Mazur z intencji rodziny Musia\u0142\u00f3w, Brzoz\u00f3w [&hellip;]<\/p>\n","protected":false},"author":1,"featured_media":0,"comment_status":"closed","ping_status":"open","sticky":false,"template":"","format":"standard","meta":{"_acf_changed":false,"jetpack_post_was_ever_published":false,"_jetpack_newsletter_access":"","_jetpack_dont_email_post_to_subs":false,"_jetpack_newsletter_tier_id":0,"_jetpack_memberships_contains_paywalled_content":false,"_jetpack_memberships_contains_paid_content":false,"footnotes":"","jetpack_publicize_message":"","jetpack_publicize_feature_enabled":true,"jetpack_social_post_already_shared":false,"jetpack_social_options":{"image_generator_settings":{"template":"highway","enabled":false},"version":2}},"categories":[8],"tags":[],"class_list":["post-556","post","type-post","status-publish","format-standard","hentry","category-intencje"],"jetpack_publicize_connections":[],"acf":[],"jetpack_featured_media_url":"","jetpack_sharing_enabled":true,"jetpack_shortlink":"https:\/\/wp.me\/paz7cl-8Y","_links":{"self":[{"href":"http:\/\/www.rozalia-zagnansk.pl\/index.php?rest_route=\/wp\/v2\/posts\/556","targetHints":{"allow":["GET"]}}],"collection":[{"href":"http:\/\/www.rozalia-zagnansk.pl\/index.php?rest_route=\/wp\/v2\/posts"}],"about":[{"href":"http:\/\/www.rozalia-zagnansk.pl\/index.php?rest_route=\/wp\/v2\/types\/post"}],"author":[{"embeddable":true,"href":"http:\/\/www.rozalia-zagnansk.pl\/index.php?rest_route=\/wp\/v2\/users\/1"}],"replies":[{"embeddable":true,"href":"http:\/\/www.rozalia-zagnansk.pl\/index.php?rest_route=%2Fwp%2Fv2%2Fcomments&post=556"}],"version-history":[{"count":1,"href":"http:\/\/www.rozalia-zagnansk.pl\/index.php?rest_route=\/wp\/v2\/posts\/556\/revisions"}],"predecessor-version":[{"id":557,"href":"http:\/\/www.rozalia-zagnansk.pl\/index.php?rest_route=\/wp\/v2\/posts\/556\/revisions\/557"}],"wp:attachment":[{"href":"http:\/\/www.rozalia-zagnansk.pl\/index.php?rest_route=%2Fwp%2Fv2%2Fmedia&parent=556"}],"wp:term":[{"taxonomy":"category","embeddable":true,"href":"http:\/\/www.rozalia-zagnansk.pl\/index.php?rest_route=%2Fwp%2Fv2%2Fcategories&post=556"},{"taxonomy":"post_tag","embeddable":true,"href":"http:\/\/www.rozalia-zagnansk.pl\/index.php?rest_route=%2Fwp%2Fv2%2Ftags&post=556"}],"curies":[{"name":"wp","href":"https:\/\/api.w.org\/{rel}","templated":true}]}}