{"id":551,"date":"2017-07-30T06:18:56","date_gmt":"2017-07-30T06:18:56","guid":{"rendered":"http:\/\/www.rozalia.kielce.opoka.org.pl\/?p=551"},"modified":"2017-07-30T06:21:23","modified_gmt":"2017-07-30T06:21:23","slug":"ogloszenia-duszpasterskie-30-lipca-2017r","status":"publish","type":"post","link":"http:\/\/www.rozalia-zagnansk.pl\/?p=551","title":{"rendered":"Og\u0142oszenia duszpasterskie 30 lipca 2017r."},"content":{"rendered":"<p><strong>\u00a0\u00a0\u00a0\u00a0\u00a0\u00a0\u00a0\u00a0\u00a0\u00a0\u00a0\u00a0\u00a0\u00a0\u00a0\u00a0\u00a0\u00a0\u00a0\u00a0\u00a0\u00a0\u00a0\u00a0\u00a0\u00a0\u00a0\u00a0\u00a0\u00a0\u00a0\u00a0\u00a0\u00a0 Og\u0142oszenia duszpasterskie 30.07.2017 r.<\/strong><\/p>\n<p><strong>\u00a0<\/strong><\/p>\n<p>\u017byjemy w czasach w kt\u00f3rych ka\u017cdy ma swoj\u0105 prawd\u0119. Zasypywani jeste\u015bmy ogromem informacji \u2013 nierzadko \u015bwiadomie spreparowanej, aby nas zmanipulowa\u0107. Wok\u00f3\u0142 jest wiele negatywnych opinii\u00a0 i s\u0142\u00f3w oceny. Jak w tym g\u0105szczu zda\u0144 si\u0119 odnale\u017a\u0107 ? Bohater pierwszego czytania Salomon prosi Boga: Racz wi\u0119c da\u0107 Twemu s\u0142udze serce rozumne do s\u0105dzenia Twego ludu i rozr\u00f3\u017cniania dobra od z\u0142a\u2026 jak\u017ce nam potrzeba takiej modlitwy, aby\u015bmy rozr\u00f3\u017cniali dobro od z\u0142a. Potrzeba nam Bo\u017cego Ducha aby zrozumie\u0107 wyznanie \u015bw. Paw\u0142a z dzisiejszego czytania: Wiemy, \u017ce B\u00f3g z tymi, kt\u00f3rzy Go mi\u0142uj\u0105, wsp\u00f3\u0142dzia\u0142a we wszystkim dla ich dobra. To jest prawdziwa m\u0105dro\u015b\u0107, kt\u00f3ra ukryta jest w m\u0105dro\u015bci Bo\u017cego S\u0142owa, w skarbcu Ko\u015bcio\u0142a, w wierno\u015bci codzienno\u015bci w\u0142asnemu sumieniu kszta\u0142towanemu wed\u0142ug Serca Jezusowego: uczy\u0144 serce nasze wed\u0142ug serca swego. \u00abKr\u00f3lestwo niebieskie podobne jest do skarbu ukrytego w roli. W roli naszego wn\u0119trza \u2013 sumienia, czy\u017c nie wiecie, \u017ce jeste\u015bcie \u015bwi\u0105tyni\u0105 Boga i \u017ce Duch \u015awi\u0119ty mieszka w was. W modlitwie serca odnajdujmy drogi m\u0105dro\u015bci.<\/p>\n<p>&nbsp;<\/p>\n<p>Dzisiaj po ka\u017cdej Mszy \u015aw. b\u0142ogos\u0142awimy pojazdy i podr\u00f3\u017cuj\u0105cych. Taca zbierana przy po\u015bwi\u0119ceniu jest przeznaczona na zakup \u015brodk\u00f3w transportu dla misjonarzy.<\/p>\n<p>Wyra\u017cam rado\u015b\u0107 z obecno\u015bci M\u0142odych w Klubie \u201e Wolna Strefa\u201d codziennie od godz. 10.00 \u2013 16.00 a w sobot\u0119 od 10.00 do 14.00. Budowana mozolnie spo\u0142eczno\u015b\u0107 Klubu jest szans\u0105 na o\u017cywienie \u017cycia spo\u0142ecznego naszej parafii.<\/p>\n<p>W tym tygodniu przypada I Czwartek, Pi\u0105tek i Sobota miesi\u0105ca. W pi\u0105tek spowied\u017a \u015bw. p\u00f3\u0142. godz. przed msz\u0105 \u015bw. w sobot\u0119 adoracja Naj\u015bwi\u0119tszego Sakr. O godz. 07.30<\/p>\n<p>Wznawia swoje spotkania grupa modlitewna w charyzmacie Odnowy w Duchu \u015awi\u0119tym w pi\u0105tek po mszy \u015bw. wieczornej. Zapraszam ch\u0119tnych pog\u0142\u0119bienia \u017cycia duchowego i\u00a0 do\u015bwiadczenia wsp\u00f3lnoty. Zapraszam do Domu Parafialnego<\/p>\n<p>Rozmawia\u0142em w pi\u0105tek z. Minister El\u017cbiet\u0105 Bujanowsk\u0105 odpowiedzialn\u0105 w Rz\u0105dzie za polityk\u0119 senioraln\u0105 odno\u015bnie k\u0142opot\u00f3w z realizacj\u0105 adaptacji cz\u0119\u015bci Domu Parafialnego \u2013 Organist\u00f3wki na Dzienny Dom Seniora ( brakuj\u0105ce fundusze i czas realizacji ) i niestety us\u0142ysza\u0142em, \u017ce je\u017celi nie uda nam si\u0119 tego przeprowadzi\u0107 do ko\u0144ca roku, Gmina b\u0119dzie zmuszona odda\u0107 pieni\u0105dze do Wojewody. W\u00f3wczas bezpowrotnie stracimy szans\u0119 na systematyczn\u0105 pomoc naszym Seniorom w formie plac\u00f3wki codziennej a r\u00f3wnie\u017c zabraknie tej naturalnej platformy integracji pokole\u0144 m\u0142odych z klubu Wolna Strefa i Domu Seniora. Prosz\u0119 o modlitewny szturm do nieba. Dla Boga nie ma rzeczy niemo\u017cliwych.<\/p>\n<p>Pierwszej grupie sprz\u0105taj\u0105cej z Belna dzi\u0119kuj\u0119 za przygotowanie Ko\u015bcio\u0142a i. ofiar\u0119 w wysoko\u015bci 200 z\u0142. Msza \u015bw. w intencji Rodzin tej grupy zostanie odprawiona 13 sierpnia o godz. 20.00 . Za tydzie\u0144 \u00a0w sobot\u0119, zapraszam kolejne rodziny z Belna do sprz\u0105tania ko\u015bcio\u0142a.<\/p>\n<p>Ogrodzili\u015bmy Nowy cmentarz. Mam \u015bwiadomo\u015b\u0107, \u017ce zlikwidowali\u015bmy w tym miejscu parking,\u00a0 ale taka by\u0142a konieczno\u015b\u0107, zobaczcie ile nam przyby\u0142o w ci\u0105gu roku grob\u00f3w i to s\u0105 zmarli chowani\u00a0 z naszej i \u015bw. J\u00f3zefa parafii.\u00a0 Jeszcze mamy do wstawienia bram\u0119 i konstrukcj\u0119 pod polowy o\u0142tarz wraz z zadaszeniem. Prosz\u0119 o modlitw\u0119 za pomy\u015blny przebieg prac. B\u00f3g zap\u0142a\u0107 za Wasze ofiary.<\/p>\n<p><strong>\u00a0<\/strong><\/p>\n<p><strong>Z Apelu Przewodnicz\u0105cego Zespo\u0142u Konferencji Episkopatu Polski ds. Apostolstwa Trze\u017awo\u015bci:<\/strong> Zbli\u017ca si\u0119 sierpie\u0144. Wielu z nas odpoczywa, zwiedza, szuka spokoju i wytchnienia od codziennych trud\u00f3w. Rolnicy prze\u017cywaj\u0105 czas najintensywniejszej pracy. Pielgrzymi wyruszaj\u0105 na drogi prowadz\u0105ce ku Jasnej G\u00f3rze. Przed nami wa\u017cne uroczysto\u015bci maryjne i patriotyczne. Co roku w\u0142a\u015bnie\u00a0 w sierpniu prosimy wszystkich Polak\u00f3w: podejmijcie dobrowoln\u0105 abstynencj\u0119. Poka\u017ccie, \u017ce potraficie odpoczywa\u0107 i bawi\u0107 si\u0119 bez alkoholu.<\/p>\n<p><a href=\"http:\/\/www.rozalia.kielce.opoka.org.pl\/?attachment_id=554\" rel=\"attachment wp-att-554\">niedzielnik-30-07-2017<\/a><\/p>\n ","protected":false},"excerpt":{"rendered":"<p>\u00a0\u00a0\u00a0\u00a0\u00a0\u00a0\u00a0\u00a0\u00a0\u00a0\u00a0\u00a0\u00a0\u00a0\u00a0\u00a0\u00a0\u00a0\u00a0\u00a0\u00a0\u00a0\u00a0\u00a0\u00a0\u00a0\u00a0\u00a0\u00a0\u00a0\u00a0\u00a0\u00a0\u00a0 Og\u0142oszenia duszpasterskie 30.07.2017 r. \u00a0 \u017byjemy w czasach w kt\u00f3rych ka\u017cdy ma swoj\u0105 prawd\u0119. Zasypywani jeste\u015bmy ogromem informacji \u2013 nierzadko \u015bwiadomie [&hellip;]<\/p>\n","protected":false},"author":1,"featured_media":0,"comment_status":"closed","ping_status":"open","sticky":false,"template":"","format":"standard","meta":{"_acf_changed":false,"jetpack_post_was_ever_published":false,"_jetpack_newsletter_access":"","_jetpack_dont_email_post_to_subs":false,"_jetpack_newsletter_tier_id":0,"_jetpack_memberships_contains_paywalled_content":false,"_jetpack_memberships_contains_paid_content":false,"footnotes":"","jetpack_publicize_message":"","jetpack_publicize_feature_enabled":true,"jetpack_social_post_already_shared":false,"jetpack_social_options":{"image_generator_settings":{"template":"highway","enabled":false},"version":2}},"categories":[3],"tags":[],"class_list":["post-551","post","type-post","status-publish","format-standard","hentry","category-ogloszenia"],"jetpack_publicize_connections":[],"acf":[],"jetpack_featured_media_url":"","jetpack_sharing_enabled":true,"jetpack_shortlink":"https:\/\/wp.me\/paz7cl-8T","_links":{"self":[{"href":"http:\/\/www.rozalia-zagnansk.pl\/index.php?rest_route=\/wp\/v2\/posts\/551","targetHints":{"allow":["GET"]}}],"collection":[{"href":"http:\/\/www.rozalia-zagnansk.pl\/index.php?rest_route=\/wp\/v2\/posts"}],"about":[{"href":"http:\/\/www.rozalia-zagnansk.pl\/index.php?rest_route=\/wp\/v2\/types\/post"}],"author":[{"embeddable":true,"href":"http:\/\/www.rozalia-zagnansk.pl\/index.php?rest_route=\/wp\/v2\/users\/1"}],"replies":[{"embeddable":true,"href":"http:\/\/www.rozalia-zagnansk.pl\/index.php?rest_route=%2Fwp%2Fv2%2Fcomments&post=551"}],"version-history":[{"count":3,"href":"http:\/\/www.rozalia-zagnansk.pl\/index.php?rest_route=\/wp\/v2\/posts\/551\/revisions"}],"predecessor-version":[{"id":555,"href":"http:\/\/www.rozalia-zagnansk.pl\/index.php?rest_route=\/wp\/v2\/posts\/551\/revisions\/555"}],"wp:attachment":[{"href":"http:\/\/www.rozalia-zagnansk.pl\/index.php?rest_route=%2Fwp%2Fv2%2Fmedia&parent=551"}],"wp:term":[{"taxonomy":"category","embeddable":true,"href":"http:\/\/www.rozalia-zagnansk.pl\/index.php?rest_route=%2Fwp%2Fv2%2Fcategories&post=551"},{"taxonomy":"post_tag","embeddable":true,"href":"http:\/\/www.rozalia-zagnansk.pl\/index.php?rest_route=%2Fwp%2Fv2%2Ftags&post=551"}],"curies":[{"name":"wp","href":"https:\/\/api.w.org\/{rel}","templated":true}]}}