{"id":5387,"date":"2023-09-09T12:51:19","date_gmt":"2023-09-09T12:51:19","guid":{"rendered":"http:\/\/www.rozalia-zagnansk.pl\/?p=5387"},"modified":"2023-09-09T14:04:54","modified_gmt":"2023-09-09T14:04:54","slug":"ogloszenia-duszpasterskie-xxiii-niedziela-zwykla-10-09-2023","status":"publish","type":"post","link":"http:\/\/www.rozalia-zagnansk.pl\/?p=5387","title":{"rendered":"Og\u0142oszenia duszpasterskie XXIII Niedziela zwyk\u0142a \u2013 10.09.2023"},"content":{"rendered":"<p>Dzi\u0119kuj\u0119 Panu Bogu za dar \u015bwi\u0119ta parafii zwi\u0105zanego z odpustem ku czci \u015bw. Rozalii. R\u00f3wnocze\u015bnie odby\u0142a si\u0119 wizytacja kanoniczna Ks. Bp Mariana Florczyka, zwie\u0144czona \u015bwi\u0119towaniem XII Parafialnego Festynu Rodzinnego zatytu\u0142owanego \u201eKo\u015bci\u00f3\u0142 nasz Dom\u201d.<\/p>\n<p>Nie by\u0142oby tak pi\u0119knego i g\u0142\u0119bokiego \u015bwi\u0119towania, gdyby nie zaanga\u017cowanie wielu os\u00f3b. Dzi\u0119kuj\u0119 najpierw ekipie Centrum Integracji Spo\u0142ecznej Stowarzyszenia Nadzieja Rodzinie za ca\u0142o\u015bciowe prace przy ko\u015bciele. Elektrykom: pp. Piotrowi J\u0119dryka i Andrzejowi Stodulskiemu oraz p. Jerzemu Jedynak za wszelkie prace o\u015bwietleniowe \u2013 mo\u017cemy podziwia\u0107 now\u0105 jako\u015b\u0107 o\u015bwietlenia. P. Dorocie, El\u017cbiecie i Edycie za pi\u0119kno ko\u015bcio\u0142a: kwiaty, bielizna o\u0142tarzowa. Wszystkim, kt\u00f3rzy u\u015bwietnili sum\u0119 odpustow\u0105: Ks. Biskupowi, kap\u0142anom z dekanatu, ch\u00f3rowi Con Pasionne, s\u0142u\u017cbie liturgicznej \u2013 ks. Markowi i p. ko\u015bcielnemu Ryszardowi, p. Paw\u0142owi \u2013 organi\u015bcie, Druhom OSP, KGW: Jaworzanki, Florianki, Dary Lasu, Apostolatom Rycerzy Kolumba, M\u0119skiemu \u017bywemu R\u00f3\u017ca\u0144cowi, R\u00f3\u017com \u017bywego R\u00f3\u017ca\u0144ca Ap. Krwi Chrystusa. Wcze\u015bniej msz\u0119 \u015bw. o godz. 10<sup>00 <\/sup>pi\u0119knie muzycznie oprawi\u0142a nasza scholka pod kierownictwem p. Moniki Ch\u0119\u0107. Ciesz\u0119 si\u0119, \u017ce od kilku lat sami organizujemy Parafialny Festyn Rodzinny, wymaga on ogromnego nak\u0142adu pracy i finans\u00f3w, za co jestem z ca\u0142ego serca bardzo wdzi\u0119czny, przede wszystkim Radzie Parafialnej na r\u0119ce p. Romana Piskulaka, KGW Jaworzanki, Florianki, Dary Lasu, Druhom OSP, Szko\u0142om nr. 1 i 2 \u2013 pi\u0119kne wyst\u0119py dzieci i m\u0142odzie\u017cy, Jaworzankom za spektakl \u201ePodzia\u0142 maj\u0105tku\u201d Kapeli Ludowej Bli\u017cej Serca z Bli\u017cyna, dzieciom i m\u0142odzie\u017cy wraz z wychowawcami z klub\u00f3w Wolna Strefa, gastronomi Stowarzyszenia NR, Odnowie w Duchu \u015awi\u0119tym i wszystkim Paniom, kt\u00f3re wypiek\u0142y ciasta, Marcie za zdj\u0119cia, Dyrekcji SP 2 za groch\u00f3wk\u0119, Wodoci\u0105gom Kieleckim, Policji, Nadle\u015bnictwu Zagna\u0144sk oraz znakomitemu konferansjerowi p. Rafa\u0142owi Zawierucha \u2013 kt\u00f3ry nie wzi\u0105\u0142 grosza za animowanie naszego festynu. Relacja tekstowa i fotograficzna <a href=\"http:\/\/www.rozalia-zagnansk.pl\/?p=5391\">dost\u0119pna w galerii<\/a>. Je\u017celi kogokolwiek pomin\u0105\u0142em w wyrazach wdzi\u0119czno\u015bci, to przepraszam a zarazem z serca dzi\u0119kuj\u0119.<\/p>\n<p>Dzisiaj beatyfikacja bohaterskiej rodziny Ulm\u00f3w, transmisja TVP 1: 10<sup>00<\/sup>, w \u015brod\u0119 o 18<sup>30<\/sup> przed nabo\u017ce\u0144stwem Fatimskim w Domu Parafialnym odb\u0119dzie si\u0119 projekcja filmu o b\u0142ogos\u0142awionej rodzinie, ze wzgl\u0119du na ograniczon\u0105 ilo\u015b\u0107 miejsc, prosz\u0119 o zapisy u ks. Marka po mszy \u015bw.<\/p>\n<p>We wtorek zapraszamy Rycerzy Kolumba i ch\u0119tnych Pan\u00f3w w szeregi Rycerskie na spotkanie po mszy \u015bw. o godz. 18<sup>00<\/sup> na plebani\u0119.<\/p>\n<p>W czwartek po mszy \u015bw. zapraszam Rad\u0119 Parafialn\u0105.<\/p>\n<p>W przysz\u0142\u0105 niedziel\u0119 zapraszamy dzieci kl. III i ich rodzic\u00f3w na spotkanie po mszy \u015bw. o 10<sup>00<\/sup>. Natomiast na godz. 16<sup>00<\/sup> zapraszamy rodzic\u00f3w i kandydat\u00f3w do bierzmowania klas VII i VIII.<\/p>\n<p>Ks. Marek zaprasza ministrant\u00f3w i ch\u0119tnych ch\u0142opc\u00f3w na zbi\u00f3rk\u0119 w sobot\u0119 na godz. 10<sup>00<\/sup> do ko\u015bcio\u0142a.<\/p>\n<p>Kancelaria parafialna czynna poniedzia\u0142ek, \u015broda i pi\u0105tek od 16<sup>00<\/sup> do 17<sup>00<\/sup>.<\/p>\n<p>B\u00f3g zap\u0142a\u0107 III gr. Rodzin z Jaworzy za trosk\u0119 o ko\u015bci\u00f3\u0142 i ofiar\u0119 230 z\u0142. W sobot\u0119 po mszy \u015bw. o 8<sup>00 <\/sup>zapraszamy IV gr. Rodz. z Jaworzy. Msza \u015bw. za te rodziny na <strong>Nabo\u017ce\u0144stwie Fatimskim w \u015brod\u0119 o godz. 20<sup>00.<\/sup><\/strong><\/p>\n<p><strong>Adoracja NS pn-wt; czw-pt.<\/strong><\/p>\n<p>Zosta\u0142y ostatnie miejsca do Kalisza, Lichenia, Wroc\u0142awiami Cz\u0119stochowy \u2013 koszt ok. 500 \u2013 550 z\u0142.<\/p>\n<p><a href=\"http:\/\/www.rozalia-zagnansk.pl\/wp-content\/uploads\/2023\/09\/Niedzielnik-10.09.2023.pdf\">Niedzielnik 10.09.2023<\/a><\/p>\n ","protected":false},"excerpt":{"rendered":"<p>Dzi\u0119kuj\u0119 Panu Bogu za dar \u015bwi\u0119ta parafii zwi\u0105zanego z odpustem ku czci \u015bw. Rozalii. R\u00f3wnocze\u015bnie odby\u0142a si\u0119 wizytacja kanoniczna Ks. Bp Mariana [&hellip;]<\/p>\n","protected":false},"author":1,"featured_media":0,"comment_status":"closed","ping_status":"open","sticky":false,"template":"","format":"standard","meta":{"_acf_changed":false,"jetpack_post_was_ever_published":false,"_jetpack_newsletter_access":"","_jetpack_dont_email_post_to_subs":false,"_jetpack_newsletter_tier_id":0,"_jetpack_memberships_contains_paywalled_content":false,"_jetpack_memberships_contains_paid_content":false,"footnotes":"","jetpack_publicize_message":"","jetpack_publicize_feature_enabled":true,"jetpack_social_post_already_shared":true,"jetpack_social_options":{"image_generator_settings":{"template":"highway","enabled":false},"version":2}},"categories":[3],"tags":[],"class_list":["post-5387","post","type-post","status-publish","format-standard","hentry","category-ogloszenia"],"jetpack_publicize_connections":[],"acf":[],"jetpack_featured_media_url":"","jetpack_sharing_enabled":true,"jetpack_shortlink":"https:\/\/wp.me\/paz7cl-1oT","_links":{"self":[{"href":"http:\/\/www.rozalia-zagnansk.pl\/index.php?rest_route=\/wp\/v2\/posts\/5387","targetHints":{"allow":["GET"]}}],"collection":[{"href":"http:\/\/www.rozalia-zagnansk.pl\/index.php?rest_route=\/wp\/v2\/posts"}],"about":[{"href":"http:\/\/www.rozalia-zagnansk.pl\/index.php?rest_route=\/wp\/v2\/types\/post"}],"author":[{"embeddable":true,"href":"http:\/\/www.rozalia-zagnansk.pl\/index.php?rest_route=\/wp\/v2\/users\/1"}],"replies":[{"embeddable":true,"href":"http:\/\/www.rozalia-zagnansk.pl\/index.php?rest_route=%2Fwp%2Fv2%2Fcomments&post=5387"}],"version-history":[{"count":2,"href":"http:\/\/www.rozalia-zagnansk.pl\/index.php?rest_route=\/wp\/v2\/posts\/5387\/revisions"}],"predecessor-version":[{"id":5609,"href":"http:\/\/www.rozalia-zagnansk.pl\/index.php?rest_route=\/wp\/v2\/posts\/5387\/revisions\/5609"}],"wp:attachment":[{"href":"http:\/\/www.rozalia-zagnansk.pl\/index.php?rest_route=%2Fwp%2Fv2%2Fmedia&parent=5387"}],"wp:term":[{"taxonomy":"category","embeddable":true,"href":"http:\/\/www.rozalia-zagnansk.pl\/index.php?rest_route=%2Fwp%2Fv2%2Fcategories&post=5387"},{"taxonomy":"post_tag","embeddable":true,"href":"http:\/\/www.rozalia-zagnansk.pl\/index.php?rest_route=%2Fwp%2Fv2%2Ftags&post=5387"}],"curies":[{"name":"wp","href":"https:\/\/api.w.org\/{rel}","templated":true}]}}