{"id":5383,"date":"2023-09-02T21:49:10","date_gmt":"2023-09-02T21:49:10","guid":{"rendered":"http:\/\/www.rozalia-zagnansk.pl\/?p=5383"},"modified":"2023-09-02T21:49:10","modified_gmt":"2023-09-02T21:49:10","slug":"ogloszenia-duszpasterskie-xxii-niedziela-zwykla-03-09-2023","status":"publish","type":"post","link":"http:\/\/www.rozalia-zagnansk.pl\/?p=5383","title":{"rendered":"Og\u0142oszenia duszpasterskie XXII Niedziela zwyk\u0142a \u2013 03.09.2023"},"content":{"rendered":"<p>Prze\u017cywamy dzisiaj, uprzedzaj\u0105c jutrzejsze wspomnienie liturgiczne \u015bw. Rozalii, odpust parafialny. R\u00f3wnocze\u015bnie trwa wizytacja kanoniczna Ks. Bp Mariana Florczyka, kt\u00f3rego jeszcze raz serdecznie witamy w go\u015bcinnych progach naszej wsp\u00f3lnoty parafialnej.<\/p>\n<p>Po uroczystej sumie wraz z procesj\u0105, rozpoczniemy tradycyjny Parafialny Festyn Rodzinny z wieloma atrakcjami, konferansjerem Rafa\u0142 Zawierucha<\/p>\n<p>Uroczysto\u015bci odpustowe rozpocz\u0119li\u015bmy w sobot\u0119 koncertem pt. \u201eBo ca\u0142y \u015bwiat jest pe\u0142en \u015blad\u00f3w Boga\u201d w wykonaniu naszego Zagna\u0144skiego Ch\u00f3ru Con Passione i Ch\u00f3ru im. Oskara Kolberga w Radomiu, przy tej okazji serdecznie dzi\u0119kuj\u0119, kierownictwu ch\u00f3ru Con Pasionne za organizacj\u0119 wczorajszego koncertu i dzisiejsz\u0105 opraw\u0119 ch\u00f3raln\u0105 sumy odpustowej.<\/p>\n<p>W tym miejscu z ca\u0142ego serca dzi\u0119kuj\u0119 Wszystkim, kt\u00f3rzy przyczynili si\u0119 do g\u0142\u0119bokiego prze\u017cycia \u015bwi\u0119ta parafii \u2013 odpustu \u015bw. Rozalii i w\u0142o\u017cyli ogrom serca w przygotowanie ko\u015bcio\u0142a, otoczenia i w przygotowanie Festynu, z serca dzi\u0119kuj\u0119 a za tydzie\u0144 dokonam tego szczeg\u00f3\u0142owo.<\/p>\n<p><u>Dzisiaj z racji Festynu nie ma Mszy \u015bw. o godz. 16<sup>00<\/sup>!!!<\/u><\/p>\n<p>W nast\u0119pn\u0105 niedziel\u0119, beatyfikacja bohaterskiej rodziny Ulm\u00f3w, zorganizujemy wyjazd na film o tej rodzinie lub wykupimy mo\u017cliwo\u015b\u0107 projekcji w Domu Parafialnym.<\/p>\n<p>W tym tygodniu:<\/p>\n<p style=\"padding-left: 40px;\">I czwartek m-ca Koronka do Krwi Chrystusa<\/p>\n<p style=\"padding-left: 40px;\">08.09. w pi\u0105tek &#8211; \u015awi\u0119to Narodzenia NMP.<\/p>\n<p>Kancelaria parafialna czynna poniedzia\u0142ek, \u015broda i pi\u0105tek od 16<sup>00<\/sup> do 17<sup>00<\/sup>.<\/p>\n<p>B\u00f3g zap\u0142a\u0107 I i II gr. Rodzin z Jaworzy za trosk\u0119 o ko\u015bci\u00f3\u0142 i ofiar\u0119: I gr. 240 z\u0142. II gr. 160 z\u0142. i zakup \u015br. czysto\u015bci. Msza \u015bw. w int. tych Rodzin w \u015brod\u0119. W sobot\u0119 po mszy \u015bw. o 8<sup>00 <\/sup>zapraszamy III gr. Rodz. z Jaworzy.<\/p>\n<p>Przypominam, \u017ce przyjmujemy zapisy na pielgrzymk\u0119 do Kalisza, Lichenia, Wroc\u0142awia i Cz\u0119stochowy w dniach 21-23.09<\/p>\n<p><a href=\"http:\/\/www.rozalia-zagnansk.pl\/wp-content\/uploads\/2023\/09\/Niedzielnik-03.09.2023.pdf\">Niedzielnik 03.09.2023<\/a><\/p>\n ","protected":false},"excerpt":{"rendered":"<p>Prze\u017cywamy dzisiaj, uprzedzaj\u0105c jutrzejsze wspomnienie liturgiczne \u015bw. Rozalii, odpust parafialny. R\u00f3wnocze\u015bnie trwa wizytacja kanoniczna Ks. Bp Mariana Florczyka, kt\u00f3rego jeszcze raz serdecznie [&hellip;]<\/p>\n","protected":false},"author":1,"featured_media":0,"comment_status":"closed","ping_status":"open","sticky":false,"template":"","format":"standard","meta":{"_acf_changed":false,"jetpack_post_was_ever_published":false,"_jetpack_newsletter_access":"","_jetpack_dont_email_post_to_subs":false,"_jetpack_newsletter_tier_id":0,"_jetpack_memberships_contains_paywalled_content":false,"_jetpack_memberships_contains_paid_content":false,"footnotes":"","jetpack_publicize_message":"","jetpack_publicize_feature_enabled":true,"jetpack_social_post_already_shared":true,"jetpack_social_options":{"image_generator_settings":{"template":"highway","enabled":false},"version":2}},"categories":[3],"tags":[],"class_list":["post-5383","post","type-post","status-publish","format-standard","hentry","category-ogloszenia"],"jetpack_publicize_connections":[],"acf":[],"jetpack_featured_media_url":"","jetpack_sharing_enabled":true,"jetpack_shortlink":"https:\/\/wp.me\/paz7cl-1oP","_links":{"self":[{"href":"http:\/\/www.rozalia-zagnansk.pl\/index.php?rest_route=\/wp\/v2\/posts\/5383","targetHints":{"allow":["GET"]}}],"collection":[{"href":"http:\/\/www.rozalia-zagnansk.pl\/index.php?rest_route=\/wp\/v2\/posts"}],"about":[{"href":"http:\/\/www.rozalia-zagnansk.pl\/index.php?rest_route=\/wp\/v2\/types\/post"}],"author":[{"embeddable":true,"href":"http:\/\/www.rozalia-zagnansk.pl\/index.php?rest_route=\/wp\/v2\/users\/1"}],"replies":[{"embeddable":true,"href":"http:\/\/www.rozalia-zagnansk.pl\/index.php?rest_route=%2Fwp%2Fv2%2Fcomments&post=5383"}],"version-history":[{"count":1,"href":"http:\/\/www.rozalia-zagnansk.pl\/index.php?rest_route=\/wp\/v2\/posts\/5383\/revisions"}],"predecessor-version":[{"id":5385,"href":"http:\/\/www.rozalia-zagnansk.pl\/index.php?rest_route=\/wp\/v2\/posts\/5383\/revisions\/5385"}],"wp:attachment":[{"href":"http:\/\/www.rozalia-zagnansk.pl\/index.php?rest_route=%2Fwp%2Fv2%2Fmedia&parent=5383"}],"wp:term":[{"taxonomy":"category","embeddable":true,"href":"http:\/\/www.rozalia-zagnansk.pl\/index.php?rest_route=%2Fwp%2Fv2%2Fcategories&post=5383"},{"taxonomy":"post_tag","embeddable":true,"href":"http:\/\/www.rozalia-zagnansk.pl\/index.php?rest_route=%2Fwp%2Fv2%2Ftags&post=5383"}],"curies":[{"name":"wp","href":"https:\/\/api.w.org\/{rel}","templated":true}]}}