{"id":5365,"date":"2023-08-26T22:40:20","date_gmt":"2023-08-26T22:40:20","guid":{"rendered":"http:\/\/www.rozalia-zagnansk.pl\/?p=5365"},"modified":"2023-08-26T22:40:20","modified_gmt":"2023-08-26T22:40:20","slug":"ogloszenia-duszpasterskie-xxi-niedziela-zwykla-27-08-2023","status":"publish","type":"post","link":"http:\/\/www.rozalia-zagnansk.pl\/?p=5365","title":{"rendered":"Og\u0142oszenia duszpasterskie XXI Niedziela zwyk\u0142a \u2013 27.08.2023"},"content":{"rendered":"<p>W najbli\u017csz\u0105 niedziel\u0119 03.09. uprzedzaj\u0105c wspomnienie liturgiczne z 04.09. \u015bw. Rozalii, b\u0119dziemy prze\u017cywa\u0107 odpust parafialny. Zarazem b\u0119dzie to wizytacja kanoniczna przypadaj\u0105ca co 5 lat. Parafi\u0119 b\u0119dzie wizytowa\u0142 Ks. Bp Marian Florczyk. Jeste\u015bmy ju\u017c po wizytacji ksi\u0119\u017cy z instytucji kurialnych. Program wizytacji w niedziel\u0119:<\/p>\n<p style=\"padding-left: 40px;\"><strong>Godz. 10<sup>00<\/sup><\/strong> na mszy \u015bw. z udzia\u0142em ks. Biskupa b\u0119dziemy si\u0119 modli\u0107 w intencji dzieci, m\u0142odzie\u017cy i Grona Pedagogicznego na rozpocz\u0119cie roku szkolnego. Wtedy po\u015bwi\u0119cimy plecaki i przybory szkolne. R\u00f3wnie\u017c po\u015bwi\u0119cimy \u015bwie\u017c\u0105 malatur\u0119 ko\u015bcio\u0142a i ca\u0142kowicie nowe nag\u0142o\u015bnienie.<\/p>\n<p style=\"padding-left: 40px;\">Po mszy \u015bw. ks. Biskup b\u0119dzie b\u0142ogos\u0142awi\u0142 dzieci.<\/p>\n<p style=\"padding-left: 40px;\"><strong>Godz. 11<sup>30<\/sup> \u2013 <\/strong>odwiedzenie cmentarza parafialnego wraz z modlitw\u0105.<\/p>\n<p style=\"padding-left: 40px;\"><strong>Godz. 12<sup>00<\/sup> \u2013 Suma Odpustowa <\/strong>na kt\u00f3r\u0105 zapraszam wszystkie wsp\u00f3lnoty, grupy formacyjne, KGW, Druh\u00f3w OSP i oczywi\u015bcie Was Parafian.<\/p>\n<p style=\"padding-left: 40px;\">Po uroczystej sumie, tradycyjnie rozpoczniemy <strong>Parafialny Festyn Rodzinny \u2013 <\/strong><a href=\"http:\/\/www.rozalia-zagnansk.pl\/?p=5371\">szczeg\u00f3\u0142y na plakacie<\/a>.<\/p>\n<p>Uroczysto\u015bci odpustowe \u015bw. Rozalii rozpoczniemy w sobot\u0119 o godz. 16<sup>00<\/sup> koncertem w ko\u015bciele<strong>: <\/strong>pt. \u201eBo ca\u0142y \u015bwiat jest pe\u0142en \u015blad\u00f3w Boga\u201d w wykonaniu naszego Zagna\u0144skiego Ch\u00f3ru Con Passione i Ch\u00f3ru im. Oskara Kolberga z Radomia \u2013 <a href=\"http:\/\/www.rozalia-zagnansk.pl\/?p=5367\">szczeg\u00f3\u0142y na plakacie<\/a>.<\/p>\n<p><u>W przysz\u0142\u0105 niedziel\u0119 z racji Festynu nie ma Mszy \u015bw. o godz. 16<sup>00<\/sup>!!!<\/u><\/p>\n<p>W tym roku obchodzimy 84 rocz. wybuchu II wojny \u015bwiatowej. W naszej wsp\u00f3lnocie parafialnej uczcimy to wydarzenie 1 wrze\u015bnia. Podczas Mszy \u015bw. o 18<sup>00<\/sup> b\u0119dziemy si\u0119 modli\u0107 w int. Polskich \u017co\u0142nierzy, kt\u00f3rzy 84 lata temu stan\u0119li w obronie Ojczyzny. Po Eucharystii zapraszamy Parafian na uroczysto\u015b\u0107 z\u0142o\u017cenia kwiat\u00f3w i zniczy na zbiorowej mogile \u017bo\u0142nierzy Polskich, kt\u00f3rzy polegli na ziemi zagna\u0144skiej we wrze\u015bniu 1939 r.<\/p>\n<p>Zapraszamy dzi\u015b po Mszy \u015bw. o godz. 16<sup>00<\/sup> na Wiecz\u00f3r Uwielbienia z modlitw\u0105 o uzdrowienie.<\/p>\n<p>W tym tygodniu:<\/p>\n<p style=\"padding-left: 40px;\"><strong>I Pi\u0105tek<\/strong> \u2013 spowied\u017a od 17<sup>00<\/sup> prosimy, aby dzieci i m\u0142odzie\u017c dobrze rozpocz\u0119li rok szkolny od uporz\u0105dkowania swojego sumienia. Zach\u0119camy do praktykowania I Pi\u0105tk\u00f3w m-ca.<\/p>\n<p style=\"padding-left: 40px;\"><strong>I Sobota<\/strong> \u2013 adoracja Naj\u015bwi\u0119tszego Sakramentu od 7<sup>00<\/sup>, w trakcie kt\u00f3rej M\u0119ski R\u00f3\u017caniec.<\/p>\n<p>Adoracja Naj\u015bwi\u0119tszego Sakramentu od poniedzia\u0142ku do pi\u0105tku od godz. 17<sup>00<\/sup> &#8211; 18<sup>00<\/sup>.<\/p>\n<p>Od wczoraj rozpocz\u0119li\u015bmy Nowenn\u0119 do \u015bw. Rozalii przed Uroczysto\u015bci\u0105 ku Jej czci.<\/p>\n<p>Kancelaria parafialna czynna w poniedzia\u0142ek i pi\u0105tek od 15<sup>00<\/sup> do 16<sup>30<\/sup>.<\/p>\n<p>B\u00f3g zap\u0142a\u0107 III i IV gr. Rodzin z ul. Turystycznej za trosk\u0119 o ko\u015bci\u00f3\u0142 i ofiar\u0119: 400 z\u0142 \u2013 IV Gr. i 100z\u0142 III Gr. Msza \u015bw. w int. tych Rodzin w \u015brod\u0119. W sobot\u0119 po mszy \u015bw. o 8<sup>00 <\/sup>zapraszamy I gr. Rodzin z Jaworzy.<\/p>\n<p>Ks. Marek zaprasza ch\u0119tnych ch\u0142opc\u00f3w na Orlika przy SP nr 2 w \u015brod\u0119 o godz. 11<sup>00<\/sup> \u2013 12<sup>30<\/sup><\/p>\n<p>W najbli\u017csz\u0105 sobot\u0119 ksi\u0105dz uda si\u0119 do Chorych z pos\u0142ug\u0105 sakramentaln\u0105.<\/p>\n<p>Przyjmujemy zapisy na pielgrzymk\u0119 do Kalisza, Lichenia Wroc\u0142awia i Cz\u0119stochowy w dniach 21-23.09. tj. czwartek pi\u0105tek. i sobota.<\/p>\n<p>W ostatnim tygodniu ze wsp\u00f3lnoty parafialnej odesz\u0142y + Kazimiera Stachura z Zache\u0142mia i Stanis\u0142awa Ko\u0142da z Gruszki.<\/p>\n<p><a href=\"http:\/\/www.rozalia-zagnansk.pl\/wp-content\/uploads\/2023\/08\/Komunikat-na-1.09.2023.pdf\">Komunikat na 01.09.2023<\/a><\/p>\n<p><a href=\"http:\/\/www.rozalia-zagnansk.pl\/wp-content\/uploads\/2023\/08\/Niedzielnik-27.08.2023.pdf\">Niedzielnik 27.08.2023<\/a><\/p>\n ","protected":false},"excerpt":{"rendered":"<p>W najbli\u017csz\u0105 niedziel\u0119 03.09. uprzedzaj\u0105c wspomnienie liturgiczne z 04.09. \u015bw. Rozalii, b\u0119dziemy prze\u017cywa\u0107 odpust parafialny. Zarazem b\u0119dzie to wizytacja kanoniczna przypadaj\u0105ca co [&hellip;]<\/p>\n","protected":false},"author":1,"featured_media":0,"comment_status":"closed","ping_status":"open","sticky":false,"template":"","format":"standard","meta":{"_acf_changed":false,"jetpack_post_was_ever_published":false,"_jetpack_newsletter_access":"","_jetpack_dont_email_post_to_subs":false,"_jetpack_newsletter_tier_id":0,"_jetpack_memberships_contains_paywalled_content":false,"_jetpack_memberships_contains_paid_content":false,"footnotes":"","jetpack_publicize_message":"","jetpack_publicize_feature_enabled":true,"jetpack_social_post_already_shared":true,"jetpack_social_options":{"image_generator_settings":{"template":"highway","enabled":false},"version":2}},"categories":[3],"tags":[],"class_list":["post-5365","post","type-post","status-publish","format-standard","hentry","category-ogloszenia"],"jetpack_publicize_connections":[],"acf":[],"jetpack_featured_media_url":"","jetpack_sharing_enabled":true,"jetpack_shortlink":"https:\/\/wp.me\/paz7cl-1ox","_links":{"self":[{"href":"http:\/\/www.rozalia-zagnansk.pl\/index.php?rest_route=\/wp\/v2\/posts\/5365","targetHints":{"allow":["GET"]}}],"collection":[{"href":"http:\/\/www.rozalia-zagnansk.pl\/index.php?rest_route=\/wp\/v2\/posts"}],"about":[{"href":"http:\/\/www.rozalia-zagnansk.pl\/index.php?rest_route=\/wp\/v2\/types\/post"}],"author":[{"embeddable":true,"href":"http:\/\/www.rozalia-zagnansk.pl\/index.php?rest_route=\/wp\/v2\/users\/1"}],"replies":[{"embeddable":true,"href":"http:\/\/www.rozalia-zagnansk.pl\/index.php?rest_route=%2Fwp%2Fv2%2Fcomments&post=5365"}],"version-history":[{"count":1,"href":"http:\/\/www.rozalia-zagnansk.pl\/index.php?rest_route=\/wp\/v2\/posts\/5365\/revisions"}],"predecessor-version":[{"id":5375,"href":"http:\/\/www.rozalia-zagnansk.pl\/index.php?rest_route=\/wp\/v2\/posts\/5365\/revisions\/5375"}],"wp:attachment":[{"href":"http:\/\/www.rozalia-zagnansk.pl\/index.php?rest_route=%2Fwp%2Fv2%2Fmedia&parent=5365"}],"wp:term":[{"taxonomy":"category","embeddable":true,"href":"http:\/\/www.rozalia-zagnansk.pl\/index.php?rest_route=%2Fwp%2Fv2%2Fcategories&post=5365"},{"taxonomy":"post_tag","embeddable":true,"href":"http:\/\/www.rozalia-zagnansk.pl\/index.php?rest_route=%2Fwp%2Fv2%2Ftags&post=5365"}],"curies":[{"name":"wp","href":"https:\/\/api.w.org\/{rel}","templated":true}]}}