{"id":5314,"date":"2023-07-08T23:51:05","date_gmt":"2023-07-08T23:51:05","guid":{"rendered":"http:\/\/www.rozalia-zagnansk.pl\/?p=5314"},"modified":"2023-07-08T23:54:43","modified_gmt":"2023-07-08T23:54:43","slug":"ogloszenia-duszpasterskie-xiv-niedziela-zwykla-09-07-2023","status":"publish","type":"post","link":"http:\/\/www.rozalia-zagnansk.pl\/?p=5314","title":{"rendered":"Og\u0142oszenia duszpasterskie XIV Niedziela Zwyk\u0142a \u2013 09.07.2023"},"content":{"rendered":"<p>B\u00f3g zap\u0142a\u0107 I gr.\u00a0 z O\u015b. Wrzosy\u00a0\u00a0 za trosk\u0119 o ko\u015bci\u00f3\u0142 i ofiar\u0119 260 z\u0142.\u00a0 W sobot\u0119 po mszy \u015bw. o 8<sup>00 <\/sup>zapraszamy II gr.\u00a0 z O\u015b. Wrzosy.<\/p>\n<p>W czwartek zapraszamy na kolejne Nabo\u017ce\u0144stwo Fatimskie. O godz. 20<sup>00<\/sup> Msza \u015bw., r\u00f3\u017caniec i procesja z figur\u0105 Matki Bo\u017cej Fatimskiej wok\u00f3\u0142 ko\u015bcio\u0142a. Przynosimy lampiony.<\/p>\n<p>Adoracja Naj\u015bwi\u0119tszego Sakramentu od poniedzia\u0142ku do pi\u0105tku od godz. 17<sup>00<\/sup> &#8211; 18<sup>00<\/sup> z wyj\u0105tkiem czwartku.<\/p>\n<p>Kancelaria parafialna czynna w \u015brod\u0119 i pi\u0105tek od 16<sup>00<\/sup> do 17<sup>00<\/sup>.<\/p>\n<p>Zapraszamy ch\u0119tne dziewcz\u0119ta i ch\u0119tnych ch\u0142opc\u00f3w uzdolnionych muzycznie na pr\u00f3by scholi w soboty o godz. 10<sup>00 <\/sup>\u00a0w Domu Parafialnym.<\/p>\n<p>Ks. Marek zaprasza ch\u0119tnych ch\u0142opc\u00f3w na boisko przy szkole SP nr 2 w \u015brod\u0119 na godz. 11<sup>00<\/sup>.<\/p>\n<p>W zakrystii s\u0105 do odebrania zdj\u0119cia dzieci z I Komunii \u015awi\u0119tej.<\/p>\n<p>Po raz czterdziesty drugi na szlak p\u0105tniczy wyruszy Kielecka Piesza Pielgrzymka. Pielgrzymi b\u0119d\u0105 mogli przeby\u0107 ca\u0142\u0105 tras\u0119 z Wi\u015blicy przez Kielce na Jasn\u0105 G\u00f3r\u0119, ale istnieje te\u017c mo\u017cliwo\u015b\u0107 pielgrzymowania tylko na wybranych odcinkach. Zapisy potrwaj\u0105 do 4 sierpnia i b\u0119d\u0105 odbywa\u0142y si\u0119 ON-LINE. Formularz zg\u0142oszeniowy, regulamin i bli\u017csze informacje na facebooku pielgrzymkowym oraz na stronie internetowej: <a href=\"http:\/\/www.pielgrzymka.kielce.pl\">www.pielgrzymka.kielce.pl<\/a>. Zapraszamy ka\u017cdego kto pragnie odnale\u017a\u0107 sens wiary i prze\u017cy\u0107 rekolekcje w drodze.<\/p>\n<p>Z naszej wsp\u00f3lnoty parafialnej w ostatnim tygodniu odesz\u0142y + Stanis\u0142awa Przychodzka i + Zofia Wawrze\u0144czyk z Belna. Polecajmy Je i naszych bliskich Bo\u017cemu Mi\u0142osierdziu.<\/p>\n<p><a href=\"http:\/\/www.rozalia-zagnansk.pl\/wp-content\/uploads\/2023\/07\/Niedzielnik-09.07.2023-1.pdf\">Niedzielnik 09.07.2023<\/a><\/p>\n ","protected":false},"excerpt":{"rendered":"<p>B\u00f3g zap\u0142a\u0107 I gr.\u00a0 z O\u015b. Wrzosy\u00a0\u00a0 za trosk\u0119 o ko\u015bci\u00f3\u0142 i ofiar\u0119 260 z\u0142.\u00a0 W sobot\u0119 po mszy \u015bw. o 800 [&hellip;]<\/p>\n","protected":false},"author":1,"featured_media":0,"comment_status":"closed","ping_status":"open","sticky":false,"template":"","format":"standard","meta":{"_acf_changed":false,"jetpack_post_was_ever_published":false,"_jetpack_newsletter_access":"","_jetpack_dont_email_post_to_subs":false,"_jetpack_newsletter_tier_id":0,"_jetpack_memberships_contains_paywalled_content":false,"_jetpack_memberships_contains_paid_content":false,"footnotes":"","jetpack_publicize_message":"","jetpack_publicize_feature_enabled":true,"jetpack_social_post_already_shared":true,"jetpack_social_options":{"image_generator_settings":{"template":"highway","enabled":false},"version":2}},"categories":[3],"tags":[],"class_list":["post-5314","post","type-post","status-publish","format-standard","hentry","category-ogloszenia"],"jetpack_publicize_connections":[],"acf":[],"jetpack_featured_media_url":"","jetpack_sharing_enabled":true,"jetpack_shortlink":"https:\/\/wp.me\/paz7cl-1nI","_links":{"self":[{"href":"http:\/\/www.rozalia-zagnansk.pl\/index.php?rest_route=\/wp\/v2\/posts\/5314","targetHints":{"allow":["GET"]}}],"collection":[{"href":"http:\/\/www.rozalia-zagnansk.pl\/index.php?rest_route=\/wp\/v2\/posts"}],"about":[{"href":"http:\/\/www.rozalia-zagnansk.pl\/index.php?rest_route=\/wp\/v2\/types\/post"}],"author":[{"embeddable":true,"href":"http:\/\/www.rozalia-zagnansk.pl\/index.php?rest_route=\/wp\/v2\/users\/1"}],"replies":[{"embeddable":true,"href":"http:\/\/www.rozalia-zagnansk.pl\/index.php?rest_route=%2Fwp%2Fv2%2Fcomments&post=5314"}],"version-history":[{"count":3,"href":"http:\/\/www.rozalia-zagnansk.pl\/index.php?rest_route=\/wp\/v2\/posts\/5314\/revisions"}],"predecessor-version":[{"id":5321,"href":"http:\/\/www.rozalia-zagnansk.pl\/index.php?rest_route=\/wp\/v2\/posts\/5314\/revisions\/5321"}],"wp:attachment":[{"href":"http:\/\/www.rozalia-zagnansk.pl\/index.php?rest_route=%2Fwp%2Fv2%2Fmedia&parent=5314"}],"wp:term":[{"taxonomy":"category","embeddable":true,"href":"http:\/\/www.rozalia-zagnansk.pl\/index.php?rest_route=%2Fwp%2Fv2%2Fcategories&post=5314"},{"taxonomy":"post_tag","embeddable":true,"href":"http:\/\/www.rozalia-zagnansk.pl\/index.php?rest_route=%2Fwp%2Fv2%2Ftags&post=5314"}],"curies":[{"name":"wp","href":"https:\/\/api.w.org\/{rel}","templated":true}]}}