{"id":5299,"date":"2023-06-24T21:20:28","date_gmt":"2023-06-24T21:20:28","guid":{"rendered":"http:\/\/www.rozalia-zagnansk.pl\/?p=5299"},"modified":"2023-06-24T21:20:28","modified_gmt":"2023-06-24T21:20:28","slug":"ogloszenia-duszpasterskie-xii-niedziela-zw-25-06-2023","status":"publish","type":"post","link":"http:\/\/www.rozalia-zagnansk.pl\/?p=5299","title":{"rendered":"Og\u0142oszenia duszpasterskie XII Niedziela zw. \u2013 25.06.2023"},"content":{"rendered":"<p>Do ka\u017cdego wi\u0119c, kto si\u0119 przyzna do Mnie przed lud\u017ami, przyznam si\u0119 i Ja przed moim Ojcem, kt\u00f3ry jest w niebie. Lecz kto si\u0119 Mnie zaprze przed lud\u017ami, tego zapr\u0119 si\u0119 i Ja przed moim Ojcem, kt\u00f3ry jest w niebie\u00bb. Czas wiary, czas bohater\u00f3w, czas \u015bwiadk\u00f3w. Dobrze, \u017ce przysz\u0142y takie czasy, \u017ce nie mo\u017cna chowa\u0107 g\u0142owy w piasek i by\u0107 oboj\u0119tnym wobec tego co jest \u015bwi\u0119te w naszym \u017cyciu, wobec deptania naszej wiary. S\u0142owo jest jednoznaczne, albo si\u0119 przyznajemy do Pana Boga, albo udajemy, \u017ce Go nie znamy \u2013 w\u00f3wczas On si\u0119 do nas r\u00f3wnie\u017c nie przyzna.<\/p>\n<p>Dzisiaj odb\u0119dzie si\u0119 po mszy \u015bw. o 16<sup>00 <\/sup><strong>uwielbienie<\/strong> i <strong>dzi\u0119kczynienie<\/strong> &#8211; z udzia\u0142em i b\u0142ogos\u0142awie\u0144stwem dzieci \u2013 zapraszamy.<\/p>\n<p>Ks. Biskup Marian prosi\u0142, aby przekaza\u0107 jego s\u0142owa wdzi\u0119czno\u015bci za sakr. bierzmowania, M\u0142odym za ich uczestnictwo i modlitw\u0119, Rodzicom za dar wychowywania i \u015bwiadectwo wiary i Wszystkim, kt\u00f3rzy mieli sw\u00f3j wk\u0142ad to do\u015bwiadczenie wylania Ducha \u015awi\u0119tego na m\u0142odzie\u017c. Ja oczywi\u015bcie do\u0142\u0105czam si\u0119 do tych podzi\u0119kowa\u0144, dzi\u0119kuj\u0105c za pi\u0119kn\u0105 liturgi\u0119 pe\u0142n\u0105 znak\u00f3w i wyja\u015bnie\u0144 sprawowan\u0105 przez ks. Biskupa. Ks. Markowi za ca\u0142oroczn\u0105 prac\u0119 z m\u0142odzie\u017c\u0105 na katechizacji i bezpo\u015brednie przygotowanie do sakramentu. Animatorom OwD\u015aw. I Wam rodzicom, szczeg\u00f3lnie tym kilku, kt\u00f3rzy wzi\u0119li odpowiedzialno\u015b\u0107 za wszystkich Rodzic\u00f3w oraz za dar o\u0142tarza \u2013 obrusy. Dzi\u0119kuj\u0119 Wam Drodzy za dar modlitwy. M\u0142odzi dajcie teraz \u015bwiadectwo waszej dojrza\u0142o\u015bci w wierze.<\/p>\n<p>W tym tygodniu \u2013 <strong>Czwartek<\/strong> \u2013 Uroczysto\u015b\u0107 \u015bw. Piotra i \u015bw. Paw\u0142a; <strong>I Sobota<\/strong> m-ca. Adoracja \u00a0i M\u0119ski R\u00f3\u017caniec od 7<sup>00<\/sup>. Ksi\u0105dz uda si\u0119 z pos\u0142ug\u0105 do chorych.<\/p>\n<p>Cz\u0119\u015bciowe zako\u0144czyli\u015bmy remont ko\u015bcio\u0142a, tj. koszt ok. 70 tys. z\u0142. Finalnie nast\u0105pi\u0142a ca\u0142kowita wymiana nag\u0142o\u015bnienia w nowej cyfrowej technologii, koszt 83 tys. z\u0142. Wymienili\u015bmy wszystkie \u017car\u00f3wki w ko\u015bciele i do\u0142o\u017cyli\u015bmy dodatkowe \u017ar\u00f3d\u0142a \u015bwiat\u0142a. B\u00f3g zap\u0142a\u0107 za ofiarno\u015b\u0107.<\/p>\n<p>Jak informowa\u0142em nie dosz\u0142a do skutku pielgrzymka do Medjugorie we wcze\u015bniejszych terminach. Wraz z biurem pielgrzymkowym organizujemy od 16 -23.09.2023 r. szczeg\u00f3\u0142y na <a href=\"http:\/\/www.rozalia-zagnansk.pl\/wp-content\/uploads\/2023\/06\/Medjugorie-16-23.09.2023.jpg\">plakacie<\/a>.<\/p>\n<p>Ks. Marek zaprasza ch\u0119tnych ch\u0142opc\u00f3w na boisko przy szkole SP nr 2 w \u015brod\u0119 na godz. 11<sup>00<\/sup>.<\/p>\n<p>Pomimo trudno\u015bci organizujemy Parafialny Festyn Rodzinny w dniu 03.09 w odpust parafii. Je\u017celi kto\u015b pragnie si\u0119 zaanga\u017cowa\u0107, opr\u00f3cz tych Parafian, na kt\u00f3rych zawsze mo\u017cna liczy\u0107, wspom\u00f3c materialnie lub finansowo organizacj\u0119, to serdecznie prosz\u0119.<\/p>\n<p>Adoracja Naj\u015bwi\u0119tszego Sakramentu od pon. do pt. od godz. 17<sup>00<\/sup> &#8211; 18<sup>00<\/sup>.<\/p>\n<p>Kancelaria parafialna czynna w poniedzia\u0142ek, \u015brod\u0119 i pi\u0105tek od 16<sup>00<\/sup> do 17<sup>00<\/sup>.<\/p>\n<p>B\u00f3g zap\u0142a\u0107 VII gr. z Belna za trosk\u0119 o ko\u015bci\u00f3\u0142 i ofiar\u0119 360 z\u0142.\u00a0 W sobot\u0119 po mszy \u015bw. o 8<sup>00<\/sup>. zapraszam VIII gr.<\/p>\n<p><a href=\"http:\/\/www.rozalia-zagnansk.pl\/wp-content\/uploads\/2023\/06\/Niedzielnik-2023.06.25.pdf\">Niedzielnik 2023.06.25<\/a><\/p>\n ","protected":false},"excerpt":{"rendered":"<p>Do ka\u017cdego wi\u0119c, kto si\u0119 przyzna do Mnie przed lud\u017ami, przyznam si\u0119 i Ja przed moim Ojcem, kt\u00f3ry jest w niebie. Lecz [&hellip;]<\/p>\n","protected":false},"author":1,"featured_media":0,"comment_status":"closed","ping_status":"open","sticky":false,"template":"","format":"standard","meta":{"_acf_changed":false,"jetpack_post_was_ever_published":false,"_jetpack_newsletter_access":"","_jetpack_dont_email_post_to_subs":false,"_jetpack_newsletter_tier_id":0,"_jetpack_memberships_contains_paywalled_content":false,"_jetpack_memberships_contains_paid_content":false,"footnotes":"","jetpack_publicize_message":"","jetpack_publicize_feature_enabled":true,"jetpack_social_post_already_shared":true,"jetpack_social_options":{"image_generator_settings":{"template":"highway","enabled":false},"version":2}},"categories":[3],"tags":[],"class_list":["post-5299","post","type-post","status-publish","format-standard","hentry","category-ogloszenia"],"jetpack_publicize_connections":[],"acf":[],"jetpack_featured_media_url":"","jetpack_sharing_enabled":true,"jetpack_shortlink":"https:\/\/wp.me\/paz7cl-1nt","_links":{"self":[{"href":"http:\/\/www.rozalia-zagnansk.pl\/index.php?rest_route=\/wp\/v2\/posts\/5299","targetHints":{"allow":["GET"]}}],"collection":[{"href":"http:\/\/www.rozalia-zagnansk.pl\/index.php?rest_route=\/wp\/v2\/posts"}],"about":[{"href":"http:\/\/www.rozalia-zagnansk.pl\/index.php?rest_route=\/wp\/v2\/types\/post"}],"author":[{"embeddable":true,"href":"http:\/\/www.rozalia-zagnansk.pl\/index.php?rest_route=\/wp\/v2\/users\/1"}],"replies":[{"embeddable":true,"href":"http:\/\/www.rozalia-zagnansk.pl\/index.php?rest_route=%2Fwp%2Fv2%2Fcomments&post=5299"}],"version-history":[{"count":1,"href":"http:\/\/www.rozalia-zagnansk.pl\/index.php?rest_route=\/wp\/v2\/posts\/5299\/revisions"}],"predecessor-version":[{"id":5302,"href":"http:\/\/www.rozalia-zagnansk.pl\/index.php?rest_route=\/wp\/v2\/posts\/5299\/revisions\/5302"}],"wp:attachment":[{"href":"http:\/\/www.rozalia-zagnansk.pl\/index.php?rest_route=%2Fwp%2Fv2%2Fmedia&parent=5299"}],"wp:term":[{"taxonomy":"category","embeddable":true,"href":"http:\/\/www.rozalia-zagnansk.pl\/index.php?rest_route=%2Fwp%2Fv2%2Fcategories&post=5299"},{"taxonomy":"post_tag","embeddable":true,"href":"http:\/\/www.rozalia-zagnansk.pl\/index.php?rest_route=%2Fwp%2Fv2%2Ftags&post=5299"}],"curies":[{"name":"wp","href":"https:\/\/api.w.org\/{rel}","templated":true}]}}