{"id":5163,"date":"2023-02-18T21:46:39","date_gmt":"2023-02-18T21:46:39","guid":{"rendered":"http:\/\/www.rozalia-zagnansk.pl\/?p=5163"},"modified":"2023-02-19T20:41:53","modified_gmt":"2023-02-19T20:41:53","slug":"ogloszenia-duszpasterskie-19-02-2023","status":"publish","type":"post","link":"http:\/\/www.rozalia-zagnansk.pl\/?p=5163","title":{"rendered":"Og\u0142oszenia duszpasterskie 19.02.2023"},"content":{"rendered":"<p>A Ja wam powiadam: Mi\u0142ujcie waszych nieprzyjaci\u00f3\u0142 i m\u00f3dlcie si\u0119 za tych, kt\u00f3rzy was prze\u015bladuj\u0105, aby\u015bcie si\u0119 stali synami Ojca waszego, kt\u00f3ry jest w niebie; Prawo Starego Przymierza zaleca\u0142o odwet za uczynione z\u0142o \u2013 to by\u0142o stopniowe wychowywanie Izraela, maj\u0105ce wyprowadzi\u0107 go z prawa odwetu ku kulturze mi\u0142o\u015bci. Jezus idzie krok dalej: Wy zatem b\u0119dziecie tak doskonali, jak doskona\u0142y jest wasz Ojciec niebieski. To ju\u017c nie propozycja, ale wym\u00f3g, aby doj\u015b\u0107 do domu Ojca. Doskonale wiemy jakie to jest trudne w do\u015bwiadczeniu krzywdy, nie tylko zaniecha\u0107 odwetu ale mi\u0142owa\u0107, to jest tylko mo\u017cliwe dzi\u0119ki mocy Bo\u017cej, a wchodzimy w jej kr\u0105g, przez modlitw\u0119 serca.<\/p>\n<p>W \u015brod\u0119 rozpoczynamy czas <strong>Wielkiego Postu<\/strong>. \u015aroda Popielcowa\u00a0 i jej symbol posypania g\u0142\u00f3w popio\u0142em wzywa nas do refleksji nad swoim \u017cyciem. Czterdziestodniowy post, kt\u00f3ry rozpoczniemy\u00a0 w tym szczeg\u00f3lnym i tragicznym czasie dla narodu ukrai\u0144skiego, mo\u017ce nam pom\u00f3c uregulowa\u0107 nasze \u017cycie wewn\u0119trzne, a zewn\u0119trzne znaki: modlitwy, postu i ja\u0142mu\u017cny maj\u0105 s\u0142u\u017cy\u0107 tej przemianie. Zapraszam na msze \u015bw. o godz. <strong>11<sup>00<\/sup> <\/strong>i <strong>17<sup>00<\/sup><\/strong>. Prosz\u0119 miejmy odwag\u0119, aby podj\u0105\u0107 w tym czasie konkretne wyrzeczenia, w intencji pokoju. Szczeg\u00f3lnie abstynencji od alkoholu i innych uzale\u017cnie\u0144, odj\u0105\u0107 sobie pokarmu, szczeg\u00f3lnie poprzez post o chlebie i wodzie \u2013 raz w tygodniu i praktykowanie konkretnej mi\u0142o\u015bci, \u017cyczliwo\u015bci wobec siebie. Niech nam w tym pomagaj\u0105 nabo\u017ce\u0144stwa: <strong>Drogi Krzy\u017cowej<\/strong> w pi\u0105tki godz. <strong>17<sup>30<\/sup><\/strong> po mszy \u015bw. <strong>Gorzkich \u017bali<\/strong> w niedziele przed msz\u0105 \u015bw. godz. <strong>15<sup>30<\/sup><\/strong>.<\/p>\n<p>Pierwsza Droga Krzy\u017cowa b\u0119dzie nasz\u0105 modlitw\u0105 przeb\u0142agaln\u0105 w intencji narodu ukrai\u0144skiego i rosyjskiego w rocznic\u0119 napa\u015bci Rosji na Ukrain\u0119. Poprowadz\u0105 j\u0105 Panowie z M\u0119skiego R\u00f3\u017ca\u0144ca i Rycerze Kolumba.<\/p>\n<p>Dzisiaj po mszach \u015bw. zbi\u00f3rka na pomoc poszkodowanym przez trz\u0119sienie ziemi w Turcji i Syrii.<\/p>\n<p>Adoracja NS \u2013 od poniedzia\u0142ku do pi\u0105tku od 16<sup>00<\/sup>, wtedy spowiadamy.<\/p>\n<p>Kancelaria parafialna czynna w poniedzia\u0142ek i \u015brod\u0119 od 15<sup>00<\/sup> \u2013 16<sup>00<\/sup>.<\/p>\n<p>Podejmujemy apel ks. abp. Stanis\u0142awa G\u0105deckiego, Przewodnicz\u0105cego Konferencji Episkopatu Polski, wystosowany z racji pierwszej rocznicy agresji rosyjskiej na Ukrain\u0119 i zwracamy si\u0119 do wszystkich wiernych \u015bwieckich i duchownych Diecezji Kieleckiej z pro\u015bb\u0105, aby w pi\u0105tek 24 lutego br. we wszystkich ko\u015bcio\u0142ach modli\u0107 si\u0119 o sprawiedliwy pok\u00f3j w Ukrainie, a w niedziel\u0119 26 lutego br. po ka\u017cdej Mszy \u015bw. zorganizowa\u0107 zbi\u00f3rk\u0119 \u015brodk\u00f3w finansowych na pomoc ofiarom wojny.<\/p>\n<p>W zakrystii jest do nabycia tygodnik Niedziela. Zach\u0119camy do zapoznania si\u0119 z artyku\u0142em zamieszczonym w dodatku Diecezji Kieleckiej, znajduje si\u0119 w nim relacja z obchod\u00f3w 160. rocznicy wybuchu powstania styczniowego, kt\u00f3re zosta\u0142y przygotowane przez Rad\u0119 Parafialn\u0105\u00a0 jako wyraz aktywno\u015bci w naszej spo\u0142eczno\u015bci lokalnej. R\u00f3wnie\u017c jest wiele ciekawych artyku\u0142\u00f3w miedzy innym o O\u015brodku dla Os\u00f3b Uzale\u017cnionych w Ch\u0119cinach u O. Franciszk\u00f3w. Przy tej okazji pojawia si\u0119 pytanie o zainteresowanie indywidualn\u0105 prenumerat\u0105 przez parafi\u0119 Tygodnika Niedzieli. Zach\u0119cam, bowiem znacz\u0105co zmieni\u0142a si\u0119 tre\u015b\u0107 i zawarto\u015b\u0107 Tygodnika.<\/p>\n<p>B\u00f3g zap\u0142a\u0107 IV gr. Rodzin z Lekomina za trosk\u0119 o ko\u015bci\u00f3\u0142 i ofiar\u0119 200 z\u0142. W sobot\u0119 zapraszam o godz. 9<sup>00<\/sup> kolejne 10 Rodzin V gr. z Lekomina.<\/p>\n<p>Planujemy wraz z Panami z M\u0119skiego R\u00f3\u017ca\u0144ca pielgrzymk\u0119 do Medjugorie\u00a0 w dniach 05.08 \u2013 12.08.2023 r. koszt ok. 2200 \u2013 2400 z\u0142. Wyjazd dojdzie do skutku gdy do ko\u0144ca marca zbierzemy kompletn\u0105 grup\u0119 ch\u0119tnych.<\/p>\n<p>Gratulujemy ks. Markowi &#8211; kapitanowi i kap\u0142anom reprezentuj\u0105cym, Reprezentacj\u0119 Polski Ksi\u0119\u017cy, \u00a0obrony tytu\u0142u Mistrz\u00f3w Europy w trakcie mistrzostw w Rumuni.\u00a0 Kolejny tytu\u0142 mistrzowski wzywa do g\u0142\u0119bszych relacji z jedynym Mistrzem Jezusem Chrystusem.<\/p>\n<p>Jest wolna Gregorianka w listopadzie.<\/p>\n<p><a href=\"http:\/\/www.rozalia-zagnansk.pl\/wp-content\/uploads\/2023\/02\/Apel-przewodnicz\u0105cego-KEP-w-pierwsz\u0105-rocznic\u0119-wybuchu-wojny-na-Ukrainie.pdf\">Apel przewodnicz\u0105cego KEP w pierwsz\u0105 rocznic\u0119 wybuchu wojny na Ukrainie<\/a><\/p>\n<p><a href=\"http:\/\/www.rozalia-zagnansk.pl\/wp-content\/uploads\/2023\/02\/Niedzielnik-2023.02.19-2.pdf\">Niedzielnik-2023.02.19<\/a><\/p>\n ","protected":false},"excerpt":{"rendered":"<p>A Ja wam powiadam: Mi\u0142ujcie waszych nieprzyjaci\u00f3\u0142 i m\u00f3dlcie si\u0119 za tych, kt\u00f3rzy was prze\u015bladuj\u0105, aby\u015bcie si\u0119 stali synami Ojca waszego, kt\u00f3ry [&hellip;]<\/p>\n","protected":false},"author":1,"featured_media":0,"comment_status":"closed","ping_status":"open","sticky":false,"template":"","format":"standard","meta":{"_acf_changed":false,"jetpack_post_was_ever_published":false,"_jetpack_newsletter_access":"","_jetpack_dont_email_post_to_subs":false,"_jetpack_newsletter_tier_id":0,"_jetpack_memberships_contains_paywalled_content":false,"_jetpack_memberships_contains_paid_content":false,"footnotes":"","jetpack_publicize_message":"","jetpack_publicize_feature_enabled":true,"jetpack_social_post_already_shared":true,"jetpack_social_options":{"image_generator_settings":{"template":"highway","enabled":false},"version":2}},"categories":[3],"tags":[],"class_list":["post-5163","post","type-post","status-publish","format-standard","hentry","category-ogloszenia"],"jetpack_publicize_connections":[],"acf":[],"jetpack_featured_media_url":"","jetpack_sharing_enabled":true,"jetpack_shortlink":"https:\/\/wp.me\/paz7cl-1lh","_links":{"self":[{"href":"http:\/\/www.rozalia-zagnansk.pl\/index.php?rest_route=\/wp\/v2\/posts\/5163","targetHints":{"allow":["GET"]}}],"collection":[{"href":"http:\/\/www.rozalia-zagnansk.pl\/index.php?rest_route=\/wp\/v2\/posts"}],"about":[{"href":"http:\/\/www.rozalia-zagnansk.pl\/index.php?rest_route=\/wp\/v2\/types\/post"}],"author":[{"embeddable":true,"href":"http:\/\/www.rozalia-zagnansk.pl\/index.php?rest_route=\/wp\/v2\/users\/1"}],"replies":[{"embeddable":true,"href":"http:\/\/www.rozalia-zagnansk.pl\/index.php?rest_route=%2Fwp%2Fv2%2Fcomments&post=5163"}],"version-history":[{"count":4,"href":"http:\/\/www.rozalia-zagnansk.pl\/index.php?rest_route=\/wp\/v2\/posts\/5163\/revisions"}],"predecessor-version":[{"id":5173,"href":"http:\/\/www.rozalia-zagnansk.pl\/index.php?rest_route=\/wp\/v2\/posts\/5163\/revisions\/5173"}],"wp:attachment":[{"href":"http:\/\/www.rozalia-zagnansk.pl\/index.php?rest_route=%2Fwp%2Fv2%2Fmedia&parent=5163"}],"wp:term":[{"taxonomy":"category","embeddable":true,"href":"http:\/\/www.rozalia-zagnansk.pl\/index.php?rest_route=%2Fwp%2Fv2%2Fcategories&post=5163"},{"taxonomy":"post_tag","embeddable":true,"href":"http:\/\/www.rozalia-zagnansk.pl\/index.php?rest_route=%2Fwp%2Fv2%2Ftags&post=5163"}],"curies":[{"name":"wp","href":"https:\/\/api.w.org\/{rel}","templated":true}]}}