{"id":5154,"date":"2023-02-13T07:19:24","date_gmt":"2023-02-13T07:19:24","guid":{"rendered":"http:\/\/www.rozalia-zagnansk.pl\/?p=5154"},"modified":"2023-02-13T07:19:24","modified_gmt":"2023-02-13T07:19:24","slug":"ekumeniczne-koledowanie","status":"publish","type":"post","link":"http:\/\/www.rozalia-zagnansk.pl\/?p=5154","title":{"rendered":"Ekumeniczne kol\u0119dowanie"},"content":{"rendered":"<p>Na zako\u0144czenie tradycyjnie d\u0142ugiego na Ukrainie okresu Bo\u017cego Narodzenia we Lwowie odby\u0142o si\u0119 Ekumeniczne kol\u0119dowanie. Referent do spraw ekumenicznych Metropolitalnej Kurii ks. Grzegorz Draus zaprosi\u0142 do ko\u015bcio\u0142a \u015bw. Jana Paw\u0142a II przedstawicieli r\u00f3\u017cnych wyzna\u0144, by opr\u00f3cz wykonane a kol\u0119d duchowni poszczeg\u00f3lnych konfesji wyg\u0142osili kazania. Z Prawos\u0142awnego Ko\u015bcio\u0142a Ukrainy przyby\u0142i czterech kap\u0142an\u00f3w. Wraz z przedstawicielem katolickiej Kurii o Rostys\u0142awem Budzanem poprowadzili nabo\u017ce\u0144stwo wschodniego obrz\u0105dku o Narodzeniu Pa\u0144skim. Igumen prawos\u0142awnego monastyru o.Kyprian \u0141ozi\u0144ski wyg\u0142osi\u0142 kazanie o jedno\u015bci chrze\u015bcijan. Ko\u015bci\u00f3\u0142 Chrze\u015bcijan Wiary Ewangelickiej &#8211; zb\u00f3r &#8222;Zmartwychwstanie&#8221; przyjecha\u0142 z kilkudziesi\u0119cioosobowym m\u0142odzie\u017cowym ch\u00f3rem. Zb\u00f3r funkcjonowa\u0142 podczas komunistycznych prze\u015bladowa\u0144, ich pastor Wasyl Bojeczko kilka lat sp\u0119dzi\u0142 w wi\u0119zieniach. Pomimo tego wsp\u00f3lnota bujnie rozwija\u0142a si\u0119.<\/p>\n<p>M\u0142odzie\u017c w ch\u00f3rze w wi\u0119kszo\u015bci pochodzi z wielodzietnych rodzin, dbaj\u0105cych o przekazywanie wiary dzieciom. Pastor m\u00f3wi\u0142 kazanie &#8222;O Naj\u015bwi\u0119tszej Maryi Pannie, jej pokorze i wierze&#8221;. Pastor Wasyl Bojeczko od pocz\u0105tku wolno\u015bci religijnej g\u0142osi\u0142 cotygodniowe kazanie we lwowskiej telewizji. Zesp\u00f3\u0142 &#8222;Bo\u017ce pere\u0142ki&#8221; z rzymsko-katoliciej Parafii \u015bw. Jana Paw\u0142a II we Lwowie, kt\u00f3ra z proboszczem ks. Grzegorzem Drausem przyjmowa\u0142a go\u015bci, z m\u0142odym wirtuozem Dany\u0142om Petrenko w skrzypackim trio wykonywa\u0142 popularne kol\u0119dy. Przedstawiciel administracji wojskowej, aktualnie sprawuj\u0105ce wszelkie kierownicze funkcje na Ukrainie Oleksanda Janowicz zwr\u00f3ci\u0142a uwag\u0119 na ogromn\u0105 trosk\u0119 wsp\u00f3lnot ko\u015bcielnych o ofiary wojny, co wzorcowo wciela w \u017cycie przes\u0142anie Narodzenie Zbawiciela. W\u015br\u00f3d uczestnik\u00f3w wydarzeniu by\u0142o wielu uchod\u017ac\u00f3w, zar\u00f3wno mieszkaj\u0105cy w Domu \u015bw. Jana Pawla II jak te\u017c korzystajacych z \u017cywno\u015bciowej pomocy tutaj udzielanej.<br \/>\nWszyscy wsp\u00f3lnie wykonali hymn Parafii \u015bw. Jana Paw\u0142a II oraz kol\u0119dy. Wsp\u00f3lna agapa pomog\u0142a w budowaniu mi\u0119dzywyznaniowych wi\u0119z\u00f3w.<\/p>\n<p style=\"text-align: right;\">ks.Grzegorz Draus<\/p>\n<div id='gallery-1' class='gallery galleryid-5154 gallery-columns-3 gallery-size-thumbnail'><figure class='gallery-item'>\n\t\t\t<div class='gallery-icon portrait'>\n\t\t\t\t<a href='http:\/\/www.rozalia-zagnansk.pl\/wp-content\/uploads\/2023\/02\/IMG_8485.jpg'><img decoding=\"async\" width=\"150\" height=\"150\" src=\"http:\/\/www.rozalia-zagnansk.pl\/wp-content\/uploads\/2023\/02\/IMG_8485-150x150.jpg\" class=\"attachment-thumbnail size-thumbnail\" alt=\"\" \/><\/a>\n\t\t\t<\/div><\/figure><figure class='gallery-item'>\n\t\t\t<div class='gallery-icon portrait'>\n\t\t\t\t<a href='http:\/\/www.rozalia-zagnansk.pl\/wp-content\/uploads\/2023\/02\/IMG_8494.jpg'><img decoding=\"async\" width=\"150\" height=\"150\" src=\"http:\/\/www.rozalia-zagnansk.pl\/wp-content\/uploads\/2023\/02\/IMG_8494-150x150.jpg\" class=\"attachment-thumbnail size-thumbnail\" alt=\"\" \/><\/a>\n\t\t\t<\/div><\/figure><figure class='gallery-item'>\n\t\t\t<div class='gallery-icon portrait'>\n\t\t\t\t<a href='http:\/\/www.rozalia-zagnansk.pl\/wp-content\/uploads\/2023\/02\/IMG_8499.jpg'><img decoding=\"async\" width=\"150\" height=\"150\" src=\"http:\/\/www.rozalia-zagnansk.pl\/wp-content\/uploads\/2023\/02\/IMG_8499-150x150.jpg\" class=\"attachment-thumbnail size-thumbnail\" alt=\"\" \/><\/a>\n\t\t\t<\/div><\/figure><figure class='gallery-item'>\n\t\t\t<div class='gallery-icon portrait'>\n\t\t\t\t<a href='http:\/\/www.rozalia-zagnansk.pl\/wp-content\/uploads\/2023\/02\/IMG_8516.jpg'><img loading=\"lazy\" decoding=\"async\" width=\"150\" height=\"150\" src=\"http:\/\/www.rozalia-zagnansk.pl\/wp-content\/uploads\/2023\/02\/IMG_8516-150x150.jpg\" class=\"attachment-thumbnail size-thumbnail\" alt=\"\" \/><\/a>\n\t\t\t<\/div><\/figure><figure class='gallery-item'>\n\t\t\t<div class='gallery-icon portrait'>\n\t\t\t\t<a href='http:\/\/www.rozalia-zagnansk.pl\/wp-content\/uploads\/2023\/02\/IMG_8535.jpg'><img loading=\"lazy\" decoding=\"async\" width=\"150\" height=\"150\" src=\"http:\/\/www.rozalia-zagnansk.pl\/wp-content\/uploads\/2023\/02\/IMG_8535-150x150.jpg\" class=\"attachment-thumbnail size-thumbnail\" alt=\"\" \/><\/a>\n\t\t\t<\/div><\/figure><figure class='gallery-item'>\n\t\t\t<div class='gallery-icon portrait'>\n\t\t\t\t<a href='http:\/\/www.rozalia-zagnansk.pl\/wp-content\/uploads\/2023\/02\/IMG-a673e1788b46d2806601bceb709853ca-V.jpg'><img loading=\"lazy\" decoding=\"async\" width=\"150\" height=\"150\" src=\"http:\/\/www.rozalia-zagnansk.pl\/wp-content\/uploads\/2023\/02\/IMG-a673e1788b46d2806601bceb709853ca-V-150x150.jpg\" class=\"attachment-thumbnail size-thumbnail\" alt=\"\" \/><\/a>\n\t\t\t<\/div><\/figure>\n\t\t<\/div>\n\n ","protected":false},"excerpt":{"rendered":"<p>Na zako\u0144czenie tradycyjnie d\u0142ugiego na Ukrainie okresu Bo\u017cego Narodzenia we Lwowie odby\u0142o si\u0119 Ekumeniczne kol\u0119dowanie. Referent do spraw ekumenicznych Metropolitalnej Kurii ks. [&hellip;]<\/p>\n","protected":false},"author":1,"featured_media":0,"comment_status":"closed","ping_status":"open","sticky":false,"template":"","format":"standard","meta":{"_acf_changed":false,"jetpack_post_was_ever_published":false,"_jetpack_newsletter_access":"","_jetpack_dont_email_post_to_subs":false,"_jetpack_newsletter_tier_id":0,"_jetpack_memberships_contains_paywalled_content":false,"_jetpack_memberships_contains_paid_content":false,"footnotes":"","jetpack_publicize_message":"","jetpack_publicize_feature_enabled":true,"jetpack_social_post_already_shared":true,"jetpack_social_options":{"image_generator_settings":{"template":"highway","enabled":false},"version":2}},"categories":[18],"tags":[],"class_list":["post-5154","post","type-post","status-publish","format-standard","hentry","category-ukraina"],"jetpack_publicize_connections":[],"acf":[],"jetpack_featured_media_url":"","jetpack_sharing_enabled":true,"jetpack_shortlink":"https:\/\/wp.me\/paz7cl-1l8","_links":{"self":[{"href":"http:\/\/www.rozalia-zagnansk.pl\/index.php?rest_route=\/wp\/v2\/posts\/5154","targetHints":{"allow":["GET"]}}],"collection":[{"href":"http:\/\/www.rozalia-zagnansk.pl\/index.php?rest_route=\/wp\/v2\/posts"}],"about":[{"href":"http:\/\/www.rozalia-zagnansk.pl\/index.php?rest_route=\/wp\/v2\/types\/post"}],"author":[{"embeddable":true,"href":"http:\/\/www.rozalia-zagnansk.pl\/index.php?rest_route=\/wp\/v2\/users\/1"}],"replies":[{"embeddable":true,"href":"http:\/\/www.rozalia-zagnansk.pl\/index.php?rest_route=%2Fwp%2Fv2%2Fcomments&post=5154"}],"version-history":[{"count":1,"href":"http:\/\/www.rozalia-zagnansk.pl\/index.php?rest_route=\/wp\/v2\/posts\/5154\/revisions"}],"predecessor-version":[{"id":5161,"href":"http:\/\/www.rozalia-zagnansk.pl\/index.php?rest_route=\/wp\/v2\/posts\/5154\/revisions\/5161"}],"wp:attachment":[{"href":"http:\/\/www.rozalia-zagnansk.pl\/index.php?rest_route=%2Fwp%2Fv2%2Fmedia&parent=5154"}],"wp:term":[{"taxonomy":"category","embeddable":true,"href":"http:\/\/www.rozalia-zagnansk.pl\/index.php?rest_route=%2Fwp%2Fv2%2Fcategories&post=5154"},{"taxonomy":"post_tag","embeddable":true,"href":"http:\/\/www.rozalia-zagnansk.pl\/index.php?rest_route=%2Fwp%2Fv2%2Ftags&post=5154"}],"curies":[{"name":"wp","href":"https:\/\/api.w.org\/{rel}","templated":true}]}}