{"id":5065,"date":"2023-01-14T22:05:07","date_gmt":"2023-01-14T22:05:07","guid":{"rendered":"http:\/\/www.rozalia-zagnansk.pl\/?p=5065"},"modified":"2023-01-14T22:05:50","modified_gmt":"2023-01-14T22:05:50","slug":"5065","status":"publish","type":"post","link":"http:\/\/www.rozalia-zagnansk.pl\/?p=5065","title":{"rendered":"Og\u0142oszenia duszpasterskie 15.01.2023"},"content":{"rendered":"<p>Jan zobaczy\u0142 podchodz\u0105cego ku niemu Jezusa i rzek\u0142: \u00abOto Baranek Bo\u017cy, kt\u00f3ry g\u0142adzi grzech \u015bwiata. Jezus przyszed\u0142 zg\u0142adzi\u0107 nasze grzechy. Nie zako\u0144czy\u0142 swojego mi\u0142osierdzia z chwil\u0105 odej\u015bcia do Ojca. Pozostawi\u0142 nam niezwyk\u0142y sakrament kap\u0142a\u0144stwa, poprzez kt\u00f3ry ci\u0105gle udziela nam odpuszczenia grzech\u00f3w: We\u017amijcie Ducha \u015awi\u0119tego! Kt\u00f3rym odpu\u015bcicie grzechy, s\u0105 im odpuszczone, a kt\u00f3rym zatrzymacie, s\u0105 im zatrzymane&#8221;. Jezus przez kap\u0142an\u00f3w chrzci Duchem \u015awi\u0119tym. On, nasz Pan, pozosta\u0142 z nami w sakramencie Eucharystii, sprawowanej przez kap\u0142ana. Tak oto w sakramencie kap\u0142a\u0144stwa wype\u0142nia si\u0119 obietnica Pana: A oto Ja jestem z wami przez wszystkie dni, a\u017c do sko\u0144czenia \u015bwiata\u00bb. W sakramentach, widzialnych znakach, sprawowanych przez kap\u0142an, Jezus objawia swoj\u0105 niewidzialn\u0105 moc.<\/p>\n<p><strong>Porz\u0105dek kol\u0119dy w tym tygodniu:<\/strong><\/p>\n<table>\n<tbody>\n<tr>\n<td>Wrzosowa ksi\u0119\u017ca do siebie<\/td>\n<td>16.01.2023 \u2013 Pn.<\/td>\n<td>15.00<\/td>\n<\/tr>\n<tr>\n<td>Gruszka nr 10 \u2013 62; 5 \u2013 43 ks. r\u00f3wnolegle<\/td>\n<td>17.01.2023 \u2013 Wt.<\/td>\n<td>15.00<\/td>\n<\/tr>\n<tr>\n<td>Gruszka nr 74 \u2013 114; 51 \u2013 101 + Srebrna ks. r\u00f3wn.<\/td>\n<td>19.01. 2023 \u2013 Czw.<\/td>\n<td>15.00<\/td>\n<\/tr>\n<tr>\n<td>Gruszka 107 \u2013 185 + Urocza ks. r\u00f3wnolegle<\/td>\n<td>20.01.2023 \u2013 Pt.<\/td>\n<td>15.00<\/td>\n<\/tr>\n<tr>\n<td>Barcza<\/td>\n<td>21.01.2023 \u2013 Sb.<\/td>\n<td>10.00<\/td>\n<\/tr>\n<\/tbody>\n<\/table>\n<p>Dzi\u0119kuj\u0119 Wszystkim, kt\u00f3rzy nas do tej pory przyj\u0119li w swoje go\u015bcinne progi. Prosz\u0119, aby Rodziny, kt\u00f3re zamierzaj\u0105 przyj\u0105\u0107 Kap\u0142ana z pasterskim b\u0142ogos\u0142awie\u0144stwem, otworzy\u0142y furtki, bramy swoich posesji. Pi\u0119knie, gdy Gospodarz oczekuje ksi\u0119dza na zewn\u0105trz. Prosz\u0119, aby Rodzina u kt\u00f3rych zaczynamy wizyt\u0119 duszpastersk\u0105 (trzeba si\u0119 um\u00f3wi\u0107 ze sob\u0105, bowiem ksi\u0119\u017c\u0105 zaczynaj\u0105 od r\u00f3\u017cnych rodzin) przyjecha\u0142a po ksi\u0119\u017cy.<\/p>\n<p>W nast\u0119pna niedziel\u0119 b\u0119dziemy prze\u017cywa\u0107 doroczny Dzie\u0144 Seminaryjny.<\/p>\n<p>Informujemy, \u017ce sakrament bierzmowania przez pos\u0142ug\u0119 ks. Biskupa Mariana Florczyka b\u0119dzie 23.06.2023 r. o godz. 16<sup>00<\/sup>.<\/p>\n<p>Prosz\u0119 potwierdza\u0107 zarezerwowane msze \u015bw. przynajmniej trzy tyg. wcze\u015bniej. P\u00f3\u017aniej s\u0105 wypisane intencje i pojawiaj\u0105 si\u0119 problemy.<\/p>\n<p>Kancelaria parafialna w poniedzia\u0142ek od 8<sup>00<\/sup> do 9<sup>00<\/sup> i \u015brod\u0119 od 15<sup>00<\/sup> \u2013 16<sup>30<\/sup>.<\/p>\n<p>B\u00f3g zap\u0142a\u0107 V gr. Rodzin ze \u015aci\u0119gien za trosk\u0119 o ko\u015bci\u00f3\u0142 i ofiar\u0119 120 z\u0142. W sobot\u0119 zapraszam o godz. 9<sup>00<\/sup> ostatnie Rodziny &#8211; VI gr. ze \u015aci\u0119gien.<\/p>\n<p>Klub \u201e<a href=\"https:\/\/wolnastrefa.pl\/\">Wolna Strefa<\/a>&#8221; otwarty jest od Nowego Roku w pi\u0105tki od godz. 13<sup>00<\/sup> do 19<sup>00<\/sup> i w soboty od 10<sup>00<\/sup> do 14<sup>00<\/sup> \u2013 zapraszamy.<\/p>\n<p>W \u015brod\u0119 25.01 b\u0119dziemy uroczy\u015bcie obchodzi\u0107 160. rocznic\u0119 wybuchu powstania styczniowego w naszej Ma\u0142ej Ojczy\u017anie. Po przedpo\u0142udniowych uroczysto\u015bciach o godz. 17<sup>00 <\/sup>b\u0119dzie sprawowana msza \u015bw. po kt\u00f3rej b\u0119dzie spotkanie uczni\u00f3w, rodzic\u00f3w, nauczycieli, go\u015bci oraz parafian w Domu Parafialnym. Szczeg\u00f3\u0142y za tydzie\u0144, dzisiaj informujemy, aby zarezerwowa\u0107 sobie czas.<\/p>\n<p><a href=\"http:\/\/www.rozalia-zagnansk.pl\/wp-content\/uploads\/2023\/01\/Niedzielnik-2023.01.15.pdf\">Niedzielnik 2023.01.15<\/a><\/p>\n ","protected":false},"excerpt":{"rendered":"<p>Jan zobaczy\u0142 podchodz\u0105cego ku niemu Jezusa i rzek\u0142: \u00abOto Baranek Bo\u017cy, kt\u00f3ry g\u0142adzi grzech \u015bwiata. Jezus przyszed\u0142 zg\u0142adzi\u0107 nasze grzechy. Nie zako\u0144czy\u0142 [&hellip;]<\/p>\n","protected":false},"author":1,"featured_media":0,"comment_status":"closed","ping_status":"open","sticky":false,"template":"","format":"standard","meta":{"_acf_changed":false,"jetpack_post_was_ever_published":false,"_jetpack_newsletter_access":"","_jetpack_dont_email_post_to_subs":false,"_jetpack_newsletter_tier_id":0,"_jetpack_memberships_contains_paywalled_content":false,"_jetpack_memberships_contains_paid_content":false,"footnotes":"","jetpack_publicize_message":"","jetpack_publicize_feature_enabled":true,"jetpack_social_post_already_shared":true,"jetpack_social_options":{"image_generator_settings":{"template":"highway","enabled":false},"version":2}},"categories":[3],"tags":[],"class_list":["post-5065","post","type-post","status-publish","format-standard","hentry","category-ogloszenia"],"jetpack_publicize_connections":[],"acf":[],"jetpack_featured_media_url":"","jetpack_sharing_enabled":true,"jetpack_shortlink":"https:\/\/wp.me\/saz7cl-5065","_links":{"self":[{"href":"http:\/\/www.rozalia-zagnansk.pl\/index.php?rest_route=\/wp\/v2\/posts\/5065","targetHints":{"allow":["GET"]}}],"collection":[{"href":"http:\/\/www.rozalia-zagnansk.pl\/index.php?rest_route=\/wp\/v2\/posts"}],"about":[{"href":"http:\/\/www.rozalia-zagnansk.pl\/index.php?rest_route=\/wp\/v2\/types\/post"}],"author":[{"embeddable":true,"href":"http:\/\/www.rozalia-zagnansk.pl\/index.php?rest_route=\/wp\/v2\/users\/1"}],"replies":[{"embeddable":true,"href":"http:\/\/www.rozalia-zagnansk.pl\/index.php?rest_route=%2Fwp%2Fv2%2Fcomments&post=5065"}],"version-history":[{"count":2,"href":"http:\/\/www.rozalia-zagnansk.pl\/index.php?rest_route=\/wp\/v2\/posts\/5065\/revisions"}],"predecessor-version":[{"id":5069,"href":"http:\/\/www.rozalia-zagnansk.pl\/index.php?rest_route=\/wp\/v2\/posts\/5065\/revisions\/5069"}],"wp:attachment":[{"href":"http:\/\/www.rozalia-zagnansk.pl\/index.php?rest_route=%2Fwp%2Fv2%2Fmedia&parent=5065"}],"wp:term":[{"taxonomy":"category","embeddable":true,"href":"http:\/\/www.rozalia-zagnansk.pl\/index.php?rest_route=%2Fwp%2Fv2%2Fcategories&post=5065"},{"taxonomy":"post_tag","embeddable":true,"href":"http:\/\/www.rozalia-zagnansk.pl\/index.php?rest_route=%2Fwp%2Fv2%2Ftags&post=5065"}],"curies":[{"name":"wp","href":"https:\/\/api.w.org\/{rel}","templated":true}]}}