{"id":4127,"date":"2021-09-11T15:59:32","date_gmt":"2021-09-11T15:59:32","guid":{"rendered":"http:\/\/www.rozalia-zagnansk.pl\/?p=4127"},"modified":"2021-09-11T15:59:32","modified_gmt":"2021-09-11T15:59:32","slug":"ogloszenia-duszpasterskie-xxiv-niedziela-zwykla-12-09-2021","status":"publish","type":"post","link":"http:\/\/www.rozalia-zagnansk.pl\/?p=4127","title":{"rendered":"Og\u0142oszenia duszpasterskie XXIV Niedziela Zwyk\u0142a 12.09.2021"},"content":{"rendered":"<p>W ostatni\u0105 niedziel\u0119 byli\u015bmy urzeczeni dzie\u0142em na rzecz afryka\u0144skiej m\u0142odzie\u017cy o. Benedykta P\u0105czka. Serdeczne B\u00f3g zap\u0142a\u0107 Wszystkim, kt\u00f3rzy wsparli to dzie\u0142o \u2013 budowy szko\u0142y muzycznej i edukacji ubogich m\u0142odych Afryka\u0144czyk\u00f3w z Bouar w Republice \u015arodkowej Afryki. Ojciec zebra\u0142 w trakcie kolekty na Mszach \u015bw. i ofiar z cegie\u0142ek 11 600 z\u0142. &#8211;\u00a0<a href=\"https:\/\/regiony.tvp.pl\/55799181\/niezwykla-trasa-koncertowa-mlodzi-z-afryki-zbieraja-na-budowe-szkoly\">Reporta\u017c Telewizji Polskiej o Ojcu Benedykcie i powstaj\u0105cej szkole muzycznej w Afryce<\/a><\/p>\n<p>B\u00f3g zap\u0142a\u0107 Radzie Parafialnej, Rycerzom Kolumba, s\u0142u\u017cbie liturgicznej, Jaworzankom, Druhom OSP Chrusty, pocztom sztandarowym i chor\u0105gwiom, R\u00f3\u017com R\u00f3\u017ca\u0144cowym, dzieciom sypi\u0105cym kwiaty, p. Ewie Maruszak goszcz\u0105c\u0105 m\u0142odzie\u017c, p. Markowi Pawlikowi za relacj\u0119 fotograficzn\u0105 (kt\u00f3ra znajduje si\u0119 w <a href=\"http:\/\/www.rozalia-zagnansk.pl\/?page_id=1639\">galerii<\/a>), p. Paw\u0142owi Lulkowi, szczeg\u00f3lnie p. El\u017cbiecie \u015alewa za nieocenion\u0105 pomoc w ko\u015bciele. Kap\u0142anom koncelebruj\u0105cym z O. Benedyktem sum\u0119 odpustow\u0105 i kap\u0142anom uczestnicz\u0105cym w naszym odpu\u015bcie. Uczczenie \u015bw. Rozalii z wdzi\u0119czno\u015bci\u0105 za jej wstawiennictwo przed Bogiem mog\u0142o mie\u0107 tak g\u0142\u0119boki modlitewny wymiar dzi\u0119ki Waszej obecno\u015bci i modlitwie. B\u00f3g zap\u0142a\u0107.<\/p>\n<p>Spotkanie dzieci klas III i ich rodzic\u00f3w dzi\u015b po Mszy \u015bw.\u00a0 o godz. 10<sup>00<\/sup> oraz kandydat\u00f3w do bierzmowania \u2013 uczni\u00f3w klas VIII i ich rodzic\u00f3w po Mszy \u015bw. o 16<sup>00<\/sup>.<\/p>\n<p>Dzi\u015b rozpoczyna si\u0119 XI Tydzie\u0144 Wychowania w Polsce. Pami\u0119tajmy w naszych modlitwach o tych wszystkich, kt\u00f3rzy s\u0105 odpowiedzialni za dzie\u0142o wychowania dzieci i m\u0142odzie\u017cy.<\/p>\n<p>Jutro zapraszamy na Nabo\u017ce\u0144stwo Fatimskie. Przynosimy lampiony na procesj\u0119.<\/p>\n<p>Codzienna adoracja Naj\u015bwi\u0119tszego Sakramentu od godz. 17<sup>00<\/sup> z mo\u017cliwo\u015bci\u0105 spowiedzi z wyj\u0105tkiem soboty.<\/p>\n<p>B\u00f3g zap\u0142a\u0107 Rodzinom II gr. z Gruszki za trosk\u0119 o ko\u015bci\u00f3\u0142 i ofiar\u0119 110 z\u0142. Msza \u015bw. w int. tych rodzin w \u015brod\u0119 o godz. 18<sup>00<\/sup>. W sobot\u0119 zapraszamy III gr. rodzin z Gruszki.<\/p>\n<p>Kancelaria parafialna we wrze\u015bniu: poniedzia\u0142ki, \u015brody i pi\u0105tki od 15<sup>00<\/sup>\u201316<sup>30<\/sup>.<\/p>\n<p><a href=\"http:\/\/www.rozalia-zagnansk.pl\/wp-content\/uploads\/2021\/09\/niedzielnik-2021.09.12.pdf\">Niedzielnik 2021.09.12<\/a><\/p>\n ","protected":false},"excerpt":{"rendered":"<p>W ostatni\u0105 niedziel\u0119 byli\u015bmy urzeczeni dzie\u0142em na rzecz afryka\u0144skiej m\u0142odzie\u017cy o. Benedykta P\u0105czka. Serdeczne B\u00f3g zap\u0142a\u0107 Wszystkim, kt\u00f3rzy wsparli to dzie\u0142o \u2013 [&hellip;]<\/p>\n","protected":false},"author":1,"featured_media":0,"comment_status":"closed","ping_status":"open","sticky":false,"template":"","format":"standard","meta":{"_acf_changed":false,"jetpack_post_was_ever_published":false,"_jetpack_newsletter_access":"","_jetpack_dont_email_post_to_subs":false,"_jetpack_newsletter_tier_id":0,"_jetpack_memberships_contains_paywalled_content":false,"_jetpack_memberships_contains_paid_content":false,"footnotes":"","jetpack_publicize_message":"","jetpack_publicize_feature_enabled":true,"jetpack_social_post_already_shared":true,"jetpack_social_options":{"image_generator_settings":{"template":"highway","enabled":false},"version":2}},"categories":[3],"tags":[],"class_list":["post-4127","post","type-post","status-publish","format-standard","hentry","category-ogloszenia"],"jetpack_publicize_connections":[],"acf":[],"jetpack_featured_media_url":"","jetpack_sharing_enabled":true,"jetpack_shortlink":"https:\/\/wp.me\/paz7cl-14z","_links":{"self":[{"href":"http:\/\/www.rozalia-zagnansk.pl\/index.php?rest_route=\/wp\/v2\/posts\/4127","targetHints":{"allow":["GET"]}}],"collection":[{"href":"http:\/\/www.rozalia-zagnansk.pl\/index.php?rest_route=\/wp\/v2\/posts"}],"about":[{"href":"http:\/\/www.rozalia-zagnansk.pl\/index.php?rest_route=\/wp\/v2\/types\/post"}],"author":[{"embeddable":true,"href":"http:\/\/www.rozalia-zagnansk.pl\/index.php?rest_route=\/wp\/v2\/users\/1"}],"replies":[{"embeddable":true,"href":"http:\/\/www.rozalia-zagnansk.pl\/index.php?rest_route=%2Fwp%2Fv2%2Fcomments&post=4127"}],"version-history":[{"count":1,"href":"http:\/\/www.rozalia-zagnansk.pl\/index.php?rest_route=\/wp\/v2\/posts\/4127\/revisions"}],"predecessor-version":[{"id":4129,"href":"http:\/\/www.rozalia-zagnansk.pl\/index.php?rest_route=\/wp\/v2\/posts\/4127\/revisions\/4129"}],"wp:attachment":[{"href":"http:\/\/www.rozalia-zagnansk.pl\/index.php?rest_route=%2Fwp%2Fv2%2Fmedia&parent=4127"}],"wp:term":[{"taxonomy":"category","embeddable":true,"href":"http:\/\/www.rozalia-zagnansk.pl\/index.php?rest_route=%2Fwp%2Fv2%2Fcategories&post=4127"},{"taxonomy":"post_tag","embeddable":true,"href":"http:\/\/www.rozalia-zagnansk.pl\/index.php?rest_route=%2Fwp%2Fv2%2Ftags&post=4127"}],"curies":[{"name":"wp","href":"https:\/\/api.w.org\/{rel}","templated":true}]}}