{"id":4043,"date":"2021-08-28T21:23:29","date_gmt":"2021-08-28T21:23:29","guid":{"rendered":"http:\/\/www.rozalia-zagnansk.pl\/?p=4043"},"modified":"2021-08-28T21:45:39","modified_gmt":"2021-08-28T21:45:39","slug":"ogloszenia-duszpasterskie-xxii-niedziela-zwykla-29-08-2021","status":"publish","type":"post","link":"http:\/\/www.rozalia-zagnansk.pl\/?p=4043","title":{"rendered":"Og\u0142oszenia duszpasterskie XXII Niedziela zwyk\u0142a 29.08.2021"},"content":{"rendered":"<p>Przyjmijcie w duchu \u0142agodno\u015bci zaszczepione w was s\u0142owo, kt\u00f3re ma moc zbawi\u0107 dusze wasze. S\u0142owo Bo\u017ce ma moc zbawienia nas, jest S\u0142owem prawdy. Trzeba nam patrzy\u0107 na Matk\u0119 Bo\u017c\u0105, jak Ona przyjmuje S\u0142owa Pana \u2013 Oto ja s\u0142u\u017cebnica Pa\u0144ska, niech mi si\u0119 stanie wed\u0142ug s\u0142owa twego.<\/p>\n<p>Dzisiaj po mszy \u015bw. o 16<sup>00<\/sup> \u2013 Wiecz\u00f3r uwielbienia i uzdrowienia. Zapraszam Ciebie, aby\u015b m\u00f3g\u0142 do\u015bwiadczy\u0107 mocy S\u0142owa Bo\u017cego kt\u00f3re uzdrawia i zbawia. Przypominam o zbi\u00f3rce dla poszkodowanej w po\u017carze Rodziny.<\/p>\n<p>W sobot\u0119 wspominamy \u015bw. Rozali\u0119 nasz\u0105 Patronk\u0119 \u2013 msza \u015bw. o godz. 18<sup>00<\/sup>. <strong>Suma odpustowa<\/strong> w <strong>niedziel\u0119 o godz. 12<sup>00<\/sup><\/strong>. Po mszy \u015bw. procesja eucharystyczna, na kt\u00f3r\u0105 zwyczajowo zapraszam Wszystkie Grupy parafialne wraz z dzie\u0107mi sypi\u0105cymi kwiaty. B\u0119dziemy w tym dniu go\u015bcili muzyk\u00f3w z Afryki wraz z <strong>O. Benedyktem P\u0105czka<\/strong> &#8211; kapucynem muzykiem, dyrektorem <strong>African Music School<\/strong>, kt\u00f3ry od 2013 roku przebywa na misjach w Republice \u015arodkowoafryka\u0144skiej. O. Benedykt b\u0119dzie celebrowa\u0142 <strong>sum\u0119 odpustow\u0105<\/strong>. Po mszy \u015bw. o 16<sup>00<\/sup> muzycy dadz\u0105 <strong>koncert<\/strong> \u2013 zapraszam.<\/p>\n<p>W tym roku obchodzimy 82. rocz. wybuchu II wojny \u015bwiatowej. W naszej wsp\u00f3lnocie parafialnej uczcimy to wydarzenie 1 wrze\u015bnia. Podczas Mszy \u015bw. o 18<sup>00<\/sup> b\u0119dziemy si\u0119 modli\u0107 w int Polskich \u017co\u0142nierzy, kt\u00f3rzy 82 lat temu stan\u0119li w obronie Ojczyzny. Po Eucharystii zapraszamy Parafian na uroczysto\u015b\u0107 z\u0142o\u017cenia kwiat\u00f3w i zniczy na zbiorowej mogile \u017bo\u0142nierzy Polskich, kt\u00f3rzy polegli na ziemi zagna\u0144skiej we wrze\u015bniu 1939 r.<\/p>\n<p>Codzienna adoracja Naj\u015bwi\u0119tszego Sakramentu od 17<sup>00<\/sup> z mo\u017cliwo\u015bci\u0105 spowiedzi. Szczeg\u00f3lnie zapraszamy dzieci i m\u0142odzie\u017c, aby przez spowied\u017a weszli w Nowy Rok szkolny z oczyszczonym sercem i Bo\u017cym b\u0142ogos\u0142awie\u0144stwem.<\/p>\n<p>W tym tygodniu:<\/p>\n<p style=\"padding-left: 40px;\"><strong>I Czwartek<\/strong> \u2013 koronka do Krwi Chrystusa;<\/p>\n<p style=\"padding-left: 40px;\"><strong>I Pi\u0105tek<\/strong> \u2013 ksi\u0105dz odwiedzi chorych na zaproszenie rodzin.<\/p>\n<p style=\"padding-left: 40px;\"><strong>I Sobota \u2013 <\/strong>adoracja o 7<sup>00<\/sup>.<\/p>\n<p>W nast\u0119pn\u0105 niedziel\u0119 msza \u015bw. na rozpocz\u0119cie Roku Szkolnego z pro\u015bb\u0105 o Bo\u017ce b\u0142ogos\u0142awie\u0144stwo dla uczni\u00f3w, nauczycieli i administracji szkolnej o godz. 10<sup>00<\/sup>.<\/p>\n<p>Zapraszam Drogich Diecezjan do udzia\u0142u w IV Diecezjalnej Pielgrzymce do Wi\u015blicy, kt\u00f3ra rozpocznie si\u0119 o godz. 9<sup>30<\/sup> w \u015brod\u0119 8 wrze\u015bnia br.<\/p>\n<p>W klubie Wolna Strefa poszukiwany jest pracownik z wykszta\u0142ceniem wy\u017cszym. Szukamy osoby kreatywnej, lubi\u0105cej prace z dzie\u0107mi i m\u0142odzie\u017c\u0105\u0328. <a href=\"http:\/\/www.rozalia-zagnansk.pl\/wp-content\/uploads\/2021\/08\/WS-poszukiwany-pracownik.pdf\">Wi\u0119cej informacji znajduje si\u0119 tutaj.<\/a><\/p>\n<p>Kancelaria parafialna czynna: poniedzia\u0142ek i pi\u0105tek od 15<sup>00<\/sup> do 16<sup>30<\/sup>.<\/p>\n<p><a href=\"http:\/\/www.rozalia-zagnansk.pl\/wp-content\/uploads\/2021\/08\/Wislica-diecezjalna-pielgrzymka-20217489.pdf\">Wi\u015blica &#8211; diecezjalna pielgrzymka 2021<\/a><\/p>\n<p><a href=\"http:\/\/www.rozalia-zagnansk.pl\/wp-content\/uploads\/2021\/08\/Niedzielnik-2021.08.29.pdf\">Niedzielnik 2021.08.29<\/a><\/p>\n ","protected":false},"excerpt":{"rendered":"<p>Przyjmijcie w duchu \u0142agodno\u015bci zaszczepione w was s\u0142owo, kt\u00f3re ma moc zbawi\u0107 dusze wasze. S\u0142owo Bo\u017ce ma moc zbawienia nas, jest S\u0142owem [&hellip;]<\/p>\n","protected":false},"author":1,"featured_media":0,"comment_status":"closed","ping_status":"open","sticky":false,"template":"","format":"standard","meta":{"_acf_changed":false,"jetpack_post_was_ever_published":false,"_jetpack_newsletter_access":"","_jetpack_dont_email_post_to_subs":false,"_jetpack_newsletter_tier_id":0,"_jetpack_memberships_contains_paywalled_content":false,"_jetpack_memberships_contains_paid_content":false,"footnotes":"","jetpack_publicize_message":"","jetpack_publicize_feature_enabled":true,"jetpack_social_post_already_shared":true,"jetpack_social_options":{"image_generator_settings":{"template":"highway","enabled":false},"version":2}},"categories":[3],"tags":[],"class_list":["post-4043","post","type-post","status-publish","format-standard","hentry","category-ogloszenia"],"jetpack_publicize_connections":[],"acf":[],"jetpack_featured_media_url":"","jetpack_sharing_enabled":true,"jetpack_shortlink":"https:\/\/wp.me\/paz7cl-13d","_links":{"self":[{"href":"http:\/\/www.rozalia-zagnansk.pl\/index.php?rest_route=\/wp\/v2\/posts\/4043","targetHints":{"allow":["GET"]}}],"collection":[{"href":"http:\/\/www.rozalia-zagnansk.pl\/index.php?rest_route=\/wp\/v2\/posts"}],"about":[{"href":"http:\/\/www.rozalia-zagnansk.pl\/index.php?rest_route=\/wp\/v2\/types\/post"}],"author":[{"embeddable":true,"href":"http:\/\/www.rozalia-zagnansk.pl\/index.php?rest_route=\/wp\/v2\/users\/1"}],"replies":[{"embeddable":true,"href":"http:\/\/www.rozalia-zagnansk.pl\/index.php?rest_route=%2Fwp%2Fv2%2Fcomments&post=4043"}],"version-history":[{"count":3,"href":"http:\/\/www.rozalia-zagnansk.pl\/index.php?rest_route=\/wp\/v2\/posts\/4043\/revisions"}],"predecessor-version":[{"id":4049,"href":"http:\/\/www.rozalia-zagnansk.pl\/index.php?rest_route=\/wp\/v2\/posts\/4043\/revisions\/4049"}],"wp:attachment":[{"href":"http:\/\/www.rozalia-zagnansk.pl\/index.php?rest_route=%2Fwp%2Fv2%2Fmedia&parent=4043"}],"wp:term":[{"taxonomy":"category","embeddable":true,"href":"http:\/\/www.rozalia-zagnansk.pl\/index.php?rest_route=%2Fwp%2Fv2%2Fcategories&post=4043"},{"taxonomy":"post_tag","embeddable":true,"href":"http:\/\/www.rozalia-zagnansk.pl\/index.php?rest_route=%2Fwp%2Fv2%2Ftags&post=4043"}],"curies":[{"name":"wp","href":"https:\/\/api.w.org\/{rel}","templated":true}]}}