{"id":4036,"date":"2021-08-21T16:25:32","date_gmt":"2021-08-21T16:25:32","guid":{"rendered":"http:\/\/www.rozalia-zagnansk.pl\/?p=4036"},"modified":"2021-08-24T15:18:45","modified_gmt":"2021-08-24T15:18:45","slug":"ogloszenia-duszpasterskie-22-08-2021-r","status":"publish","type":"post","link":"http:\/\/www.rozalia-zagnansk.pl\/?p=4036","title":{"rendered":"Og\u0142oszenia duszpasterskie 22.08.2021 r."},"content":{"rendered":"<p>B\u00f3g zap\u0142a\u0107 Wszystkim za \u015bwiadectwo wiary w Uroczysto\u015b\u0107 Wniebowzi\u0119cia N.M.P. B\u00f3g zap\u0142a\u0107 za szczeg\u00f3lne zaanga\u017cowanie \u201eJaworzanek\u201d w liturgii Uroczysto\u015bci, wystr\u00f3j do\u017cynkowy oraz dar chleba; Radzie Parafialnej, a szczeg\u00f3lnie p. Romanowi Piskulakowi za trosk\u0119 o pami\u0119\u0107 historyczn\u0105 o naszych Bohaterach w ich 77 rocz. zgrupowania w Zagna\u0144sku \u2013 Siod\u0142ach; Wszystkim, kt\u00f3rzy w tym miejscu na Sosnowicy, z\u0142o\u017cyli kwiaty, zapalili znicze i pomodlili si\u0119 za Obro\u0144c\u00f3w Ojczyzny. Szczeg\u00f3lnie dzi\u0119kujemy harcerzom za ich obecno\u015b\u0107 w czasie wakacyjnym.<\/p>\n<p>B\u00f3g zap\u0142a\u0107 rodz. VI gr. z Chrust\u00f3w za trosk\u0119 o ko\u015bci\u00f3\u0142 i ofiar\u0119 280 z\u0142. Msza \u015bw. w ich int. w \u015brod\u0119 o 18<sup>00<\/sup>. W sobot\u0119 prosimy gr. rodzin z Chrust\u00f3w Ma\u0142ych.<\/p>\n<p>Codzienna adoracja Naj\u015bwi\u0119tszego Sakramentu od godz. 17.00 z mo\u017cliwo\u015bci\u0105 spowiedzi z wyj\u0105tkiem soboty.<\/p>\n<p>Kancelaria parafialna w czasie wakacyjnym czynna w poniedzia\u0142ki i pi\u0105tki od godz. 15.00 \u2013 16.30.<\/p>\n<p>Prosimy, aby osoby, kt\u00f3re zarezerwowa\u0142y intencje mszalne o podawanie tre\u015bci przynajmniej dwa tygodnie przed terminem.<\/p>\n<p>W sobot\u0119 &#8211; 28 sierpnia br. o godz. 16.30 w ko\u015bciele garnizonowym pw. NMP Kr\u00f3lowej Polski b\u0119dzie mia\u0142a miejsce modlitwa r\u00f3\u017ca\u0144cowa, a po niej (o godz. 17.00) Msza \u015bwi\u0119ta w intencji Ojczyzny. Nast\u0119pnie odb\u0119dzie si\u0119 przemarsz ulicami Kielc z rozwa\u017caniem tajemnic r\u00f3\u017ca\u0144cowych w oczekiwaniu na beatyfikacj\u0119 kardyna\u0142a Stefana Wyszy\u0144skiego. Zach\u0119camy do udzia\u0142u w tej modlitwie.<\/p>\n<p>Zach\u0119camy r\u00f3wnie\u017c do wzi\u0119cia udzia\u0142u w Og\u00f3lnopolskiej Pielgrzymce Rolnik\u00f3w na Jasn\u0105 G\u00f3r\u0119 w dniach 4-5 wrze\u015bnia. Szczeg\u00f3\u0142y na plakacie w gablocie.<\/p>\n<p>Zwracamy si\u0119 z pro\u015bb\u0105 o pomoc dla pogorzelc\u00f3w \u2013 rodziny Sulej\u00f3w z Bartkowa w odbudowie nowo wybudowanego domu, kt\u00f3ry uleg\u0142 po\u017carowi w wyniku uderzenia pioruna 16 sierpnia. W przysz\u0142\u0105 niedziel\u0119 29 sierpnia po ka\u017cdej Mszy \u015bw. b\u0119dzie mo\u017cliwo\u015b\u0107 wsparcia tej rodziny ofiarami sk\u0142adanymi do puszek. Z g\u00f3ry serdecznie dzi\u0119kujemy za wszelkie ofiary.<\/p>\n<p>Grupa z Odnowy w Duchu \u015awi\u0119tym zaprasza w najbli\u017csz\u0105 niedziel\u0119 na Modlitw\u0119 Uwielbienia po Mszy \u015bw. o godz. 16.00.<\/p>\n<p><a href=\"http:\/\/www.rozalia-zagnansk.pl\/wp-content\/uploads\/2021\/08\/Niedzielnik-2021.08.22.pdf\">Niedzielnik 2021.08.22<\/a><\/p>\n ","protected":false},"excerpt":{"rendered":"<p>B\u00f3g zap\u0142a\u0107 Wszystkim za \u015bwiadectwo wiary w Uroczysto\u015b\u0107 Wniebowzi\u0119cia N.M.P. B\u00f3g zap\u0142a\u0107 za szczeg\u00f3lne zaanga\u017cowanie \u201eJaworzanek\u201d w liturgii Uroczysto\u015bci, wystr\u00f3j do\u017cynkowy oraz [&hellip;]<\/p>\n","protected":false},"author":1,"featured_media":0,"comment_status":"closed","ping_status":"open","sticky":false,"template":"","format":"standard","meta":{"_acf_changed":false,"jetpack_post_was_ever_published":false,"_jetpack_newsletter_access":"","_jetpack_dont_email_post_to_subs":false,"_jetpack_newsletter_tier_id":0,"_jetpack_memberships_contains_paywalled_content":false,"_jetpack_memberships_contains_paid_content":false,"footnotes":"","jetpack_publicize_message":"","jetpack_publicize_feature_enabled":true,"jetpack_social_post_already_shared":true,"jetpack_social_options":{"image_generator_settings":{"template":"highway","enabled":false},"version":2}},"categories":[3],"tags":[],"class_list":["post-4036","post","type-post","status-publish","format-standard","hentry","category-ogloszenia"],"jetpack_publicize_connections":[],"acf":[],"jetpack_featured_media_url":"","jetpack_sharing_enabled":true,"jetpack_shortlink":"https:\/\/wp.me\/paz7cl-136","_links":{"self":[{"href":"http:\/\/www.rozalia-zagnansk.pl\/index.php?rest_route=\/wp\/v2\/posts\/4036","targetHints":{"allow":["GET"]}}],"collection":[{"href":"http:\/\/www.rozalia-zagnansk.pl\/index.php?rest_route=\/wp\/v2\/posts"}],"about":[{"href":"http:\/\/www.rozalia-zagnansk.pl\/index.php?rest_route=\/wp\/v2\/types\/post"}],"author":[{"embeddable":true,"href":"http:\/\/www.rozalia-zagnansk.pl\/index.php?rest_route=\/wp\/v2\/users\/1"}],"replies":[{"embeddable":true,"href":"http:\/\/www.rozalia-zagnansk.pl\/index.php?rest_route=%2Fwp%2Fv2%2Fcomments&post=4036"}],"version-history":[{"count":2,"href":"http:\/\/www.rozalia-zagnansk.pl\/index.php?rest_route=\/wp\/v2\/posts\/4036\/revisions"}],"predecessor-version":[{"id":4041,"href":"http:\/\/www.rozalia-zagnansk.pl\/index.php?rest_route=\/wp\/v2\/posts\/4036\/revisions\/4041"}],"wp:attachment":[{"href":"http:\/\/www.rozalia-zagnansk.pl\/index.php?rest_route=%2Fwp%2Fv2%2Fmedia&parent=4036"}],"wp:term":[{"taxonomy":"category","embeddable":true,"href":"http:\/\/www.rozalia-zagnansk.pl\/index.php?rest_route=%2Fwp%2Fv2%2Fcategories&post=4036"},{"taxonomy":"post_tag","embeddable":true,"href":"http:\/\/www.rozalia-zagnansk.pl\/index.php?rest_route=%2Fwp%2Fv2%2Ftags&post=4036"}],"curies":[{"name":"wp","href":"https:\/\/api.w.org\/{rel}","templated":true}]}}