{"id":3546,"date":"2021-01-16T21:09:20","date_gmt":"2021-01-16T21:09:20","guid":{"rendered":"http:\/\/www.rozalia-zagnansk.pl\/?p=3546"},"modified":"2021-01-16T21:09:20","modified_gmt":"2021-01-16T21:09:20","slug":"ogloszenia-duszpasterskie-ii-niedziela-zwykla-17-01-2021","status":"publish","type":"post","link":"http:\/\/www.rozalia-zagnansk.pl\/?p=3546","title":{"rendered":"Og\u0142oszenia duszpasterskie &#8211; II Niedziela Zwyk\u0142a 17.01.2021"},"content":{"rendered":"<p style=\"text-align: center;\"><strong>Og\u0142oszenia duszpasterskie &#8211; II Niedziela Zwyk\u0142a 17.01.2021<\/strong><\/p>\n<p>Jan sta\u0142 wraz z dwoma swoimi uczniami i gdy zobaczy\u0142 przechodz\u0105cego Jezusa, rzek\u0142: \u00abOto Baranek Bo\u017cy\u00bb. Jan Chrzciciel \u2013 najwi\u0119kszy z prorok\u00f3w \u2013 nie stawa\u0142 w centrum g\u0142oszonego s\u0142owa, ale ni\u00f3s\u0142 w sobie wielkie pragnienie spotkania Mesjasza \u2013 Baranka Bo\u017cego i doprowadzenie swoich uczni\u00f3w do osobistego p\u00f3j\u015bcia za Jezusem. Jezus na pytanie o zamieszkanie, zach\u0119ca uczni\u00f3w, by sami zobaczyli i weszli w osobist\u0105 relacj\u0119 z Nim. Zaprosi\u0107 kogo\u015b do najintymniejszej przestrzeni swojego \u017cycia, to pozwoli\u0107 mu, aby do\u015bwiadczy\u0142 blisko\u015bci i serca zapraszaj\u0105cego. Takie wej\u015bcie w relacje z Jezusem, zaowocowa\u0142o tym, \u017ce uczniowie, ju\u017c na zawsze z Nim zostali. Bowiem On, znaj\u0105c przysz\u0142o\u015b\u0107 Szymona, nie przekre\u015bla\u0142 jego osoby, ale zmieniaj\u0105c mu imi\u0119 na Kefas \u2013 Piotr, zdecydowa\u0142, \u017ce na tym kruchym cz\u0142owieku, zamierza zbudowa\u0107 sw\u00f3j ko\u015bci\u00f3\u0142, kt\u00f3rego bramy piekielne, nie przemog\u0105. Tak\u017ce i Ty jeste\u015b zaproszony do tej wyj\u0105tkowej relacji z Jezusem.<\/p>\n<p>Dzisiaj prze\u017cywamy Dzie\u0144 Seminaryjny. Dzi\u0119kuj\u0119 za g\u0142oszone s\u0142owo, przez braci kleryk\u00f3w, ich modlitw\u0119 za nasz\u0105 parafi\u0119 i Wasz\u0105 \u017cyczliwo\u015b\u0107, wobec naszej uczelni kszta\u0142tuj\u0105cej serca i umys\u0142y m\u0142odych, kt\u00f3rzy pragn\u0105 na zawsze zamieszka\u0107 z Jezusem.<\/p>\n<p>Zgodnie z komunikatem ks. Biskupa Ordynariusza, niedziela 24 stycznia br. b\u0119dzie w naszej diecezji \u201eDniem solidarno\u015bci z Chorwacj\u0105\u201d \u2013 po mszy \u015bw. zbi\u00f3rka do puszek.<\/p>\n<p>Od poniedzia\u0142ku do pi\u0105tku <strong>Adoracja N.S.<\/strong> od godz. 16<sup>00<\/sup> \u2013 spowiadamy.<\/p>\n<p>B\u00f3g zap\u0142a\u0107 za postaw\u0119 wiary mieszka\u0144c\u00f3w O\u015b. Wrzosy, Belna, Chrust i Laskowej za obecno\u015b\u0107 na mszy \u015bw. z b\u0142ogos\u0142awie\u0144stwem dla ich rodzin.\u00a0 W tym tygodniu zapraszamy<b> <\/b>do ko\u015bcio\u0142a na godz. 17<sup>00<\/sup>.<\/p>\n<table>\n<tbody>\n<tr>\n<td>ul. Wrzosowa<\/td>\n<td>18.01.2021 \u2013 Pn.<\/td>\n<td>17.00<\/td>\n<\/tr>\n<tr>\n<td>Gruszka nr \u2013 parzyste<\/td>\n<td>19.01.2021 \u2013 Wt.<\/td>\n<td>17.00<\/td>\n<\/tr>\n<tr>\n<td>Gruszka nr \u2013 nieparzyste\/Urocza, Srebrna i Z\u0142ota<\/td>\n<td>20.01.2021 \u2013 \u015ar.<\/td>\n<td>17.00<\/td>\n<\/tr>\n<tr>\n<td>Jaworze nr 1 \u2013 45<\/td>\n<td>21.01.2021 \u2013 Czw.<\/td>\n<td>17.00<\/td>\n<\/tr>\n<tr>\n<td>Jaworze nr 46 do ko\u0144ca<\/td>\n<td>22.01.2020 \u2013 Pt.<\/td>\n<td>17.00<\/td>\n<\/tr>\n<\/tbody>\n<\/table>\n<p>Po mszy \u015bw. indywidualne b\u0142ogos\u0142awie\u0144stwo rodzin i wr\u0119czenie pami\u0105tek kol\u0119dowych. Bardzo prosz\u0119 o pomoc w transporcie Waszym niezmotoryzowanym s\u0105siadom.<\/p>\n<p><strong>Kancelaria parafialna czynna w poniedzia\u0142ek, \u015brod\u0119, pi\u0105tek od 15<sup>00 <\/sup>&#8211; 16<sup>00<\/sup><\/strong><\/p>\n<p>B\u00f3g zap\u0142a\u0107 Rodzinom VII gr. z Zache\u0142mia za trosk\u0119 o ko\u015bci\u00f3\u0142 i ofiar\u0119 290 z\u0142. W sobot\u0119 zapraszam VIII gr. z Zache\u0142mia.<\/p>\n<p>Wychowawczynie klubu Wolna Strefa zapraszaj\u0105 m\u0142odych od poniedzia\u0142ku do pi\u0105tku w godz. 13<sup>00 <\/sup>&#8211; 19<sup>00<\/sup>, informacje szczeg\u00f3\u0142owe na <a href=\"https:\/\/www.facebook.com\/Wolna-Strefa-Zagna%C5%84sk-110438950691257\">Facebooku klubu<\/a>.<\/p>\n<p>Z naszej wsp\u00f3lnoty odesz\u0142a Bronis\u0142awa Religa z Gruszki.<\/p>\n<p><a href=\"http:\/\/www.rozalia-zagnansk.pl\/wp-content\/uploads\/2021\/01\/Komunkat-Biskupa-Dzie\u0144-solidarno\u015bci-z-Chorwacj\u0105.pdf\">Komunikat Biskupa &#8211; Dzie\u0144 solidarno\u015bci z Chorwacj\u0105<\/a><\/p>\n<p><a href=\"http:\/\/www.rozalia-zagnansk.pl\/wp-content\/uploads\/2021\/01\/Niedzielnik-2021.01.17.pdf\">Niedzielnik 2021.01.17<\/a><\/p>\n ","protected":false},"excerpt":{"rendered":"<p>Og\u0142oszenia duszpasterskie &#8211; II Niedziela Zwyk\u0142a 17.01.2021 Jan sta\u0142 wraz z dwoma swoimi uczniami i gdy zobaczy\u0142 przechodz\u0105cego Jezusa, rzek\u0142: \u00abOto Baranek [&hellip;]<\/p>\n","protected":false},"author":1,"featured_media":0,"comment_status":"closed","ping_status":"open","sticky":false,"template":"","format":"standard","meta":{"_acf_changed":false,"jetpack_post_was_ever_published":false,"_jetpack_newsletter_access":"","_jetpack_dont_email_post_to_subs":false,"_jetpack_newsletter_tier_id":0,"_jetpack_memberships_contains_paywalled_content":false,"_jetpack_memberships_contains_paid_content":false,"footnotes":"","jetpack_publicize_message":"","jetpack_publicize_feature_enabled":true,"jetpack_social_post_already_shared":true,"jetpack_social_options":{"image_generator_settings":{"template":"highway","enabled":false},"version":2}},"categories":[3],"tags":[],"class_list":["post-3546","post","type-post","status-publish","format-standard","hentry","category-ogloszenia"],"jetpack_publicize_connections":[],"acf":[],"jetpack_featured_media_url":"","jetpack_sharing_enabled":true,"jetpack_shortlink":"https:\/\/wp.me\/paz7cl-Vc","_links":{"self":[{"href":"http:\/\/www.rozalia-zagnansk.pl\/index.php?rest_route=\/wp\/v2\/posts\/3546","targetHints":{"allow":["GET"]}}],"collection":[{"href":"http:\/\/www.rozalia-zagnansk.pl\/index.php?rest_route=\/wp\/v2\/posts"}],"about":[{"href":"http:\/\/www.rozalia-zagnansk.pl\/index.php?rest_route=\/wp\/v2\/types\/post"}],"author":[{"embeddable":true,"href":"http:\/\/www.rozalia-zagnansk.pl\/index.php?rest_route=\/wp\/v2\/users\/1"}],"replies":[{"embeddable":true,"href":"http:\/\/www.rozalia-zagnansk.pl\/index.php?rest_route=%2Fwp%2Fv2%2Fcomments&post=3546"}],"version-history":[{"count":1,"href":"http:\/\/www.rozalia-zagnansk.pl\/index.php?rest_route=\/wp\/v2\/posts\/3546\/revisions"}],"predecessor-version":[{"id":3549,"href":"http:\/\/www.rozalia-zagnansk.pl\/index.php?rest_route=\/wp\/v2\/posts\/3546\/revisions\/3549"}],"wp:attachment":[{"href":"http:\/\/www.rozalia-zagnansk.pl\/index.php?rest_route=%2Fwp%2Fv2%2Fmedia&parent=3546"}],"wp:term":[{"taxonomy":"category","embeddable":true,"href":"http:\/\/www.rozalia-zagnansk.pl\/index.php?rest_route=%2Fwp%2Fv2%2Fcategories&post=3546"},{"taxonomy":"post_tag","embeddable":true,"href":"http:\/\/www.rozalia-zagnansk.pl\/index.php?rest_route=%2Fwp%2Fv2%2Ftags&post=3546"}],"curies":[{"name":"wp","href":"https:\/\/api.w.org\/{rel}","templated":true}]}}