{"id":3523,"date":"2020-12-26T23:03:25","date_gmt":"2020-12-26T23:03:25","guid":{"rendered":"http:\/\/www.rozalia-zagnansk.pl\/?p=3523"},"modified":"2020-12-26T23:03:48","modified_gmt":"2020-12-26T23:03:48","slug":"ogloszenia-duszpasterskie-niedziela-swietej-rodziny-27-12-2020","status":"publish","type":"post","link":"http:\/\/www.rozalia-zagnansk.pl\/?p=3523","title":{"rendered":"Og\u0142oszenia duszpasterskie Niedziela \u2013 \u015awi\u0119tej Rodziny 27.12.2020"},"content":{"rendered":"<p style=\"text-align: center;\"><strong>Og\u0142oszenia duszpasterskie Niedziela \u2013 \u015awi\u0119tej Rodziny 27.12.2020<\/strong><\/p>\n<p>Rodziny naszej Ojczyzny, a w niej rodziny diecezji kieleckiej, stanowi\u0105 pi\u0119kny\u00a0 i godny najwy\u017cszego szacunku \u015bwiat os\u00f3b, gdzie wok\u00f3\u0142 ojca i matki gromadz\u0105 si\u0119 dzieci, owoc ich ma\u0142\u017ce\u0144skiej mi\u0142o\u015bci, kt\u00f3ra realizuje si\u0119 przez macierzy\u0144stwo i ojcostwo, aby trwa\u0107 w rodzicielstwie, kt\u00f3re jest odpowiedzialnym zadaniem obojga rodzic\u00f3w. Taka wsp\u00f3lnota zosta\u0142a zamierzona i chciana przez Boga Stw\u00f3rc\u0119. \u201eDlatego to m\u0119\u017cczyzna opuszcza ojca swego i matk\u0119 swoj\u0105 i \u0142\u0105czy si\u0119 ze sw\u0105 \u017con\u0105 tak \u015bci\u015ble, \u017ce staj\u0105 si\u0119 jednym cia\u0142em\u201d (Rdz 2,24). Dalsza pedagogia o ma\u0142\u017ce\u0144stwie to nauczanie Pana Jezusa, kt\u00f3ry ma\u0142\u017ce\u0144stwo obdarowa\u0142 godno\u015bci\u0105 i \u0142ask\u0105 sakramentu, aby by\u0142o czytelnym i wiernym znakiem mi\u0142o\u015bci kobiety i m\u0119\u017cczyzny w my\u015bl ewangelicznej prawdy: \u201eA tak ju\u017c nie s\u0105 dwoje, lecz jedno cia\u0142o. Co wi\u0119c B\u00f3g z\u0142\u0105czy\u0142, niech cz\u0142owiek nie rozdziela\u201d (Mt 19,6). Z listu pasterskiego\u00a0 ks. bp. Ordynariusza. Dzisiaj wpatruj\u0105c si\u0119 w \u015awi\u0119t\u0105 Rodzin\u0119 Jezusa Maryi i J\u00f3zefa pragniemy otoczy\u0107 nasze rodziny ogromn\u0105 trosk\u0105 modlitewn\u0105 i tam gdzie potrzeba podejmowa\u0107 drogi ratuj\u0105ce jedno\u015b\u0107 rodziny i bezpiecze\u0144stwo ich dzieci a tak\u017ce, jak\u017ce istotn\u0105 trosk\u0119, o najstarszych z naszych rodzin.<\/p>\n<p>Przypominam, \u017ce dzisiaj w trakcie mszy \u015bw. o godz. 16<sup>00<\/sup> b\u0119dzie si\u0119 z nami modli\u0142 si\u0119 kol\u0119dami a po mszy wyst\u0105pi dla nas z recitalem najpi\u0119kniejszych kol\u0119d, Miros\u0142aw Starz solista i wokalista Warszawskiej Opery Kameralnej.<\/p>\n<p>B\u00f3g zap\u0142a\u0107 Wszystkim, kt\u00f3rzy przyczynili si\u0119 do g\u0142\u0119bokiego prze\u017cycia \u015bwi\u0105t Bo\u017cego Narodzenia: Jaworzankom za pi\u0119kn\u0105 szopk\u0119 umieszczon\u0105 w stajence, Panom Robertowi Jaros i Rafa\u0142owi Moskal za dostarczenie i oprawienie choinek, m\u0142odzie\u017cy przygotowuj\u0105cej si\u0119 do sakramentu bierzmowania wraz z rodzicami za ubranie choinek, Odnowie w Duchu \u015awi\u0119tym za przygotowanie 40 paczek \u015bwi\u0105tecznych, Rycerzom Kolumba za dostarczenie ich do rodzin, tym kt\u00f3rzy podzielili si\u0119 \u015bwi\u0105teczn\u0105 \u017cywno\u015bci\u0105\u00a0 w tym uczniom SP nr. 1, harcerzom kt\u00f3rzy przynie\u015bli do ko\u015bcio\u0142a Betlejemskie \u015awiat\u0142o Pokoju, Pani Eli \u015alewa za przygotowanie \u015bwi\u0105tyni i Wam Drodzy za pi\u0119kne uczestnictwo i Wasz\u0105 ofiarno\u015b\u0107.<\/p>\n<p>Od poniedzia\u0142ku do czwartku powracamy do <strong>Adoracji N.S.<\/strong> od godz. 16<sup>00<\/sup>.<\/p>\n<p>W <strong>czwartek<\/strong> nabo\u017ce\u0144stwo na zako\u0144czenie <strong>Starego Roku<\/strong> o <strong>godz. 17<sup>00<\/sup>.<\/strong><\/p>\n<p>W <strong>pi\u0105tek<\/strong> b\u0119dziemy prosi\u0107 o b\u0142ogos\u0142awie\u0144stwo Bo\u017ce i opiek\u0119 \u015awi\u0119tej Bo\u017cej Rodzicielki na <strong>Nowy Rok<\/strong> \u2013 msze \u015bw. o <strong>8<sup>00<\/sup>, 10<sup>00<\/sup>, 12<sup>00<\/sup>, 16<sup>00<\/sup>.<\/strong><\/p>\n<p>W <strong>I sobot\u0119<\/strong> miesi\u0105ca \u2013 Adoracja N.S. o godz. 7<sup>00<\/sup>\u00a0 zarazem prosz\u0119 o godz. 9<sup>00<\/sup> V gr. z Zache\u0142mie o trosk\u0119 o ko\u015bci\u00f3\u0142.<\/p>\n<p>Wyj\u0105tkowa forma b\u0142ogos\u0142awie\u0144stwa rodzin w ramach dorocznej wizyty duszpasterskiej: zapraszamy wed\u0142ug wyznaczonego porz\u0105dku do ko\u015bcio\u0142a na godz. 17<sup>00 <\/sup>na msz\u0119 \u015bw. w int. Rodzin, kt\u00f3re by\u015bmy odwiedzili w porz\u0105dku kol\u0119dowym, po mszy \u015bw. indywidualne b\u0142ogos\u0142awie\u0144stwo rodzin i wr\u0119czenie pami\u0105tek kol\u0119dowych. Bardzo prosz\u0119 o pomoc w transporcie os\u00f3b starszych.<\/p>\n<p><strong>Kancelaria parafialna czynna w poniedzia\u0142ek, \u015broda, pi\u0105tek od 15<sup>00 <\/sup>&#8211; 16<sup>00<\/sup> <\/strong><\/p>\n<p><a href=\"http:\/\/www.rozalia-zagnansk.pl\/?p=3524\">Porz\u0105dek kol\u0119dy 2020 &#8211; 2021<\/a><\/p>\n<p><a href=\"http:\/\/www.rozalia-zagnansk.pl\/wp-content\/uploads\/2020\/12\/Niedzielnik-2020.12.27.pdf\">Niedzielnik 2020.12.27<\/a><\/p>\n ","protected":false},"excerpt":{"rendered":"<p>Og\u0142oszenia duszpasterskie Niedziela \u2013 \u015awi\u0119tej Rodziny 27.12.2020 Rodziny naszej Ojczyzny, a w niej rodziny diecezji kieleckiej, stanowi\u0105 pi\u0119kny\u00a0 i godny najwy\u017cszego szacunku [&hellip;]<\/p>\n","protected":false},"author":1,"featured_media":0,"comment_status":"closed","ping_status":"open","sticky":false,"template":"","format":"standard","meta":{"_acf_changed":false,"jetpack_post_was_ever_published":false,"_jetpack_newsletter_access":"","_jetpack_dont_email_post_to_subs":false,"_jetpack_newsletter_tier_id":0,"_jetpack_memberships_contains_paywalled_content":false,"_jetpack_memberships_contains_paid_content":false,"footnotes":"","jetpack_publicize_message":"","jetpack_publicize_feature_enabled":true,"jetpack_social_post_already_shared":true,"jetpack_social_options":{"image_generator_settings":{"template":"highway","enabled":false},"version":2}},"categories":[3],"tags":[],"class_list":["post-3523","post","type-post","status-publish","format-standard","hentry","category-ogloszenia"],"jetpack_publicize_connections":[],"acf":[],"jetpack_featured_media_url":"","jetpack_sharing_enabled":true,"jetpack_shortlink":"https:\/\/wp.me\/paz7cl-UP","_links":{"self":[{"href":"http:\/\/www.rozalia-zagnansk.pl\/index.php?rest_route=\/wp\/v2\/posts\/3523","targetHints":{"allow":["GET"]}}],"collection":[{"href":"http:\/\/www.rozalia-zagnansk.pl\/index.php?rest_route=\/wp\/v2\/posts"}],"about":[{"href":"http:\/\/www.rozalia-zagnansk.pl\/index.php?rest_route=\/wp\/v2\/types\/post"}],"author":[{"embeddable":true,"href":"http:\/\/www.rozalia-zagnansk.pl\/index.php?rest_route=\/wp\/v2\/users\/1"}],"replies":[{"embeddable":true,"href":"http:\/\/www.rozalia-zagnansk.pl\/index.php?rest_route=%2Fwp%2Fv2%2Fcomments&post=3523"}],"version-history":[{"count":2,"href":"http:\/\/www.rozalia-zagnansk.pl\/index.php?rest_route=\/wp\/v2\/posts\/3523\/revisions"}],"predecessor-version":[{"id":3531,"href":"http:\/\/www.rozalia-zagnansk.pl\/index.php?rest_route=\/wp\/v2\/posts\/3523\/revisions\/3531"}],"wp:attachment":[{"href":"http:\/\/www.rozalia-zagnansk.pl\/index.php?rest_route=%2Fwp%2Fv2%2Fmedia&parent=3523"}],"wp:term":[{"taxonomy":"category","embeddable":true,"href":"http:\/\/www.rozalia-zagnansk.pl\/index.php?rest_route=%2Fwp%2Fv2%2Fcategories&post=3523"},{"taxonomy":"post_tag","embeddable":true,"href":"http:\/\/www.rozalia-zagnansk.pl\/index.php?rest_route=%2Fwp%2Fv2%2Ftags&post=3523"}],"curies":[{"name":"wp","href":"https:\/\/api.w.org\/{rel}","templated":true}]}}