{"id":3510,"date":"2020-12-12T20:56:24","date_gmt":"2020-12-12T20:56:24","guid":{"rendered":"http:\/\/www.rozalia-zagnansk.pl\/?p=3510"},"modified":"2020-12-13T11:52:16","modified_gmt":"2020-12-13T11:52:16","slug":"ogloszenia-duszpasterskie-iii-niedziela-adwentu-13-12-2020-gaudete-radosci","status":"publish","type":"post","link":"http:\/\/www.rozalia-zagnansk.pl\/?p=3510","title":{"rendered":"Og\u0142oszenia duszpasterskie III Niedziela Adwentu 13.12.2020 Gaudete \u2013 Rado\u015bci"},"content":{"rendered":"<p style=\"text-align: center;\"><strong>III Niedziela Adwentu 13.12.2020 Gaudete \u2013 Rado\u015bci<\/strong><\/p>\n<p>&#8221;Drogie dzieci! To jest czas mi\u0142o\u015bci, ciep\u0142a, modlitwy i rado\u015bci. Dziatki, m\u00f3dlcie si\u0119, aby Dzieci\u0119 Jezus narodzi\u0142o si\u0119 w waszych sercach. Otw\u00f3rzcie wasze serca Jezusowi, kt\u00f3ry daje si\u0119 ka\u017cdemu z was. B\u00f3g mnie pos\u0142a\u0142, abym by\u0142a rado\u015bci\u0105 i nadziej\u0105 w tym czasie, a ja wam m\u00f3wi\u0119: bez Dzieci\u0105tka Jezus nie macie delikatno\u015bci, ani do\u015bwiadczenia Nieba, kt\u00f3re kryje si\u0119 w nowonarodzonym. Dziatki, dlatego pracujcie nad sob\u0105. Czytaj\u0105c Pismo \u015awi\u0119te odkryjecie narodzenie Jezusa i rado\u015b\u0107 jak w [czasie] pierwszych dni, kt\u00f3re Medziugorje da\u0142o ludzko\u015bci. Historia b\u0119dzie prawd\u0105, co si\u0119 i dzi\u015b powtarza w was i wok\u00f3\u0142 was. Pracujcie i budujcie pok\u00f3j poprzez sakrament spowiedzi. Dziatki, pojednajcie si\u0119 z Bogiem i zobaczycie cuda wok\u00f3\u0142 was. Dzi\u0119kuj\u0119 wam, \u017ce odpowiedzieli\u015bcie na moje wezwanie.&#8221; 25.11.2020 r.<\/p>\n<p>Dzisiaj Dzie\u0144 modlitw za ofiary stanu wojennego i akcja \u201eZapal \u015awiat\u0142o wolno\u015bci\u201d \u201eZapalenie w oknach 13 grudnia o godz. 19.30 symbolicznych \u015bwiec ma upami\u0119tnia\u0107 wszystkich tych, kt\u00f3rzy w czasie stanu wojennego stracili \u017cycie, utracili prac\u0119 lub musieli opu\u015bci\u0107 Ojczyzn\u0119 w wyniku przeciwstawiania si\u0119 brutalnym dzia\u0142aniom w\u0142adz komunistycznych. Zapalaj\u0105c \u015bwiat\u0142o wolno\u015bci dajemy \u015bwiadectwo wdzi\u0119czno\u015bci wobec os\u00f3b i ich rodzin, kt\u00f3re nie zawaha\u0142y si\u0119 cierpie\u0107 i znosi\u0107 represje w imi\u0119 podstawowych praw jednostki\u201d<\/p>\n<p><strong>Przypominam, \u017ce od poniedzia\u0142ku do pi\u0105tku od 16<sup>00<\/sup> do 17<sup>00<\/sup> trwa adoracja N.S. Podczas adoracji pos\u0142ugujemy w konfesjonale. \u00a0<\/strong>Przypominam, \u017ce nie b\u0119dzie wyznaczonego czasu spowiedzi adwentowej, prosz\u0119 skorzystajcie w tym tygodniu, bowiem ostatnie dni dla nas s\u0105 r\u00f3wnie\u017c pracowite w przygotowaniu liturgii \u015bwi\u0105t Bo\u017cego Narodzenia.<\/p>\n<p><strong>Roraty<\/strong> adwentowe od poniedzia\u0142ku do pi\u0105tku o godz. <strong>7<sup>00<\/sup><\/strong> i dla <strong>dzieci o 17<sup>00<\/sup><\/strong>.<\/p>\n<p>Op\u0142atki (tutaj na balustradzie) i \u015bwiece Wigilijnego DPDz. (w zakrystii) s\u0105 do nabycia \u2013 cz\u0119\u015b\u0107 dochodu przeznaczamy na \u015bwi\u0105teczn\u0105 pomoc najubo\u017cszym. Do \u015brody przyjmujemy produkty \u015bwi\u0105teczne w celu zrobienia paczek. Prosz\u0119 o dyskretn\u0105 informacj\u0119 o rodzinach potrzebuj\u0105cych. W zakrystii s\u0105 jeszcze ciekawe kalendarze rolnik\u00f3w oraz kilka kalendarzy diecezjalnych. S\u0105 r\u00f3wnie\u017c listy dla przyjaci\u00f3\u0142 Wy\u017cszego Seminarium Duch.<\/p>\n<p>Druhowie Stra\u017cacy dobrym zwyczajem lat ubieg\u0142ych nie b\u0119d\u0105 rozprowadza\u0107 swoich kalendarzy po domach, uczyni\u0105 to w nast\u0119pn\u0105 niedziel\u0119 po mszach \u015bw. przed ko\u015bcio\u0142em. Wesprzyjcie ich prac\u0119 z m\u0142odymi.<\/p>\n<p>Przypominam rozporz\u0105dzenie o<strong> liczbie uczestnik\u00f3w zgromadze\u0144 1 os.\/15 m<sup>2<\/sup>. W naszym ko\u015bciele mo\u017ce uczestniczy\u0107 w nabo\u017ce\u0144stwach &#8211; 64 osoby. Prosz\u0119 pami\u0119tajmy o maseczkach i dystansie. <\/strong><\/p>\n<p>B\u00f3g zap\u0142a\u0107 III gr. z Zache\u0142mia za trosk\u0119 o ko\u015bci\u00f3\u0142 i ofiar\u0119 120 z\u0142. Msza \u015bw. w intencji tych Rodzin w \u015brod\u0119. W sobot\u0119 zapraszam V gr. Rodzin.<\/p>\n<p><strong>Kancelaria parafialna<\/strong> czynna w<strong> poniedzia\u0142ek, \u015brod\u0119, pi\u0105tek od 15<sup>00 <\/sup>&#8211; 16<sup>00<\/sup><\/strong>.<\/p>\n<p>W tym tygodniu z naszej wsp\u00f3lnoty parafialnej odesz\u0142y+ Bernatek Mieczys\u0142awa, Garycka Janina, Majewska Helena.<\/p>\n<p><a href=\"http:\/\/www.rozalia-zagnansk.pl\/wp-content\/uploads\/2020\/12\/Lokale-aktywizuj\u0105ce-Caritas.pdf\">Lokale aktywizuj\u0105ce Caritas<\/a><\/p>\n<p><a href=\"http:\/\/www.rozalia-zagnansk.pl\/wp-content\/uploads\/2020\/12\/Niedzielnik-2020.12.13-a.pdf\">Niedzielnik 2020.12.13<\/a><\/p>\n ","protected":false},"excerpt":{"rendered":"<p>III Niedziela Adwentu 13.12.2020 Gaudete \u2013 Rado\u015bci &#8221;Drogie dzieci! To jest czas mi\u0142o\u015bci, ciep\u0142a, modlitwy i rado\u015bci. Dziatki, m\u00f3dlcie si\u0119, aby Dzieci\u0119 [&hellip;]<\/p>\n","protected":false},"author":1,"featured_media":0,"comment_status":"closed","ping_status":"open","sticky":false,"template":"","format":"standard","meta":{"_acf_changed":false,"jetpack_post_was_ever_published":false,"_jetpack_newsletter_access":"","_jetpack_dont_email_post_to_subs":false,"_jetpack_newsletter_tier_id":0,"_jetpack_memberships_contains_paywalled_content":false,"_jetpack_memberships_contains_paid_content":false,"footnotes":"","jetpack_publicize_message":"","jetpack_publicize_feature_enabled":true,"jetpack_social_post_already_shared":true,"jetpack_social_options":{"image_generator_settings":{"template":"highway","enabled":false},"version":2}},"categories":[3],"tags":[],"class_list":["post-3510","post","type-post","status-publish","format-standard","hentry","category-ogloszenia"],"jetpack_publicize_connections":[],"acf":[],"jetpack_featured_media_url":"","jetpack_sharing_enabled":true,"jetpack_shortlink":"https:\/\/wp.me\/paz7cl-UC","_links":{"self":[{"href":"http:\/\/www.rozalia-zagnansk.pl\/index.php?rest_route=\/wp\/v2\/posts\/3510","targetHints":{"allow":["GET"]}}],"collection":[{"href":"http:\/\/www.rozalia-zagnansk.pl\/index.php?rest_route=\/wp\/v2\/posts"}],"about":[{"href":"http:\/\/www.rozalia-zagnansk.pl\/index.php?rest_route=\/wp\/v2\/types\/post"}],"author":[{"embeddable":true,"href":"http:\/\/www.rozalia-zagnansk.pl\/index.php?rest_route=\/wp\/v2\/users\/1"}],"replies":[{"embeddable":true,"href":"http:\/\/www.rozalia-zagnansk.pl\/index.php?rest_route=%2Fwp%2Fv2%2Fcomments&post=3510"}],"version-history":[{"count":2,"href":"http:\/\/www.rozalia-zagnansk.pl\/index.php?rest_route=\/wp\/v2\/posts\/3510\/revisions"}],"predecessor-version":[{"id":3516,"href":"http:\/\/www.rozalia-zagnansk.pl\/index.php?rest_route=\/wp\/v2\/posts\/3510\/revisions\/3516"}],"wp:attachment":[{"href":"http:\/\/www.rozalia-zagnansk.pl\/index.php?rest_route=%2Fwp%2Fv2%2Fmedia&parent=3510"}],"wp:term":[{"taxonomy":"category","embeddable":true,"href":"http:\/\/www.rozalia-zagnansk.pl\/index.php?rest_route=%2Fwp%2Fv2%2Fcategories&post=3510"},{"taxonomy":"post_tag","embeddable":true,"href":"http:\/\/www.rozalia-zagnansk.pl\/index.php?rest_route=%2Fwp%2Fv2%2Ftags&post=3510"}],"curies":[{"name":"wp","href":"https:\/\/api.w.org\/{rel}","templated":true}]}}