{"id":3503,"date":"2020-12-05T19:04:09","date_gmt":"2020-12-05T19:04:09","guid":{"rendered":"http:\/\/www.rozalia-zagnansk.pl\/?p=3503"},"modified":"2020-12-05T19:04:09","modified_gmt":"2020-12-05T19:04:09","slug":"ogloszenia-duszpasterskie-ii-niedziela-adwentu-06-12-2020","status":"publish","type":"post","link":"http:\/\/www.rozalia-zagnansk.pl\/?p=3503","title":{"rendered":"Og\u0142oszenia duszpasterskie II Niedziela Adwentu 06.12.2020"},"content":{"rendered":"<p style=\"text-align: center;\"><strong>Og\u0142oszenia duszpasterskie II Niedziela Adwentu 06.12.2020<\/strong><\/p>\n<p><strong>Zwyci\u0119stwo, je\u017celi przyjdzie, to przyjdzie przez Maryj\u0119 \u2013 Niepokalan\u0105. <\/strong><\/p>\n<p>Cyt. z ksi\u0105\u017cki \u201dKacharitomene\u201d ks. Dominika Chmielewskiego: Obecnie na ca\u0142ym \u015bwiecie mamy fenomen p\u0142acz\u0105cych obraz\u00f3w, nawet krwawymi \u0142zami. Pomy\u015bl sobie, jak kogo\u015b musi bole\u0107 serce, \u017ce p\u0142acze krwawymi \u0142zami. Prawdziwa Matka wie dobrze, \u017ce to jest czas ostatni. Albo staniemy przy Niej, odpowiemy na to wezwanie do pokuty, albo trafimy w \u0142apy diab\u0142a, a on nas zniszczy. B\u00f3g da\u0142 nam Jezusa przez Maryj\u0119, trzeba zatem nam i\u015b\u0107 do Maryi aby otrzyma\u0107 Jezusa, bo On jest moc\u0105 i nadziej\u0105 nasz\u0105.<\/p>\n<p>Trwa nasza wsp\u00f3lnotowa Nowenna przed uroczysto\u015bci\u0105 Niepokalanego Pocz\u0119cia N.M.P.<\/p>\n<p style=\"padding-left: 40px;\">dzisiaj \u2013 modlitwa <strong>za wychowawc\u00f3w, nauczycieli i dziadk\u00f3w.<\/strong><\/p>\n<p style=\"padding-left: 40px;\"><strong>Poniedzia\u0142ek<\/strong> 07.12 \u2013 modlitwa <strong>za prze\u0142o\u017conych wszelkich szczebli.<\/strong> <strong>Adoracja N. S. od godz. 16<sup>00<\/sup>; 16<sup>30 <\/sup>&#8211; <\/strong>nowenna,<strong> 17<sup>00<\/sup> \u2013 Eucharystia<\/strong>.<\/p>\n<p style=\"padding-left: 40px;\"><strong>Wtorek<\/strong> <strong>08.12<\/strong> &#8211; <strong>Uroczysto\u015b\u0107 Niepokalanego Pocz\u0119cia<\/strong> \u2013 nasze zawierzenie N.M.P.<strong> \u2013 msze \u015bw. 12<sup>00<\/sup> \u2013 jest to zarazem Godzina \u0141aski; 17<sup>00 <\/sup>\u2013 msza \u015bw. dla dzieci i na niej po\u015bwi\u0119cenie medalik\u00f3w dla dzieci przygotowuj\u0105cych si\u0119 do I Komunii \u015bw.; <\/strong><strong>18<sup>00<\/sup> \u2013 uroczyste zawierzenie siebie Maryi Niepokalanej.<\/strong><\/p>\n<p><strong>Podczas adoracji pos\u0142ugujemy w konfesjonale. \u00a0<\/strong>Przypominam, \u017ce ten czas jest zarazem czasem rekolekcji adwentowych. Skorzystajmy zatem w wi\u0119kszo\u015bci ze spowiedzi adwentowej i \u015bwi\u0105tecznej, przed Bo\u017cym Narodzeniem.<\/p>\n<p><strong>Roraty<\/strong> adwentowe rozpoczynamy od \u015brody 09.12. msza \u015bw. roratnia o godz. <strong>7<sup>00<\/sup><\/strong> i dla <strong>dzieci o 17<sup>00<\/sup><\/strong>. Prosz\u0119 pom\u00f3\u017ccie dzieciom uczestniczy\u0107 w roratch. Od \u015brody do pi\u0105tku kontynuujemy Adoracj\u0105 N.S. od godz. 16<sup>00<\/sup>.<\/p>\n<p>Op\u0142atki (tutaj na balustradzie) i \u015bwiece Wigilijnego Dzie\u0142a Pomocy Dzieciom (w zakrystii) s\u0105 do nabycia \u2013 cz\u0119\u015b\u0107 dochodu przeznaczamy na \u015bwi\u0105teczn\u0105 pomoc najubo\u017cszym. Na ko\u0144cu nowej cz\u0119\u015bci ko\u015bcio\u0142a wystawiony jest kosz z r\u0119kodzie\u0142em dzieci i m\u0142odzie\u017cy \u2013 \u015bwi\u0105tecznymi kartkami i ozdobami, wykonane przez m\u0142odych z Zespo\u0142u Szk\u00f3\u0142 nr. 2 i Wolnej Strefy, doch\u00f3d jest przeznaczony na paczki \u015bwi\u0105teczne dla najubo\u017cszych. W t\u0105 idee pomocy w\u0142\u0105cza si\u0119 Szkolne Ko\u0142o Wolontariatu dzia\u0142aj\u0105ce w SP nr 1, organizuj\u0105c zbi\u00f3rk\u0119 \u017cywno\u015bci.<\/p>\n<p>Stosujmy si\u0119 do rozporz\u0105dze\u0144 organ\u00f3w pa\u0144stwowych z<strong> 7 listopada kt\u00f3re okre\u015bli\u0142y liczb\u0119 uczestnik\u00f3w zgromadze\u0144 1 os.\/15 m<sup>2<\/sup>. W naszym ko\u015bciele mo\u017ce uczestniczy\u0107 w nabo\u017ce\u0144stwach &#8211; 64 osoby. Prosz\u0119 pami\u0119tajmy o maseczkach i dystansie. <\/strong><\/p>\n<p>B\u00f3g zap\u0142a\u0107 II gr. z Zache\u0142mia za trosk\u0119 o ko\u015bci\u00f3\u0142 i ofiar\u0119 140 z\u0142. Msza \u015bw. w intencji tych Rodzin w \u015brod\u0119. W sobot\u0119 zapraszam III gr. Rodzin z Zache\u0142mia.<\/p>\n<p><strong>W nast\u0119pn\u0105 niedziel\u0119 taca inwestycyjna.<\/strong><\/p>\n<p><strong>Kancelaria parafialna<\/strong> czynna w<strong> poniedzia\u0142ek, \u015brod\u0119, pi\u0105tek od 15<sup>00 <\/sup>&#8211; 16<sup>00<\/sup><\/strong>.<\/p>\n<p>W tym tygodniu z naszej wsp\u00f3lnoty parafialnej odesz\u0142a + Aniela Kurek.<\/p>\n<p><a href=\"http:\/\/www.rozalia-zagnansk.pl\/wp-content\/uploads\/2020\/12\/Niedzielnik-2020.12.06.pdf\">Niedzielnik 2020.12.06<\/a><\/p>\n ","protected":false},"excerpt":{"rendered":"<p>Og\u0142oszenia duszpasterskie II Niedziela Adwentu 06.12.2020 Zwyci\u0119stwo, je\u017celi przyjdzie, to przyjdzie przez Maryj\u0119 \u2013 Niepokalan\u0105. Cyt. z ksi\u0105\u017cki \u201dKacharitomene\u201d ks. Dominika Chmielewskiego: [&hellip;]<\/p>\n","protected":false},"author":1,"featured_media":0,"comment_status":"closed","ping_status":"open","sticky":false,"template":"","format":"standard","meta":{"_acf_changed":false,"jetpack_post_was_ever_published":false,"_jetpack_newsletter_access":"","_jetpack_dont_email_post_to_subs":false,"_jetpack_newsletter_tier_id":0,"_jetpack_memberships_contains_paywalled_content":false,"_jetpack_memberships_contains_paid_content":false,"footnotes":"","jetpack_publicize_message":"","jetpack_publicize_feature_enabled":true,"jetpack_social_post_already_shared":true,"jetpack_social_options":{"image_generator_settings":{"template":"highway","enabled":false},"version":2}},"categories":[3],"tags":[],"class_list":["post-3503","post","type-post","status-publish","format-standard","hentry","category-ogloszenia"],"jetpack_publicize_connections":[],"acf":[],"jetpack_featured_media_url":"","jetpack_sharing_enabled":true,"jetpack_shortlink":"https:\/\/wp.me\/paz7cl-Uv","_links":{"self":[{"href":"http:\/\/www.rozalia-zagnansk.pl\/index.php?rest_route=\/wp\/v2\/posts\/3503","targetHints":{"allow":["GET"]}}],"collection":[{"href":"http:\/\/www.rozalia-zagnansk.pl\/index.php?rest_route=\/wp\/v2\/posts"}],"about":[{"href":"http:\/\/www.rozalia-zagnansk.pl\/index.php?rest_route=\/wp\/v2\/types\/post"}],"author":[{"embeddable":true,"href":"http:\/\/www.rozalia-zagnansk.pl\/index.php?rest_route=\/wp\/v2\/users\/1"}],"replies":[{"embeddable":true,"href":"http:\/\/www.rozalia-zagnansk.pl\/index.php?rest_route=%2Fwp%2Fv2%2Fcomments&post=3503"}],"version-history":[{"count":1,"href":"http:\/\/www.rozalia-zagnansk.pl\/index.php?rest_route=\/wp\/v2\/posts\/3503\/revisions"}],"predecessor-version":[{"id":3505,"href":"http:\/\/www.rozalia-zagnansk.pl\/index.php?rest_route=\/wp\/v2\/posts\/3503\/revisions\/3505"}],"wp:attachment":[{"href":"http:\/\/www.rozalia-zagnansk.pl\/index.php?rest_route=%2Fwp%2Fv2%2Fmedia&parent=3503"}],"wp:term":[{"taxonomy":"category","embeddable":true,"href":"http:\/\/www.rozalia-zagnansk.pl\/index.php?rest_route=%2Fwp%2Fv2%2Fcategories&post=3503"},{"taxonomy":"post_tag","embeddable":true,"href":"http:\/\/www.rozalia-zagnansk.pl\/index.php?rest_route=%2Fwp%2Fv2%2Ftags&post=3503"}],"curies":[{"name":"wp","href":"https:\/\/api.w.org\/{rel}","templated":true}]}}