{"id":3499,"date":"2020-11-28T21:59:36","date_gmt":"2020-11-28T21:59:36","guid":{"rendered":"http:\/\/www.rozalia-zagnansk.pl\/?p=3499"},"modified":"2020-11-28T21:59:36","modified_gmt":"2020-11-28T21:59:36","slug":"ogloszenia-duszpasterskie-i-niedziela-adwentu-29-11-2020","status":"publish","type":"post","link":"http:\/\/www.rozalia-zagnansk.pl\/?p=3499","title":{"rendered":"Og\u0142oszenia duszpasterskie I Niedziela Adwentu 29.11.2020"},"content":{"rendered":"<p style=\"text-align: center;\"><strong>Og\u0142oszenia duszpasterskie I Niedziela Adwentu 29.11.2020<\/strong><\/p>\n<p>Czemu, o Panie, dozwalasz nam b\u0142\u0105dzi\u0107 z dala od Twoich dr\u00f3g, tak i\u017c serca nasze staj\u0105 si\u0119 nieczu\u0142e na boja\u017a\u0144 przed Tob\u0105? S\u0142owo Bo\u017ce jest dosadnym komentarzem ludzkich postaw. Serce wsp\u00f3\u0142czesnego cz\u0142owieka jest tak znieprawione, \u017ce staje si\u0119 nieczu\u0142e na Bo\u017ce prawo. Cz\u0142owiek sam ustanawia prawa \u017cycia i \u015bmierci. Rezultat jest dramatyczny, bowiem niesie \u015bmier\u0107 niewinnych istot. Pr\u00f3ba zawalczenia o prawo do \u017cycia nienarodzonych, niesie niespotykan\u0105 dotychczas agresj\u0119 wraz z atakiem na samego Boga i Jego ko\u015bci\u00f3\u0142. To nie jest przeno\u015bnia, to si\u0119 dzieje na naszych oczach. To jest klasyczna walka duchowa. Z\u0142y kt\u00f3ry nienawidzi Boga, nienawidzi cz\u0142owieka. Mo\u017ce nas uratowa\u0107 tylko Niepokalana, kt\u00f3ra mia\u017cd\u017cy Jemu g\u0142ow\u0119. To Jej z po\u015br\u00f3d istot ludzkich najbardziej si\u0119 obawia. Podejmij walk\u0119.<\/p>\n<p><strong>Zwyci\u0119stwo, je\u017celi przyjdzie, to przyjdzie przez Maryj\u0119 \u2013 Niepokalan\u0105. <\/strong><\/p>\n<p>Je\u017celi pragniesz dobrego i w pe\u0142ni \u017cycia dla siebie i Twoich bliskich, ofiaruj sw\u00f3j czas i serce przez najbli\u017csze dziewi\u0119\u0107 dni w Nowennie do Niepokalanego Pocz\u0119cia. <a href=\"http:\/\/www.rozalia-zagnansk.pl\/?p=3492\">Tre\u015b\u0107 Nowenny i szczeg\u00f3\u0142y dost\u0119pne s\u0105 tutaj<\/a>. Zapraszam:<\/p>\n<p style=\"padding-left: 40px;\">dzisiaj na I dzie\u0144 Nowenny w trakcie <strong>Wieczoru Uwielbienia<\/strong>\u00a0\u2013 <strong>modlitwa za parafi\u0119.<\/strong><\/p>\n<p style=\"padding-left: 40px;\"><strong>Poniedzia\u0142ek<\/strong> \u2013 modlitwa <strong>za dzieci.<\/strong><\/p>\n<p style=\"padding-left: 40px;\"><strong>Wtorek<\/strong> \u2013 modlitwa <strong>za m\u0142odzie\u017c.<\/strong><\/p>\n<p style=\"padding-left: 40px;\"><strong>\u015aroda<\/strong> \u2013 modlitwa <strong>za ma\u0142\u017conk\u00f3w i rodziny.<\/strong><\/p>\n<p style=\"padding-left: 40px;\"><strong>Czwartek<\/strong> \u2013 modlitwa <strong>za kap\u0142an\u00f3w.<\/strong><\/p>\n<p style=\"padding-left: 40px;\"><strong>Pi\u0105tek<\/strong> \u2013 modlitwa <strong>za chorych i samotnych.<\/strong><\/p>\n<p style=\"padding-left: 40px;\"><strong>Sobota<\/strong> \u2013 modlitwa <strong>za duchowo zniewolonych.<\/strong> <strong>Niedziela<\/strong> \u2013 modlitwa <strong>za wychowawc\u00f3w, nauczycieli i dziadk\u00f3w.<\/strong><\/p>\n<p style=\"padding-left: 40px;\"><strong>Poniedzia\u0142ek<\/strong> 07.12 \u2013 modlitwa <strong>za prze\u0142o\u017conych wszelkich szczebli.<\/strong><\/p>\n<p style=\"padding-left: 40px;\"><strong>Wtorek<\/strong> 08.12 &#8211; <strong>Uroczysto\u015b\u0107 Niepokalanego Pocz\u0119cia<\/strong> \u2013 zawierzenie.<\/p>\n<p>Poszczeg\u00f3lne dni rozpoczniemy <strong>adoracj\u0105 N. S. od godz. 16<sup>00<\/sup>, od 16<sup>30<\/sup> <\/strong>nowenna prowadzona przez powy\u017csze stany,<strong> 17<sup>00<\/sup> \u2013 Eucharystia <\/strong>opr\u00f3cz <strong>soboty<\/strong> \u2013 adoracja i Nowenna <strong>od 7<sup>00<\/sup><\/strong>.<strong>\u00a0 Podczas adoracji pos\u0142ugujemy w konfesjonale. \u00a0<\/strong>Prosz\u0119, aby dzieci i m\u0142odzie\u017c szczeg\u00f3lnie przygotowuj\u0105ca si\u0119 do sakramentu bierzmowania w tych dniach im po\u015bwi\u0119conych skorzystali ze spowiedzi. Ten czas, mam nadziej\u0119 dla nas wszystkich bardzo owocny duchowo, b\u0119dzie zarazem czasem rekolekcji adwentowych. Skorzystajmy zatem w wi\u0119kszo\u015bci ze spowiedzi adwentowej i \u015bwi\u0105tecznej, przed Bo\u017cym Narodzeniem. Roraty adwentowe rozpoczniemy od 09.12.<\/p>\n<p>W tym tygodniu przypadaj\u0105:<\/p>\n<p style=\"padding-left: 40px;\"><strong>I Czwartek<\/strong> miesi\u0105ca;<\/p>\n<p style=\"padding-left: 40px;\"><strong>I Pi\u0105tek<\/strong> miesi\u0105ca \u2013 do chorych ksi\u0105dz uda si\u0119 na zaproszenie rodzin od godz. 10<sup>00<\/sup>;<\/p>\n<p style=\"padding-left: 40px;\"><strong>I Sobota<\/strong> miesi\u0105ca \u2013 <strong>adoracja od godz. 7<sup>00<\/sup><\/strong> a od 7<sup>30 <\/sup>Nowenna.<\/p>\n<p>Op\u0142atki (tutaj na balustradzie) i \u015bwiece Wigilijnego Dzie\u0142a Pomocy Dzieciom (w zakrystii) s\u0105 do nabycia \u2013 cz\u0119\u015b\u0107 dochodu przeznaczamy na \u015bwi\u0105teczn\u0105 pomoc najubo\u017cszym. Prosz\u0119 my\u015blmy ju\u017c o przynoszeniu produkt\u00f3w \u015bwi\u0105tecznych w celu zrobienia paczek. Prosz\u0119 o dyskretn\u0105 informacj\u0119 o rodzinach potrzebuj\u0105cych. W zakrystii s\u0105 kalendarze rolnik\u00f3w.<\/p>\n<p>Stosujmy si\u0119 do rozporz\u0105dze\u0144 organ\u00f3w pa\u0144stwowych z<strong> 7 listopada kt\u00f3re okre\u015bli\u0142y liczb\u0119 uczestnik\u00f3w zgromadze\u0144 1 os.\/15 m<sup>2<\/sup>. W naszym ko\u015bciele mo\u017ce uczestniczy\u0107 w nabo\u017ce\u0144stwach &#8211; 64 osoby. Prosz\u0119 pami\u0119tajmy o maseczkach i dystansie. <\/strong><\/p>\n<p>B\u00f3g zap\u0142a\u0107 I gr. z Zache\u0142mia za trosk\u0119 o ko\u015bci\u00f3\u0142 i ofiar\u0119 200 z\u0142. Msza \u015bw. w intencji tych Rodzin w \u015brod\u0119. W sobot\u0119 zapraszam II gr. Rodzin z Zache\u0142mia.<\/p>\n<p><strong>Kancelaria parafialna<\/strong> czynna w<strong> poniedzia\u0142ek, \u015brod\u0119, pi\u0105tek od 15<sup>00 <\/sup>&#8211; 16<sup>00<\/sup><\/strong>.<\/p>\n<p>W tym tygodniu z naszej wsp\u00f3lnoty parafialnej odeszli+ Leszek W\u0142odzimierz Garycki oraz dr Grzegorz Midak.<\/p>\n<p><a href=\"http:\/\/www.rozalia-zagnansk.pl\/wp-content\/uploads\/2020\/11\/Niedzielnik-2020.11.29.pdf\">Niedzielnik 2020.11.29<\/a><\/p>\n ","protected":false},"excerpt":{"rendered":"<p>Og\u0142oszenia duszpasterskie I Niedziela Adwentu 29.11.2020 Czemu, o Panie, dozwalasz nam b\u0142\u0105dzi\u0107 z dala od Twoich dr\u00f3g, tak i\u017c serca nasze staj\u0105 [&hellip;]<\/p>\n","protected":false},"author":1,"featured_media":0,"comment_status":"closed","ping_status":"open","sticky":false,"template":"","format":"standard","meta":{"_acf_changed":false,"jetpack_post_was_ever_published":false,"_jetpack_newsletter_access":"","_jetpack_dont_email_post_to_subs":false,"_jetpack_newsletter_tier_id":0,"_jetpack_memberships_contains_paywalled_content":false,"_jetpack_memberships_contains_paid_content":false,"footnotes":"","jetpack_publicize_message":"","jetpack_publicize_feature_enabled":true,"jetpack_social_post_already_shared":true,"jetpack_social_options":{"image_generator_settings":{"template":"highway","enabled":false},"version":2}},"categories":[3],"tags":[],"class_list":["post-3499","post","type-post","status-publish","format-standard","hentry","category-ogloszenia"],"jetpack_publicize_connections":[],"acf":[],"jetpack_featured_media_url":"","jetpack_sharing_enabled":true,"jetpack_shortlink":"https:\/\/wp.me\/paz7cl-Ur","_links":{"self":[{"href":"http:\/\/www.rozalia-zagnansk.pl\/index.php?rest_route=\/wp\/v2\/posts\/3499","targetHints":{"allow":["GET"]}}],"collection":[{"href":"http:\/\/www.rozalia-zagnansk.pl\/index.php?rest_route=\/wp\/v2\/posts"}],"about":[{"href":"http:\/\/www.rozalia-zagnansk.pl\/index.php?rest_route=\/wp\/v2\/types\/post"}],"author":[{"embeddable":true,"href":"http:\/\/www.rozalia-zagnansk.pl\/index.php?rest_route=\/wp\/v2\/users\/1"}],"replies":[{"embeddable":true,"href":"http:\/\/www.rozalia-zagnansk.pl\/index.php?rest_route=%2Fwp%2Fv2%2Fcomments&post=3499"}],"version-history":[{"count":1,"href":"http:\/\/www.rozalia-zagnansk.pl\/index.php?rest_route=\/wp\/v2\/posts\/3499\/revisions"}],"predecessor-version":[{"id":3501,"href":"http:\/\/www.rozalia-zagnansk.pl\/index.php?rest_route=\/wp\/v2\/posts\/3499\/revisions\/3501"}],"wp:attachment":[{"href":"http:\/\/www.rozalia-zagnansk.pl\/index.php?rest_route=%2Fwp%2Fv2%2Fmedia&parent=3499"}],"wp:term":[{"taxonomy":"category","embeddable":true,"href":"http:\/\/www.rozalia-zagnansk.pl\/index.php?rest_route=%2Fwp%2Fv2%2Fcategories&post=3499"},{"taxonomy":"post_tag","embeddable":true,"href":"http:\/\/www.rozalia-zagnansk.pl\/index.php?rest_route=%2Fwp%2Fv2%2Ftags&post=3499"}],"curies":[{"name":"wp","href":"https:\/\/api.w.org\/{rel}","templated":true}]}}