{"id":3463,"date":"2020-10-31T22:26:06","date_gmt":"2020-10-31T22:26:06","guid":{"rendered":"http:\/\/www.rozalia-zagnansk.pl\/?p=3463"},"modified":"2020-10-31T22:26:50","modified_gmt":"2020-10-31T22:26:50","slug":"ogloszenia-duszpasterskie-xxxi-niedziela-zwykla-01-11-2020","status":"publish","type":"post","link":"http:\/\/www.rozalia-zagnansk.pl\/?p=3463","title":{"rendered":"Og\u0142oszenia duszpasterskie XXXI Niedziela zwyk\u0142a 01.11.2020"},"content":{"rendered":"<p style=\"text-align: center;\"><strong>Og\u0142oszenia duszpasterskie XXXI Niedziela zwyk\u0142a 01.11.2020<\/strong><\/p>\n<p>B\u0142ogos\u0142awieni ubodzy w duchu, smuc\u0105cy si\u0119, cisi, pragn\u0105cy sprawiedliwo\u015bci, mi\u0142osierni, czystego serca, wprowadzaj\u0105cy pok\u00f3j \u2013 jak\u017ce trudne postawy, wydaje si\u0119, \u017ce w dzisiejszych czasach wprost niemo\u017cliwe. Gdy widzimy co si\u0119 dzieje na ulicach. Co si\u0119 dzieje w obszarze osobistego zdrowia i poczucia bezpiecze\u0144stwa. A przecie\u017c historia nas tego uczy, \u017ce odwet rodzi odwet. Czy zatem my ludzie wierz\u0105cy, nie mamy prawa do dobrego imienia, do ochrony tego co naj\u015bwi\u0119tsze ludzkiego bezbronnego \u017cycia, naszych \u015bwi\u0105ty\u0144. Mamy prawo!!! Jednak my ludzie wiary musimy spogl\u0105da\u0107 na Jezusa. Uczcie si\u0119 ode Mnie, m\u00f3wi Pan. Jestem cichy i pokornego serca. A przecie\u017c dzisiaj szczeg\u00f3lnie wybrzmiewa t\u0119sknota za niebem. \u015awi\u0119tymi b\u0105d\u017acie, bo Ja jestem \u015awi\u0119ty. \u015awi\u0119to\u015b\u0107 zdobywa si\u0119 na kolanach i czynach autentycznej mi\u0142o\u015bci.<\/p>\n<p>Og\u0142asza\u0142em w poprzedni\u0105 niedziel\u0119, \u017ce nie b\u0119dzie mszy \u015bw. o godz. 16<sup>00<\/sup>, jednak ze wzgl\u0119du na rz\u0105dowe zamkni\u0119cie cmentarza, zapraszam na godz. <strong>16<sup>00<\/sup><\/strong> \u2013 b\u0119dziemy sprawowa\u0107 msz\u0119 \u015bw. za wszystkich wiernych zmar\u0142ych polecanych w wypominkach. Po mszy \u015bw. rozpoczniemy <strong>Adoracj\u0119 Naj\u015bwi\u0119tszego Sakramentu <\/strong>z modlitw\u0105 <strong>R\u00f3\u017caniec do Granic nieba<\/strong> za przyczyn\u0105 dzieci nienarodzonych, od godz. <strong>17<sup>00<\/sup> \u2013 20<sup>00<\/sup>.<\/strong><\/p>\n<p>Tym samym zapraszam na <strong>codzienn\u0105 Adoracj\u0119 N.S. <\/strong>po mszy \u015bw. wieczornej, modl\u0105c si\u0119 w inicjatywie og\u00f3lnopolskiej <strong>R\u00f3\u017caniec do granic<\/strong>\u2026<\/p>\n<p><strong>Poniedzia\u0142ek<\/strong> godz. <strong>17<sup>00<\/sup><\/strong> \u2013 poprowadz\u0105 <strong>Rycerze Kolumba. Wtorek<\/strong> godz. <strong>17<sup>30<\/sup><\/strong> \u2013 poprowadzi <strong>so\u0142ectwo Belno i KGW z Belna. \u015aroda<\/strong> godz. <strong>17<sup>45<\/sup><\/strong> \u2013 poprowadz\u0105 <strong>Jaworzanki. Czwartek<\/strong> godz. <strong>17<sup>30<\/sup><\/strong> \u2013 poprowadzi <strong>Grupa M\u0119ska. Pi\u0105tek<\/strong> godz. <strong>17<sup>30<\/sup><\/strong> \u2013 poprowadzi <strong>Apostolat Krwi Chrystusa. Sobota <\/strong>godz.<strong> 8<sup>30<\/sup><\/strong> \u2013 poprowadzi <strong>Apostolat M\u0119ski R\u00f3\u017caniec. Niedziela 17<sup>00<\/sup><\/strong> \u2013 poprowadzi <strong>Apostolat Margaretka.<\/strong><\/p>\n<p>Jutro <strong>Wspomnienie Wszystkich Wiernych Zmar\u0142ych<\/strong> &#8211; <strong>Dzie\u0144 Zaduszny<\/strong> msze \u015bw. o <strong>10<sup>00<\/sup><\/strong> i o <strong>16<sup>00<\/sup><\/strong> z modlitw\u0105 wypomink\u00f3w.<\/p>\n<p>Zgodnie z zarz\u0105dzeniem Rady Ministr\u00f3w zamkn\u0119li\u015bmy cmentarz w dniach 31.10 \u2013 02.11. br. Pami\u0119tajmy, \u017ce w tym roku ze wzgl\u0119du na pandemi\u0119 papie\u017c Franciszek na ca\u0142y listopad przed\u0142u\u017cy\u0142 mo\u017cliwo\u015b\u0107 uzyskania odpust\u00f3w zupe\u0142nych \u2013 kt\u00f3re mo\u017cemy darowa\u0107 za naszych bliskich zmar\u0142ych. Mo\u017cna je zyska\u0107 przez ca\u0142y listopad, zatem b\u0119dzie mo\u017cliwo\u015b\u0107 bezpiecznego nawiedzenia mogi\u0142 zmar\u0142ych.<\/p>\n<p><strong>W tygodniu wypadaj\u0105<\/strong><\/p>\n<p style=\"padding-left: 40px;\"><strong>I Czwartek<\/strong> miesi\u0105ca \u2013 Koronka do Krwi Chrystusa<\/p>\n<p style=\"padding-left: 40px;\"><strong>I Pi\u0105tek<\/strong> miesi\u0105ca odwiedziny chorych od godz. 10<sup>00<\/sup> na zaproszenie rodziny<\/p>\n<p style=\"padding-left: 40px;\"><strong>I Sobota<\/strong> miesi\u0105ca. Spowiadamy podczas adoracji Naj\u015bwi\u0119tszego. Sakramentu.<\/p>\n<p>W nast\u0119pna niedziel\u0119 po mszy \u015bw. o godz. 10<sup>00<\/sup> odb\u0119dzie si\u0119 losowanie nagr\u00f3d dla dzieci zbieraj\u0105cych Ziarenka oraz wr\u0119czenie nagr\u00f3d za udzia\u0142 i pa\u017adziernikow\u0105 modlitw\u0119 r\u00f3\u017ca\u0144cow\u0105.<\/p>\n<p>B\u00f3g zap\u0142a\u0107 za pe\u0142n\u0105 mocy Ducha \u015awi\u0119tego, pos\u0142ug\u0119 modlitwy uwielbienia wsp\u00f3lnocie Odnowy w Duchu \u015awi\u0119ty na ostatnim wieczorze uwielbienia.<\/p>\n<p>Z komunikatu ks. Biskupa Ordynariusza: Pami\u0119taj\u0105c jednak o osobach b\u0119d\u0105cych na kwarantannie, osobach starszych, chorych, osobach opiekuj\u0105cych si\u0119 ma\u0142ymi dzie\u0107mi czy osobami chorymi, oraz osobach, kt\u00f3re czuj\u0105 obaw\u0119 przed zara\u017ceniem, <strong>udzielam dyspensy od obowi\u0105zku uczestnictwa w niedzielnej Mszy \u015awi\u0119tej a\u017c do odwo\u0142ania. <\/strong>Transmitujemy msze \u015bw. na stronie internetowej parafii.<\/p>\n<p>Stosujmy si\u0119 do rozporz\u0105dze\u0144 organ\u00f3w pa\u0144stwowych z<strong> 17.10.2020 kt\u00f3re okre\u015bli\u0142y liczb\u0119 uczestnik\u00f3w zgromadze\u0144 1 os.\/7 m<sup>2<\/sup>. w czerwonej strefie. W naszym ko\u015bciele mo\u017ce uczestniczy\u0107 w nabo\u017ce\u0144stwach &#8211; 137 os\u00f3b. Prosz\u0119 pami\u0119tajmy o maseczkach i dystansie. <\/strong>Komuni\u0119 \u015bw. mo\u017cemy przyj\u0105\u0107 na r\u0119k\u0119. <strong>Spo\u017cywamy Cia\u0142o Pa\u0144skie na oczach kap\u0142ana. <\/strong><\/p>\n<p>B\u00f3g zap\u0142a\u0107 2 Rodzinom z Lekomina za trosk\u0119 i ofiar\u0119 40 z\u0142. Msza \u015bw.za te Rodziny w \u015brod\u0119. W sobot\u0119 zapraszam V gr. Rodzin\u00a0 z Lekomina.<\/p>\n<p><strong>Kancelaria parafialna<\/strong> czynna w<strong> \u015brod\u0119 i pi\u0105tek od 15<sup>00 <\/sup>do 16<sup>00<\/sup><\/strong>. Przyjmujemy wypominki roczne i jednorazowe.<\/p>\n<p><a href=\"http:\/\/www.rozalia-zagnansk.pl\/wp-content\/uploads\/2020\/10\/Niedzielnik-2020.11.01.pdf\">Niedzielnik 2020.11.01<\/a><\/p>\n ","protected":false},"excerpt":{"rendered":"<p>Og\u0142oszenia duszpasterskie XXXI Niedziela zwyk\u0142a 01.11.2020 B\u0142ogos\u0142awieni ubodzy w duchu, smuc\u0105cy si\u0119, cisi, pragn\u0105cy sprawiedliwo\u015bci, mi\u0142osierni, czystego serca, wprowadzaj\u0105cy pok\u00f3j \u2013 jak\u017ce [&hellip;]<\/p>\n","protected":false},"author":1,"featured_media":0,"comment_status":"closed","ping_status":"open","sticky":false,"template":"","format":"standard","meta":{"_acf_changed":false,"jetpack_post_was_ever_published":false,"_jetpack_newsletter_access":"","_jetpack_dont_email_post_to_subs":false,"_jetpack_newsletter_tier_id":0,"_jetpack_memberships_contains_paywalled_content":false,"_jetpack_memberships_contains_paid_content":false,"footnotes":"","jetpack_publicize_message":"","jetpack_publicize_feature_enabled":true,"jetpack_social_post_already_shared":true,"jetpack_social_options":{"image_generator_settings":{"template":"highway","enabled":false},"version":2}},"categories":[3],"tags":[],"class_list":["post-3463","post","type-post","status-publish","format-standard","hentry","category-ogloszenia"],"jetpack_publicize_connections":[],"acf":[],"jetpack_featured_media_url":"","jetpack_sharing_enabled":true,"jetpack_shortlink":"https:\/\/wp.me\/paz7cl-TR","_links":{"self":[{"href":"http:\/\/www.rozalia-zagnansk.pl\/index.php?rest_route=\/wp\/v2\/posts\/3463","targetHints":{"allow":["GET"]}}],"collection":[{"href":"http:\/\/www.rozalia-zagnansk.pl\/index.php?rest_route=\/wp\/v2\/posts"}],"about":[{"href":"http:\/\/www.rozalia-zagnansk.pl\/index.php?rest_route=\/wp\/v2\/types\/post"}],"author":[{"embeddable":true,"href":"http:\/\/www.rozalia-zagnansk.pl\/index.php?rest_route=\/wp\/v2\/users\/1"}],"replies":[{"embeddable":true,"href":"http:\/\/www.rozalia-zagnansk.pl\/index.php?rest_route=%2Fwp%2Fv2%2Fcomments&post=3463"}],"version-history":[{"count":2,"href":"http:\/\/www.rozalia-zagnansk.pl\/index.php?rest_route=\/wp\/v2\/posts\/3463\/revisions"}],"predecessor-version":[{"id":3466,"href":"http:\/\/www.rozalia-zagnansk.pl\/index.php?rest_route=\/wp\/v2\/posts\/3463\/revisions\/3466"}],"wp:attachment":[{"href":"http:\/\/www.rozalia-zagnansk.pl\/index.php?rest_route=%2Fwp%2Fv2%2Fmedia&parent=3463"}],"wp:term":[{"taxonomy":"category","embeddable":true,"href":"http:\/\/www.rozalia-zagnansk.pl\/index.php?rest_route=%2Fwp%2Fv2%2Fcategories&post=3463"},{"taxonomy":"post_tag","embeddable":true,"href":"http:\/\/www.rozalia-zagnansk.pl\/index.php?rest_route=%2Fwp%2Fv2%2Ftags&post=3463"}],"curies":[{"name":"wp","href":"https:\/\/api.w.org\/{rel}","templated":true}]}}