{"id":343,"date":"2017-03-19T05:40:45","date_gmt":"2017-03-19T05:40:45","guid":{"rendered":"http:\/\/www.rozalia.kielce.opoka.org.pl\/?p=343"},"modified":"2017-03-19T05:44:58","modified_gmt":"2017-03-19T05:44:58","slug":"ogloszenia-duszpasterskie-19-marca-2017r","status":"publish","type":"post","link":"http:\/\/www.rozalia-zagnansk.pl\/?p=343","title":{"rendered":"Og\u0142oszenia duszpasterskie 19 marca 2017r."},"content":{"rendered":"<p><strong>Og\u0142oszenia duszpasterskie 19.03.2017<\/strong><\/p>\n<p>&nbsp;<\/p>\n<p>\u201eB\u00f3g jest duchem; potrzeba wi\u0119c, by czciciele Jego oddawali Mu cze\u015b\u0107 w Duchu i prawdzie\u201d .<\/p>\n<p>Wa\u017cnym jest aby\u015b w swoim \u017cyciu wiary, postawi\u0142 sobie pytanie: Czy pragniesz rado\u015bci \u017cycia, pokoju serca, umiej\u0119tno\u015bci przyj\u0119cia tego co trudne, odwagi przebaczenia ? Je\u017celi tak. Twoja odpowied\u017a brzmi: Takiego \u017cycia pragn\u0119. To zadaj sobie pytanie co Pan mia\u0142 na my\u015bli, \u017ce pragnie aby Mu oddawa\u0107 cze\u015b\u0107\u00a0 w Duchu i prawdzie. Odpowied\u017a znajdziesz w sobie, gdy zobaczysz jakie s\u0105 Twoje relacje z najbli\u017cszymi, zgoda na trud i cierpienie. Cze\u015b\u0107 Bogu w prawdzie, to taka modlitwa, kt\u00f3ra przemienia Twoj\u0105 trudn\u0105 rzeczywisto\u015b\u0107. Taka modlitwa kt\u00f3ra popycha Ciebie do zmiany. Taka modlitwa, po kt\u00f3rej Ty wyci\u0105gasz d\u0142o\u0144 do drugiego, chocia\u017cby w Tobie wszystko krzycza\u0142o Nie! Cze\u015b\u0107 w Duchu, to zgoda aby Duch \u015awi\u0119ty poprowadzi\u0142 nas w modlitwie na takie przestrzenie kt\u00f3re nie s\u0105 naszym wyobra\u017ceniem ale s\u0105 Bo\u017c\u0105 wol\u0105 wobec Ciebie. To wreszcie modlitwa uwielbienia Boga we wszystkim. Tak\u017ce za krzy\u017c i cierpienie. Niezwyk\u0142e do\u015bwiadczenie wiary, zaryzykuj a Pan Ciebie poprowadzi.\u00a0 Za tydzie\u0144 czas wielkiej \u0142aski w parafii, rekolekcje wielkopostne \u2013 nie zmarnuj tej szansy !!!<\/p>\n<p>&nbsp;<\/p>\n<p>W poniedzia\u0142ek 20 marca obchodzimy Uroczysto\u015b\u0107 \u015bw. J\u00f3zefa Oblubie\u0144ca NMP.<\/p>\n<p>&nbsp;<\/p>\n<p>W najbli\u017csz\u0105 sobot\u0119 25 marca, Uroczysto\u015b\u0107 Zwiastowania Pa\u0144skiego i zwi\u0105zane z ni\u0105 Dzie\u0142o Duchowej Adopcji Dziecka Pocz\u0119tego. Zapraszam na msz\u0119 \u015bw. o godz. 8.00 o poszanowanie \u015bwi\u0119to\u015bci \u017cycia, ch\u0119tni b\u0119d\u0105 mogli\u00a0 uroczy\u015bcie z\u0142o\u017cy\u0107 przyrzeczenie Duchowej Adopcji \u2013 na bocznym o\u0142tarzu Matki Bo\u017cej Fatimskiej znajduj\u0105 si\u0119 deklaracje. W naszej diecezji b\u0119dziemy to wydarzenie prze\u017cywa\u0107 pod przewodnictwem Pasterza Ko\u015bcio\u0142a Kieleckiego, Ks. Biskupa Jana Piotrowskiego w bazylice katedralnej \u2013 szczeg\u00f3\u0142y w gablocie parafialnej.<\/p>\n<p>Zapraszam na kolejne spotkanie tworz\u0105cej si\u0119 Rady Rycerzy Kolumba przy naszej parafii. 23 marca tj. w czwartek na godz. 18.00 do plebani \u2013 zapraszam ch\u0119tnych i m\u0119\u017cnych Pan\u00f3w.<\/p>\n<p>&nbsp;<\/p>\n<p>Od najbli\u017cszej niedzieli rozpoczynamy <strong>Rekolekcje Wielkopostne<\/strong>, rekolekcje b\u0119dzie g\u0142osi\u0142 Ojciec Tomasz Mular \u2013 Redemptorysta.. Prosz\u0119 o modlitw\u0119 za ten czas, za Ojca Rekolekcjonist\u0119, kap\u0142an\u00f3w pos\u0142uguj\u0105cych Sakramentem Pokuty \u00a0i Pojednania i nas aby\u015bmy dobrze i g\u0142\u0119boko religijnie prze\u017cyli ten czas. W tej intencji podejmijmy konkretne zobowi\u0105zanie \u2013 kt\u00f3re nas kosztuje.<\/p>\n<p>&nbsp;<\/p>\n<p>Porz\u0105dek rekolekcji: <strong>Niedziela<\/strong>, tak jak ka\u017cda niedziela: 8.00; 10.00 (dzieci ); 12.00; 16.00<\/p>\n<p><strong>Poniedzia\u0142ek i Wtorek<\/strong>:<\/p>\n<p>09.00 \u2013 nauka og\u00f3lna<\/p>\n<p>11.30 \u2013 nauka dla dzieci<\/p>\n<p>16.00 \u2013 nauka dla m\u0142odzie\u017cy<\/p>\n<p>18.00 \u2013 nauka og\u00f3lna<\/p>\n<p><strong>Wtorek<\/strong> dzie\u0144 spowiedzi wielkopostnej: 8.30 \u2013 11.45; 15.30 \u2013 18.15<\/p>\n<p>&nbsp;<\/p>\n<p>Zapraszamy dzieci, m\u0142odzie\u017c i doros\u0142ych do uczestniczenia w nabo\u017ce\u0144stwach. Drogi Krzy\u017cowej w ka\u017cdy pi\u0105tek\u00a0 po Mszy \u015bw. o godz. 17.00 oraz\u00a0Gorzkich \u017bali w ka\u017cd\u0105 niedziel\u0119 po Mszy o godz. 16.00.<\/p>\n<p>&nbsp;<\/p>\n<p>Zapraszamy ch\u0119tnych ch\u0142opc\u00f3w i m\u0142odzie\u0144c\u00f3w do Liturgicznej S\u0142u\u017cby O\u0142tarza. Nasz\u0105 rado\u015bci\u0105 b\u0119dzie gdy kolejni Kandydaci zasil\u0105 szeregi Ministrant\u00f3w. Prosz\u0119 Rodzic\u00f3w zach\u0119\u0107cie swoich syn\u00f3w.<\/p>\n<p>&nbsp;<\/p>\n<p>Trzeciej grupie sprz\u0105taj\u0105cej ze \u015aci\u0119gien dzi\u0119kujemy za przygotowanie naszej \u015bwi\u0105tyni do niedzieli oraz ofiar\u0119 w kwocie 220 z\u0142. Msza \u015bw. w intencji rodzin tej grupy b\u0119dzie 9 kwietnia o godz. 8.00. Za tydzie\u0144, w sobot\u0119, na godz. 9.oo zapraszamy kolejne dziesi\u0119\u0107 rodzin ze \u015aci\u0119gien do sprz\u0105tania ko\u015bcio\u0142a.<\/p>\n<p>&nbsp;<\/p>\n<p>Klub Wolna Strefa w ramach projektu \u201eNordic walking dla seniora\u201d poszukuje trenera do prowadzenia zaj\u0119\u0107 z Nordic walkingu. Projekt startuje od kwietnia i potrwa cztery miesi\u0105ce.<\/p>\n<p>Wszelkie informacje oraz zg\u0142oszenia nale\u017cy kierowa\u0107 do Klubu od poniedzia\u0142ku do pi\u0105tku po godz. 13.00 a w sobot\u0119 po godz. 10.00. Zapraszamy ch\u0119tnych Senior\u00f3w 50+ do udzia\u0142u w zaj\u0119ciach.<\/p>\n<p>&nbsp;<\/p>\n<p>Zesp\u00f3\u0142 Szk\u00f3\u0142 nr 2 w Zagna\u0144sku organizuje wraz z parafiami \u015bw. J\u00f3zefa i \u015bw. Rozalii i Marcina doroczn\u0105 pielgrzymk\u0119 do Cz\u0119stochowy w dniu 7 kwietnia.<\/p>\n<p>Wyjazd autokar\u00f3w spod Szko\u0142y o godz. 7.30. Msza \u015bw. w Bazylice Jasnog\u00f3rskiej o godz. 11.30. Powr\u00f3t oko\u0142o 18 \u2013 19 godziny. Szko\u0142a jest G\u0142\u00f3wnym Organizatorem i sprawuje opiek\u0119 pedagogiczn\u0105. Kto z Rodzic\u00f3w b\u0119dzie dysponowa\u0142 czasem i ma pragnienie uczestniczy\u0107 w pielgrzymce to prosimy o kontakt ze Szko\u0142\u0105.<\/p>\n<p>&nbsp;<\/p>\n<p>Pani Krawcowa zaprasza rodzic\u00f3w z dziewczynkami przygotowuj\u0105cymi si\u0119 do\u00a0 I Komunii \u015bw. w \u015brod\u0119 na godz. 20.00 do Domu Parafialnego \u2013 Klubu Wolna Strefa.<\/p>\n<p>&nbsp;<\/p>\n<p>Po raz kolejny Policja apeluje o ostro\u017cno\u015b\u0107 wobec nieznajomych os\u00f3b odwiedzaj\u0105cych nasze domostwa a szczeg\u00f3lnie Senior\u00f3w. Ca\u0142o\u015b\u0107 komunikatu na stronie internetowej parafii i w gablocie og\u0142osze\u0144.<\/p>\n<p><a href=\"http:\/\/www.rozalia.kielce.opoka.org.pl\/wp-content\/uploads\/2017\/03\/Apel-Policji.pdf\">apel-policji<\/a><\/p>\n<p>Niedzielnik do pobrania<\/p>\n<p><a href=\"http:\/\/www.rozalia.kielce.opoka.org.pl\/wp-content\/uploads\/2017\/03\/Niedzielnik-19.03.2017.pdf\">niedzielnik-19-03-2017<\/a><\/p>\n<p>&nbsp;<\/p>\n<p>&nbsp;<\/p>\n ","protected":false},"excerpt":{"rendered":"<p>Og\u0142oszenia duszpasterskie 19.03.2017 &nbsp; \u201eB\u00f3g jest duchem; potrzeba wi\u0119c, by czciciele Jego oddawali Mu cze\u015b\u0107 w Duchu i prawdzie\u201d . Wa\u017cnym jest [&hellip;]<\/p>\n","protected":false},"author":1,"featured_media":0,"comment_status":"closed","ping_status":"open","sticky":false,"template":"","format":"standard","meta":{"_acf_changed":false,"jetpack_post_was_ever_published":false,"_jetpack_newsletter_access":"","_jetpack_dont_email_post_to_subs":false,"_jetpack_newsletter_tier_id":0,"_jetpack_memberships_contains_paywalled_content":false,"_jetpack_memberships_contains_paid_content":false,"footnotes":"","jetpack_publicize_message":"","jetpack_publicize_feature_enabled":true,"jetpack_social_post_already_shared":false,"jetpack_social_options":{"image_generator_settings":{"template":"highway","enabled":false},"version":2}},"categories":[3],"tags":[],"class_list":["post-343","post","type-post","status-publish","format-standard","hentry","category-ogloszenia"],"jetpack_publicize_connections":[],"acf":[],"jetpack_featured_media_url":"","jetpack_sharing_enabled":true,"jetpack_shortlink":"https:\/\/wp.me\/paz7cl-5x","_links":{"self":[{"href":"http:\/\/www.rozalia-zagnansk.pl\/index.php?rest_route=\/wp\/v2\/posts\/343","targetHints":{"allow":["GET"]}}],"collection":[{"href":"http:\/\/www.rozalia-zagnansk.pl\/index.php?rest_route=\/wp\/v2\/posts"}],"about":[{"href":"http:\/\/www.rozalia-zagnansk.pl\/index.php?rest_route=\/wp\/v2\/types\/post"}],"author":[{"embeddable":true,"href":"http:\/\/www.rozalia-zagnansk.pl\/index.php?rest_route=\/wp\/v2\/users\/1"}],"replies":[{"embeddable":true,"href":"http:\/\/www.rozalia-zagnansk.pl\/index.php?rest_route=%2Fwp%2Fv2%2Fcomments&post=343"}],"version-history":[{"count":3,"href":"http:\/\/www.rozalia-zagnansk.pl\/index.php?rest_route=\/wp\/v2\/posts\/343\/revisions"}],"predecessor-version":[{"id":348,"href":"http:\/\/www.rozalia-zagnansk.pl\/index.php?rest_route=\/wp\/v2\/posts\/343\/revisions\/348"}],"wp:attachment":[{"href":"http:\/\/www.rozalia-zagnansk.pl\/index.php?rest_route=%2Fwp%2Fv2%2Fmedia&parent=343"}],"wp:term":[{"taxonomy":"category","embeddable":true,"href":"http:\/\/www.rozalia-zagnansk.pl\/index.php?rest_route=%2Fwp%2Fv2%2Fcategories&post=343"},{"taxonomy":"post_tag","embeddable":true,"href":"http:\/\/www.rozalia-zagnansk.pl\/index.php?rest_route=%2Fwp%2Fv2%2Ftags&post=343"}],"curies":[{"name":"wp","href":"https:\/\/api.w.org\/{rel}","templated":true}]}}