{"id":341,"date":"2017-03-12T05:26:10","date_gmt":"2017-03-12T05:26:10","guid":{"rendered":"http:\/\/www.rozalia.kielce.opoka.org.pl\/?p=341"},"modified":"2017-03-12T05:26:10","modified_gmt":"2017-03-12T05:26:10","slug":"intencje-11","status":"publish","type":"post","link":"http:\/\/www.rozalia-zagnansk.pl\/?p=341","title":{"rendered":"Intencje"},"content":{"rendered":"<p><strong><u>Intencje mszalne 13.03 \u2013 19.03.2017 r.<\/u><\/strong><\/p>\n<p>&nbsp;<\/p>\n<p><strong><u>Poniedzia\u0142ek 13.03<\/u><\/strong>.<\/p>\n<p>&nbsp;<\/p>\n<p>17.00 + Wies\u0142awa Wierzbickiego w 21 rocz. \u015bmierci<\/p>\n<p>17.30 + Jerzego Paryska w 1 rocz. \u015bmierci z intencji \u017cony i c\u00f3rki<\/p>\n<p>&nbsp;<\/p>\n<p><strong><u>Wtorek 14.03.<\/u><\/strong><\/p>\n<p>&nbsp;<\/p>\n<p>17.00<\/p>\n<p>&nbsp;<\/p>\n<p><strong><u>\u015aroda 15.03.<\/u><\/strong><\/p>\n<p>&nbsp;<\/p>\n<p>17.00 + Stanis\u0142awa Jo\u0144czyk od pracownik\u00f3w departamentu organizacyjno administracyjnego Urz\u0119du Marsza\u0142kowskiego w Kielcach<\/p>\n<p>&nbsp;<\/p>\n<p><strong><u>Czwartek 16.03.<\/u><\/strong><\/p>\n<p>&nbsp;<\/p>\n<p>17.00 + Piotra Czarneckiego od kole\u017canek i koleg\u00f3w z Powiatowego Centrum Pomocy Rodzinie z Kielc.<\/p>\n<p>17.30 + Leokadii Machura od m\u0119\u017ca Janusza<\/p>\n<p>&nbsp;<\/p>\n<p><strong><u>Pi\u0105tek 17.03.<\/u><\/strong><\/p>\n<p>&nbsp;<\/p>\n<p>17.00 + Piotra Ch\u0142opek od uczest. pogrzebu w 30 dniu od pogrzebu<\/p>\n<p>17.00 + Jerzego Dobosz w 9 rocz. \u015bmierci<\/p>\n<p>&nbsp;<\/p>\n<p><strong><u>Sobota 18.03.<\/u><\/strong><\/p>\n<p>&nbsp;<\/p>\n<p>8.00 J\u00f3zefy Skwira z intencji rodz. Nizi\u0144skich<\/p>\n<p>8.00 + Heleny Papros od uczest. pogrzebu w 30 dniu od pogrzebu<\/p>\n<p>&nbsp;<\/p>\n<p><strong><u>Niedziela 19.03.<\/u><\/strong><\/p>\n<p><strong><u>\u00a0<\/u><\/strong><\/p>\n<p>8.00 + Eugeniusza D\u0105browskiego w 6 rocz. \u015bmierci<\/p>\n<p>&nbsp;<\/p>\n<p>10.00 + ks. J\u00f3zefa Piwowarczyka z racji Imienin o mi\u0142osierdzie Bo\u017ce, \u0142ask\u0119 nieba\u00a0 z intencji Apostolatu Margaretka<\/p>\n<p>&nbsp;<\/p>\n<p>12.00 + Marianny J\u00f3zefa Czes\u0142awa Sabiny Dziedzic<\/p>\n<p>&nbsp;<\/p>\n<p>16.00 + Genowefy Janiszewskiej, J\u00f3zefy Antoniego Edwarda Kalwat<\/p>\n<p>&nbsp;<\/p>\n ","protected":false},"excerpt":{"rendered":"<p>Intencje mszalne 13.03 \u2013 19.03.2017 r. &nbsp; Poniedzia\u0142ek 13.03. &nbsp; 17.00 + Wies\u0142awa Wierzbickiego w 21 rocz. \u015bmierci 17.30 + Jerzego Paryska [&hellip;]<\/p>\n","protected":false},"author":1,"featured_media":0,"comment_status":"closed","ping_status":"open","sticky":false,"template":"","format":"standard","meta":{"_acf_changed":false,"jetpack_post_was_ever_published":false,"_jetpack_newsletter_access":"","_jetpack_dont_email_post_to_subs":false,"_jetpack_newsletter_tier_id":0,"_jetpack_memberships_contains_paywalled_content":false,"_jetpack_memberships_contains_paid_content":false,"footnotes":"","jetpack_publicize_message":"","jetpack_publicize_feature_enabled":true,"jetpack_social_post_already_shared":false,"jetpack_social_options":{"image_generator_settings":{"template":"highway","enabled":false},"version":2}},"categories":[8],"tags":[],"class_list":["post-341","post","type-post","status-publish","format-standard","hentry","category-intencje"],"jetpack_publicize_connections":[],"acf":[],"jetpack_featured_media_url":"","jetpack_sharing_enabled":true,"jetpack_shortlink":"https:\/\/wp.me\/paz7cl-5v","_links":{"self":[{"href":"http:\/\/www.rozalia-zagnansk.pl\/index.php?rest_route=\/wp\/v2\/posts\/341","targetHints":{"allow":["GET"]}}],"collection":[{"href":"http:\/\/www.rozalia-zagnansk.pl\/index.php?rest_route=\/wp\/v2\/posts"}],"about":[{"href":"http:\/\/www.rozalia-zagnansk.pl\/index.php?rest_route=\/wp\/v2\/types\/post"}],"author":[{"embeddable":true,"href":"http:\/\/www.rozalia-zagnansk.pl\/index.php?rest_route=\/wp\/v2\/users\/1"}],"replies":[{"embeddable":true,"href":"http:\/\/www.rozalia-zagnansk.pl\/index.php?rest_route=%2Fwp%2Fv2%2Fcomments&post=341"}],"version-history":[{"count":1,"href":"http:\/\/www.rozalia-zagnansk.pl\/index.php?rest_route=\/wp\/v2\/posts\/341\/revisions"}],"predecessor-version":[{"id":342,"href":"http:\/\/www.rozalia-zagnansk.pl\/index.php?rest_route=\/wp\/v2\/posts\/341\/revisions\/342"}],"wp:attachment":[{"href":"http:\/\/www.rozalia-zagnansk.pl\/index.php?rest_route=%2Fwp%2Fv2%2Fmedia&parent=341"}],"wp:term":[{"taxonomy":"category","embeddable":true,"href":"http:\/\/www.rozalia-zagnansk.pl\/index.php?rest_route=%2Fwp%2Fv2%2Fcategories&post=341"},{"taxonomy":"post_tag","embeddable":true,"href":"http:\/\/www.rozalia-zagnansk.pl\/index.php?rest_route=%2Fwp%2Fv2%2Ftags&post=341"}],"curies":[{"name":"wp","href":"https:\/\/api.w.org\/{rel}","templated":true}]}}